{"id":19835,"date":"2019-12-20T09:48:46","date_gmt":"2019-12-20T08:48:46","guid":{"rendered":"https:\/\/numerabilis.u-paris.fr\/medica\/blog\/?p=19835"},"modified":"2020-01-09T10:37:56","modified_gmt":"2020-01-09T09:37:56","slug":"vendredi-20-decembre-bius-medecine-10h-18h-bius-pharmacie-10h-18h","status":"publish","type":"post","link":"https:\/\/numerabilis.u-paris.fr\/medica\/blog\/index.php\/vendredi-20-decembre-bius-medecine-10h-18h-bius-pharmacie-10h-18h\/","title":{"rendered":"Jeudi 9 janvier \u2013 BIUS M\u00e9decine 10h-18h \/ BIUS Pharmacie 10h-17h"},"content":{"rendered":"<p><span style=\"color: #0000ff;\"><b><span style=\"color: #000025;\"><span style=\"color: #0000ff;\">JEUDI<\/span> <span style=\"color: #0000ff;\">9 JANVIER<\/span><\/span><\/b><\/span><\/p>\n<p><b><\/b><b><\/b><b><\/b><b><\/b><b><\/b><b><\/b><b><\/b><b><\/b>En raison du <b>mouvement social et des difficult\u00e9s de transports cons\u00e9quents<\/b> :<\/p>\n<p>La <strong>BIU Sant\u00e9 &#8211; M\u00e9decine,<\/strong> est ouverte\u00a0 <strong>de 10h \u00e0 18h<\/strong>\u00a0 :<\/p>\n<ul>\n<li>Les<strong> communications<\/strong> sont assur\u00e9es de 10h \u00e0 18h.<\/li>\n<li>Il n&rsquo;y aura pas d&rsquo;inscription entre 11h et 13h, seuls les lecteurs d\u00e9j\u00e0 inscrits pourront acc\u00e9der \u00e0 la biblioth\u00e8que.<\/li>\n<li>La salle d&rsquo;<strong>Histoire de la m\u00e9decine<\/strong> est ouverte de 13h \u00e0 17h.<\/li>\n<\/ul>\n<p>La <strong>BIU Sant\u00e9 &#8211; Pharmacie,<\/strong> est ouverte <strong>de 10h \u00e0 17h.<\/strong><\/p>\n<ul>\n<li>La salle <strong>Fialon<\/strong> est ouverte de 10h \u00e0 13h.<\/li>\n<li>Les pr\u00eats sont prolong\u00e9s jusqu&rsquo;au lundi 13 janvier.<strong><br \/>\n<\/strong><\/li>\n<\/ul>\n<p><strong><span style=\"color: #0000ff;\">PREVISIONS POUR LES PROCHAINS JOURS<\/span><\/strong><\/p>\n<ul>\n<li><strong>Vendredi 10 janvier<\/strong>, la <strong>BIU Sant\u00e9 &#8211; Pharmacie et la BIU Sant\u00e9 &#8211; M\u00e9decine seront ouvertes de 9h \u00e0 18h.<\/strong><\/li>\n<li><strong>Samedi 11 janvier,<\/strong> les horaires seront r\u00e9duits (informations \u00e0 venir).<\/li>\n<\/ul>\n<p>Nous vous invitons \u00e0 vous renseigner\u00a0 sur notre site internet et r\u00e9seaux sociaux avant de vous d\u00e9placer :<\/p>\n<p><strong>BIU Sant\u00e9 &#8211; Pharmacie<\/strong> : 01.53.73.95.23<\/p>\n<p><strong>BIU Sant\u00e9 &#8211; M\u00e9decine<\/strong> : 01.76.53.19.69<\/p>\n<p>&nbsp;<\/p>\n","protected":false},"excerpt":{"rendered":"<p>JEUDI 9 JANVIER En raison du mouvement social et des difficult\u00e9s de transports cons\u00e9quents : La BIU Sant\u00e9 &#8211; M\u00e9decine, est ouverte\u00a0 de 10h \u00e0 18h\u00a0 : Les communications sont assur\u00e9es de 10h \u00e0 18h. Il n&rsquo;y aura pas d&rsquo;inscription entre 11h et 13h, seuls les lecteurs d\u00e9j\u00e0 inscrits pourront acc\u00e9der \u00e0 la biblioth\u00e8que. La &hellip; <a href=\"https:\/\/numerabilis.u-paris.fr\/medica\/blog\/index.php\/vendredi-20-decembre-bius-medecine-10h-18h-bius-pharmacie-10h-18h\/\" class=\"more-link\">Continuer la lecture<span class=\"screen-reader-text\"> de &laquo;&nbsp;Jeudi 9 janvier \u2013 BIUS M\u00e9decine 10h-18h \/ BIUS Pharmacie 10h-17h&nbsp;&raquo;<\/span><\/a><\/p>\n","protected":false},"author":39,"featured_media":0,"comment_status":"open","ping_status":"open","sticky":false,"template":"","format":"standard","meta":{"_monsterinsights_skip_tracking":false,"_monsterinsights_sitenote_active":false,"_monsterinsights_sitenote_note":"","_monsterinsights_sitenote_category":0,"footnotes":""},"categories":[7,14,15],"tags":[],"class_list":["post-19835","post","type-post","status-publish","format-standard","hentry","category-histoiresante","category-medecine-odontologie","category-pharmacie-biologie-cosmetologie"],"_links":{"self":[{"href":"https:\/\/numerabilis.u-paris.fr\/medica\/blog\/index.php\/wp-json\/wp\/v2\/posts\/19835"}],"collection":[{"href":"https:\/\/numerabilis.u-paris.fr\/medica\/blog\/index.php\/wp-json\/wp\/v2\/posts"}],"about":[{"href":"https:\/\/numerabilis.u-paris.fr\/medica\/blog\/index.php\/wp-json\/wp\/v2\/types\/post"}],"author":[{"embeddable":true,"href":"https:\/\/numerabilis.u-paris.fr\/medica\/blog\/index.php\/wp-json\/wp\/v2\/users\/39"}],"replies":[{"embeddable":true,"href":"https:\/\/numerabilis.u-paris.fr\/medica\/blog\/index.php\/wp-json\/wp\/v2\/comments?post=19835"}],"version-history":[{"count":13,"href":"https:\/\/numerabilis.u-paris.fr\/medica\/blog\/index.php\/wp-json\/wp\/v2\/posts\/19835\/revisions"}],"predecessor-version":[{"id":19858,"href":"https:\/\/numerabilis.u-paris.fr\/medica\/blog\/index.php\/wp-json\/wp\/v2\/posts\/19835\/revisions\/19858"}],"wp:attachment":[{"href":"https:\/\/numerabilis.u-paris.fr\/medica\/blog\/index.php\/wp-json\/wp\/v2\/media?parent=19835"}],"wp:term":[{"taxonomy":"category","embeddable":true,"href":"https:\/\/numerabilis.u-paris.fr\/medica\/blog\/index.php\/wp-json\/wp\/v2\/categories?post=19835"},{"taxonomy":"post_tag","embeddable":true,"href":"https:\/\/numerabilis.u-paris.fr\/medica\/blog\/index.php\/wp-json\/wp\/v2\/tags?post=19835"}],"curies":[{"name":"wp","href":"https:\/\/api.w.org\/{rel}","templated":true}]}}