{"id":20285,"date":"2020-04-27T09:28:34","date_gmt":"2020-04-27T07:28:34","guid":{"rendered":"https:\/\/numerabilis.u-paris.fr\/medica\/blog\/?p=20285"},"modified":"2020-04-27T09:30:45","modified_gmt":"2020-04-27T07:30:45","slug":"bibliothecaires-confines-mais-connectes","status":"publish","type":"post","link":"https:\/\/numerabilis.u-paris.fr\/medica\/blog\/index.php\/bibliothecaires-confines-mais-connectes\/","title":{"rendered":"Biblioth\u00e9caires confin\u00e9s mais connect\u00e9s"},"content":{"rendered":"<p style=\"text-align: left;\">Pendant le confinement, les biblioth\u00e9caires en t\u00e9l\u00e9travail d&rsquo;Universit\u00e9 de Paris restent \u00e0 votre disposition. <strong>A la BIU Sant\u00e9, une \u00e9quipe est mobilis\u00e9e\u00a0 pour vous aider dans les domaines qui sont les siens : m\u00e9decine, pharmacie, odontologie, soins infirmiers, kin\u00e9sith\u00e9rapie, bref toutes les disciplines m\u00e9dicales et param\u00e9dicales\u2026 mais aussi l\u2019histoire de la sant\u00e9, le droit de la\u00a0 sant\u00e9, etc.<\/strong><\/p>\n<p style=\"text-align: left;\"><span style=\"color: #000000;\"><span style=\"color: #333399;\"><strong>Le service de questions \/ r\u00e9ponses de la BIU Sant\u00e9, <em><a style=\"color: #333399;\" href=\"https:\/\/www.biusante.parisdescartes.fr\/aide\/biuminfo\/index.php\">Biumin<\/a><a style=\"color: #333399;\" href=\"https:\/\/www.biusante.parisdescartes.fr\/aide\/biuminfo\/index.php\">fo<\/a><\/em>, est gratuit et ouvert \u00e0 tous<\/strong>,<\/span> praticiens comme particuliers, universitaires ou non, \u00e9tudiants ou non : en somme, tous ceux qui ont besoin de l\u2019aide des biblioth\u00e9caires. Gr\u00e2ce aux catalogues en ligne, aux bases de donn\u00e9es, sp\u00e9cialis\u00e9es, aux moteurs de recherche, nous pouvons prendre en charge vos questions.<\/span><\/p>\n<p style=\"text-align: left;\"><span style=\"color: #0000ff;\"><span style=\"color: #000000;\"><strong>A noter :\u00a0<\/strong> <em><a style=\"color: #000000;\" href=\"https:\/\/www.biusante.parisdescartes.fr\/aide\/biuminfo\/index.php\">Biuminfo<\/a><\/em> est un service assur\u00e9 par des biblioth\u00e9caires, pas des m\u00e9decins. Il ne s&rsquo;agit en aucun cas d&rsquo;une t\u00e9l\u00e9consultation m\u00e9dicale.<\/span><br \/>\n<\/span><\/p>\n<p>Depuis le d\u00e9but du confinement, <a href=\"https:\/\/www.biusante.parisdescartes.fr\/aide\/biuminfo\/index.php\"><em>BiumInfo<\/em><\/a> a r\u00e9pondu \u00e0 plus de 50 questions.<\/p>\n<p style=\"text-align: left;\">Voici quelques exemples de questions, telles que formul\u00e9es par les lecteurs, et auxquelles nous avons r\u00e9pondu r\u00e9cemment :<\/p>\n<ul style=\"text-align: left;\">\n<li>Je r\u00e9alise des recherches sur <strong>Rhodiola rosea<\/strong> dans le cadre de ma th\u00e8se et je ne trouve pas d&rsquo;article qui mentionne la description botanique de la plante. Auriez-vous des ressources \u00e0 me proposer?<\/li>\n<li>Le th\u00e8me de mon m\u00e9moire est l&rsquo;\u00e9valuation du <strong>ressenti du m\u00e9decin<\/strong> qui prend en charge un autre m\u00e9decin dans le cadre de la maladie grave et du soin palliatif.<\/li>\n<li>J&rsquo;aimerais avoir des renseignements sur ce qui est appel\u00e9 \u00ab\u00a0<strong>minimal brain damage<\/strong>\u00a0\u00bb ou dommage minimal c\u00e9r\u00e9bral, en neurologie p\u00e9diatrique. Est-ce qu&rsquo;elle n&rsquo;existait que dans les ann\u00e9es 1970 ?\u00a0 Est-ce qu&rsquo;on n&rsquo;entend plus la m\u00eame chose actuellement \u00e0 ce sujet qu&rsquo;auparavant ? Est-ce que cette notion revient \u00e0 \u00ab\u00a0la mode\u00a0\u00bb ?<\/li>\n<li>J\u2019aurais besoin d\u2019une bibliographie sur le sujet suivant : la cin\u00e9tique et plus pr\u00e9cis\u00e9ment la <strong>cin\u00e9tique du dosage des cha\u00eenes l\u00e9g\u00e8res libres dans le my\u00e9lome multiple.<\/strong><\/li>\n<li>Je vous contacte au sujet d&rsquo;un article que je me pr\u00e9pare \u00e0 \u00e9crire sur un travail que j&rsquo;ai effectu\u00e9. Il s&rsquo;agit de la cr\u00e9ation d&rsquo;un outil d&rsquo;aide \u00e0 la d\u00e9cision m\u00e9dicale partag\u00e9e portant sur les infections urinaires basses simples (cystites simple) et permet de discuter avec les patientes de la prescription ou non d&rsquo;antibiotique. J&rsquo;aurais voulu avoir votre avis sur les revues qui seraient int\u00e9ress\u00e9es par le sujet selon vous. Notre objectif est de <strong>viser des revues internationales en anglais, avec un IF &gt; 1<\/strong><\/li>\n<li>J&rsquo;aimerais savoir si dans les ann\u00e9es <strong>1860, la m\u00e9decine l\u00e9gale<\/strong> \u00e9tait en mesure de d\u00e9terminer \u00e0 partir de son cadavre si une femme avait eu des enfants.<\/li>\n<li>Je fais une recherche sur un <strong>m\u00e9decin neurologue<\/strong> qui a exerc\u00e9 quai Lamenais \u00e0 Rennes en 1958, pouvez-vous me retrouver son nom\u00a0?<\/li>\n<li>Pourriez-vous me pr\u00e9ciser qui s&rsquo;est pr\u00e9sent\u00e9 pour la <strong>chaire d&rsquo;Histoire de la M\u00e9decine en 1911<\/strong> ? Et quels en ont \u00e9t\u00e9 (ou qui a \u00e9t\u00e9) titulaire(s) cette m\u00eame ann\u00e9e 1911 ?<\/li>\n<li>J&rsquo;aimerais savoir ce que l&rsquo;on d\u00e9signait par \u00ab\u00a0<strong>avoir des clous<\/strong>\u00a0\u00bb (au bras, \u00e0 la jambe), au XVIIIeme si\u00e8cle ? Est-ce accompagn\u00e9 de fi\u00e8vre ? A quoi cela correspond-il ?<\/li>\n<li>Je suis \u00e0 la recherche d&rsquo;informations m\u00e9dicales concernant <strong>Maurice VERDUN<\/strong> (1885-1968) notamment sur sa <strong>Th\u00e8se de Doctorat de M\u00e9decine<\/strong>, apr\u00e8s des \u00e9tudes m\u00e9dicales \u00e0 Reims. Il a \u00e9t\u00e9 interne de Paris (1908)\u00a0 et apr\u00e8s ? De m\u00eame, avez-vous des informations concernant son cursus hospitalier ou des r\u00e9f\u00e9rences concernant ses <strong>travaux scientifiques<\/strong> ult\u00e9rieurs et ses publications<\/li>\n<li>Je recherche la <strong>th\u00e8se de Christian Roudil<\/strong> soutenue \u00e0 Rouen sous la pr\u00e9sidence du Pr. Dailly Robert\u00a0 dans les ann\u00e9es fin 1960 d\u00e9but 1970<\/li>\n<\/ul>\n<p style=\"text-align: left;\"><span style=\"color: #000000;\">Mais nous n\u2019avons pas toujours r\u00e9ponse \u00e0 tout, et les questions suivantes sont rest\u00e9es sans r\u00e9ponse :<\/span><\/p>\n<ul style=\"text-align: left;\">\n<li>Can I order a reproduction (art print) of Leonardo da Vinci&rsquo;s \u00ab\u00a0Mona Lisa\u00a0\u00bb?<\/li>\n<li>J&rsquo;ai une clinique et je veux qu&rsquo;on travaille ensemble pour sauver la population.<\/li>\n<\/ul>\n<p style=\"text-align: left;\"><span style=\"color: #333399;\"><strong><a style=\"color: #333399;\" href=\"https:\/\/www.biusante.parisdescartes.fr\/aide\/biuminfo\/index.php\">Contactez-nous<\/a> !<\/strong><\/span><\/p>\n<figure id=\"attachment_20287\" aria-describedby=\"caption-attachment-20287\" style=\"width: 462px\" class=\"wp-caption alignleft\"><img loading=\"lazy\" decoding=\"async\" class=\"wp-image-20287 \" src=\"https:\/\/numerabilis.u-paris.fr\/medica\/blog\/wp-content\/uploads\/0057-_bis.jpg\" alt=\"\" width=\"462\" height=\"150\" srcset=\"https:\/\/numerabilis.u-paris.fr\/medica\/blog\/wp-content\/uploads\/0057-_bis.jpg 977w, https:\/\/numerabilis.u-paris.fr\/medica\/blog\/wp-content\/uploads\/0057-_bis-300x97.jpg 300w, https:\/\/numerabilis.u-paris.fr\/medica\/blog\/wp-content\/uploads\/0057-_bis-768x249.jpg 768w\" sizes=\"(max-width: 462px) 85vw, 462px\" \/><figcaption id=\"caption-attachment-20287\" class=\"wp-caption-text\">L&rsquo;informateur m\u00e9dical, 1923 https:\/\/www.biusante.parisdescartes.fr\/histmed\/image?med100129x1923x0057<\/figcaption><\/figure>\n<p>&nbsp;<\/p>\n<p>&nbsp;<\/p>\n<p style=\"text-align: left;\">\n","protected":false},"excerpt":{"rendered":"<p>Pendant le confinement, les biblioth\u00e9caires en t\u00e9l\u00e9travail d&rsquo;Universit\u00e9 de Paris restent \u00e0 votre disposition. A la BIU Sant\u00e9, une \u00e9quipe est mobilis\u00e9e\u00a0 pour vous aider dans les domaines qui sont les siens : m\u00e9decine, pharmacie, odontologie, soins infirmiers, kin\u00e9sith\u00e9rapie, bref toutes les disciplines m\u00e9dicales et param\u00e9dicales\u2026 mais aussi l\u2019histoire de la sant\u00e9, le droit de &hellip; <a href=\"https:\/\/numerabilis.u-paris.fr\/medica\/blog\/index.php\/bibliothecaires-confines-mais-connectes\/\" class=\"more-link\">Continuer la lecture<span class=\"screen-reader-text\"> de &laquo;&nbsp;Biblioth\u00e9caires confin\u00e9s mais connect\u00e9s&nbsp;&raquo;<\/span><\/a><\/p>\n","protected":false},"author":1,"featured_media":0,"comment_status":"open","ping_status":"open","sticky":false,"template":"","format":"standard","meta":{"_monsterinsights_skip_tracking":false,"_monsterinsights_sitenote_active":false,"_monsterinsights_sitenote_note":"","_monsterinsights_sitenote_category":0,"footnotes":""},"categories":[7,14],"tags":[19,134,33,272],"class_list":["post-20285","post","type-post","status-publish","format-standard","hentry","category-histoiresante","category-medecine-odontologie","tag-base-de-donnees","tag-bibliothecaire","tag-recherche-bibliographique","tag-services-aux-chercheurs"],"_links":{"self":[{"href":"https:\/\/numerabilis.u-paris.fr\/medica\/blog\/index.php\/wp-json\/wp\/v2\/posts\/20285"}],"collection":[{"href":"https:\/\/numerabilis.u-paris.fr\/medica\/blog\/index.php\/wp-json\/wp\/v2\/posts"}],"about":[{"href":"https:\/\/numerabilis.u-paris.fr\/medica\/blog\/index.php\/wp-json\/wp\/v2\/types\/post"}],"author":[{"embeddable":true,"href":"https:\/\/numerabilis.u-paris.fr\/medica\/blog\/index.php\/wp-json\/wp\/v2\/users\/1"}],"replies":[{"embeddable":true,"href":"https:\/\/numerabilis.u-paris.fr\/medica\/blog\/index.php\/wp-json\/wp\/v2\/comments?post=20285"}],"version-history":[{"count":21,"href":"https:\/\/numerabilis.u-paris.fr\/medica\/blog\/index.php\/wp-json\/wp\/v2\/posts\/20285\/revisions"}],"predecessor-version":[{"id":20299,"href":"https:\/\/numerabilis.u-paris.fr\/medica\/blog\/index.php\/wp-json\/wp\/v2\/posts\/20285\/revisions\/20299"}],"wp:attachment":[{"href":"https:\/\/numerabilis.u-paris.fr\/medica\/blog\/index.php\/wp-json\/wp\/v2\/media?parent=20285"}],"wp:term":[{"taxonomy":"category","embeddable":true,"href":"https:\/\/numerabilis.u-paris.fr\/medica\/blog\/index.php\/wp-json\/wp\/v2\/categories?post=20285"},{"taxonomy":"post_tag","embeddable":true,"href":"https:\/\/numerabilis.u-paris.fr\/medica\/blog\/index.php\/wp-json\/wp\/v2\/tags?post=20285"}],"curies":[{"name":"wp","href":"https:\/\/api.w.org\/{rel}","templated":true}]}}