{"id":20879,"date":"2020-11-23T09:20:08","date_gmt":"2020-11-23T08:20:08","guid":{"rendered":"https:\/\/numerabilis.u-paris.fr\/medica\/blog\/?p=20879"},"modified":"2020-11-27T12:09:32","modified_gmt":"2020-11-27T11:09:32","slug":"livre-dor-des-20-ans-de-medica","status":"publish","type":"post","link":"https:\/\/numerabilis.u-paris.fr\/medica\/blog\/index.php\/livre-dor-des-20-ans-de-medica\/","title":{"rendered":"Livre d&rsquo;or des 20 ans de Medica"},"content":{"rendered":"<p style=\"text-align: justify;\"><img loading=\"lazy\" decoding=\"async\" class=\"alignnone wp-image-20955\" src=\"https:\/\/numerabilis.u-paris.fr\/medica\/blog\/wp-content\/uploads\/bandeau350x150Version1def.png\" alt=\"\" width=\"500\" height=\"214\" srcset=\"https:\/\/numerabilis.u-paris.fr\/medica\/blog\/wp-content\/uploads\/bandeau350x150Version1def.png 350w, https:\/\/numerabilis.u-paris.fr\/medica\/blog\/wp-content\/uploads\/bandeau350x150Version1def-300x129.png 300w\" sizes=\"(max-width: 500px) 85vw, 500px\" \/><\/p>\n<p style=\"text-align: justify;\">Dans le cadre des 20 ans de Medica, nous avons demand\u00e9 \u00e0 des institutions partenaires ayant particip\u00e9 \u00e0 l&rsquo;enrichissement de cette biblioth\u00e8que num\u00e9rique et \u00e0 quelques chercheurs et usagers de raconter une anecdote et de souhaiter un joyeux anniversaire \u00e0 Medica.<\/p>\n<p style=\"text-align: justify;\">Ce livre d&rsquo;or est ouvert \u00e0 tous gr\u00e2ce aux commentaires en fin de billet, donc n&rsquo;h\u00e9sitez pas \u00e0 contribuer !<\/p>\n<p style=\"text-align: justify;\"><b>Biblioth\u00e8que Henri Ey<\/b><\/p>\n<p style=\"text-align: justify;\"><span style=\"font-weight: 400;\">\u00ab\u00a0Bon anniversaire Medica !<\/span><\/p>\n<p style=\"text-align: justify;\"><span style=\"font-weight: 400;\">Merci pour tes contenus d\u00e9di\u00e9s \u00e0 la neuropsychiatrie, en particulier nos p\u00e9riodiques pr\u00e9f\u00e9r\u00e9s, les Annales m\u00e9dico-psychologiques, la Revue neurologique et le Congr\u00e8s des ali\u00e9nistes. Bravo \u00e0 ton \u00e9quipe pour l\u2019enrichissement r\u00e9gulier de tes collections et l\u2019am\u00e9lioration continue de tes outils de recherche. Nos lecteurs et nous, on est fans !<\/span><\/p>\n<p style=\"text-align: justify;\"><span style=\"font-weight: 400;\">la Biblioth\u00e8que Henri Ey du GHU Paris psychiatrie &amp; neurosciences\u00a0\u00bb<br \/>\n<\/span><\/p>\n<p style=\"text-align: justify;\"><b>Natalie Pigeard\u00a0<\/b><\/p>\n<p style=\"text-align: justify;\"><span style=\"font-weight: 400;\">\u00ab\u00a020 ans de Medica ! D\u00e9j\u00e0 ! Cela ne nous rajeunit pas \ud83d\ude09\u00a0 \u00c9crire pour medica sur l&rsquo;histoire des femmes m\u00e9decins, aider \u00e0 choisir les documents constituant le dossier, c&rsquo;\u00e9tait sympa de bosser avec les amis du service d&rsquo;histoire de la m\u00e9decine ! Et puis Medica, avec ses possibles recherches dans les revues, les dictionnaires, les catalogues de th\u00e8ses, pouvoir t\u00e9l\u00e9charger un pdf etc., facilite bien mes recherches ! Bon anniversaire Medica !\u00a0\u00bb<\/span><\/p>\n<p style=\"text-align: justify;\"><b>Professeur Fran\u00e7ois Legent\u00a0<\/b><\/p>\n<p style=\"text-align: justify;\"><span style=\"font-weight: 400;\">\u00ab\u00a0J\u2019ai recours \u00e0 Medica depuis une quinzaine d\u2019ann\u00e9es, la premi\u00e8re fois fut \u00e0 l\u2019occasion d\u2019un congr\u00e8s sur la Maladie de Meni\u00e8re. La qu\u00eate de documents concernant la biographie de ce m\u00e9decin me fit d\u00e9couvrir l\u2019importante num\u00e9risation r\u00e9alis\u00e9e par la BIU Sant\u00e9. Cette modernisation facilitait consid\u00e9rablement la recherche permettant notamment, d\u2019apprendre que Meni\u00e8re avait \u00e9t\u00e9 m\u00e9decin de l\u2019Institution des Sourds-Muets, ce qu\u2019ignorait une grande partie du corps m\u00e9dical.<\/span><\/p>\n<p style=\"text-align: justify;\"><span style=\"font-weight: 400;\">Ainsi se pr\u00e9senta l\u2019occasion d\u2019ajouter aux documents d\u00e9j\u00e0 num\u00e9ris\u00e9s par vos soins, des articles et un choix de livres anciens concernant non seulement l\u2019ORL mais aussi la surdimutit\u00e9. Ce regroupement r\u00e9alisait d\u00e8s lors une v\u00e9ritable biblioth\u00e8que num\u00e9rique unique dans ce domaine.\u00a0\u00bb<\/span><\/p>\n<p style=\"text-align: justify;\"><b>Dr Olivier Walusinski\u00a0<\/b><\/p>\n<p style=\"text-align: justify;\"><span style=\"font-weight: 400;\">\u00ab\u00a0Medica est un service irrempla\u00e7able pour travailler chez soi, con\u00e7u voici 20 ans en pr\u00e9vision du confinement pr\u00e9visible. Devenu adulte, sa riche vari\u00e9t\u00e9 et son indexation au mot permettent aussi bien une recherche pr\u00e9cise qu\u2019une recherche extensive. Deux questions. Les ouvrages scann\u00e9s pour un achat avec le syst\u00e8me EOD deviennent-ils, apr\u00e8s ce paiement, accessibles \u00e0 tous via Medica ? Si non, il faudrait y rem\u00e9dier. N\u2019y a-t-il pas un moyen de rem\u00e9dier aux pannes r\u00e9currentes bien trop fr\u00e9quentes ? Si l\u2019acc\u00e8s est impossible le samedi, il faut attendre le lundi que le syst\u00e8me soit \u00e0 nouveau en fonction. Et pendant le confinement, c\u2019est encore plus long. Bravo \u00e0 Medica et souhaits de continuation et de perfectionnement.\u00a0\u00bb<\/span><\/p>\n<p style=\"text-align: justify;\"><b>Annie Bitbol-Hesp\u00e9ri\u00e8s\u00a0<\/b><\/p>\n<p style=\"text-align: justify;\"><span style=\"font-weight: 400;\">\u00ab\u00a0Je suis venue travailler \u00e0 la r\u00e9serve de la Biblioth\u00e8que (alors la BIUM) il y a plus de vingt-cinq ans, pour consulter les deux \u00e9ditions du <\/span><i><span style=\"font-weight: 400;\">Theatrum anatomicum<\/span><\/i><span style=\"font-weight: 400;\"> de Caspar Bauhin. Ce trait\u00e9 illustr\u00e9 du grand professeur d\u2019anatomie \u00e0 B\u00e2le, publi\u00e9 en 1605 \u00e0 Francfort, compl\u00e9t\u00e9 en 1621, suit l\u2019ordre de la dissection dans un <\/span><i><span style=\"font-weight: 400;\">Th\u00e9\u00e2tre anatomique<\/span><\/i><span style=\"font-weight: 400;\">. Il offre, sous un format r\u00e9duit et en les actualisant des gravures issues de la r\u00e9novation de l\u2019iconographie anatomique inaugur\u00e9e par la publication du grand trait\u00e9 d\u2019Andr\u00e9 V\u00e9sale en latin sur la <\/span><i><span style=\"font-weight: 400;\">Fabrique du corps humain<\/span><\/i><span style=\"font-weight: 400;\"> (1543).<\/span><\/p>\n<p style=\"text-align: justify;\"><span style=\"font-weight: 400;\">J\u2019ai ensuite r\u00e9guli\u00e8rement fr\u00e9quent\u00e9 la salle de la r\u00e9serve, o\u00f9 j\u2019ai trouv\u00e9 des conditions de travail optimales pour mes recherches, non seulement en raison de la richesse des collections historiques bien conserv\u00e9es, mais encore gr\u00e2ce \u00e0 la comp\u00e9tence et \u00e0 la disponibilit\u00e9 des conservateurs et biblioth\u00e9caires qui se sont succ\u00e9d\u00e9, sans oublier l\u2019efficacit\u00e9 des magasiniers. Comme la plupart des lecteurs maintenant, j\u2019y viens avec mon ordinateur. Mais il y a plus de vingt-cinq ans, ce n\u2019\u00e9tait pas le cas et je prenais des notes au crayon, sur des feuilles de papier.<\/span><\/p>\n<p style=\"text-align: justify;\"><span style=\"font-weight: 400;\">C\u2019\u00e9tait avant la cr\u00e9ation de la formidable collection Medica (Medic@), qui est vite devenue une r\u00e9f\u00e9rence internationale. La mise en ligne int\u00e9grale d\u2019ouvrages patrimoniaux consultables \u00e0 tout moment fait revivre \u00e0 distance les livres pr\u00e9cieux. C\u2019est une chance pour tous ceux dans le monde qui s\u2019int\u00e9ressent \u00e0 l\u2019histoire de la m\u00e9decine. Outre la conversion en format \u00e9lectronique d\u2019ouvrages imprim\u00e9s souvent reli\u00e9s et ayant appartenu \u00e0 des propri\u00e9taires prestigieux, cette biblioth\u00e8que virtuelle propose des collections regroupant les livres \u00e9lectroniques dans des dossiers th\u00e9matiques.<\/span><\/p>\n<p style=\"text-align: justify;\"><span style=\"font-weight: 400;\">Parmi les ressources offertes par cette biblioth\u00e8que num\u00e9rique, j\u2019appr\u00e9cie particuli\u00e8rement le dossier th\u00e9matique sur la <\/span><i><span style=\"font-weight: 400;\">M\u00e9lancolie<\/span><\/i><span style=\"font-weight: 400;\"> pr\u00e9sent\u00e9 par Jean Starobinski, qui fut un c\u00e9l\u00e8bre professeur de litt\u00e9rature fran\u00e7aise \u00e0 l\u2019universit\u00e9 de Gen\u00e8ve, mais aussi un m\u00e9decin psychiatre charg\u00e9 d\u2019enseignement en histoire de la m\u00e9decine, et un fin musicologue. Je me souviens de la satisfaction de Monsieur Cobolet, qui dirigeait alors la biblioth\u00e8que, lorsqu\u2019il m\u2019a annonc\u00e9 que le prestigieux auteur de la th\u00e8se de m\u00e9decine sur l\u2019<\/span><i><span style=\"font-weight: 400;\">Histoire du traitement de la m\u00e9lancolie<\/span><\/i><span style=\"font-weight: 400;\"> avait accept\u00e9 de proposer une introduction sur ce th\u00e8me. Depuis l\u2019Antiquit\u00e9 grecque, de nombreux traitements visaient \u00e0 gu\u00e9rir cette pathologie complexe mettant en jeu la relation entre l\u2019esprit et le corps, ou entre l\u2019\u00e2me et le corps et pouvant ouvrir vers le g\u00e9nie ou conduire \u00e0 la folie. Il s\u2019agissait notamment de r\u00e9guler la c\u00e9l\u00e8bre <\/span><i><span style=\"font-weight: 400;\">bile noire <\/span><\/i><span style=\"font-weight: 400;\">puisque telle est la signification du mot <\/span><i><span style=\"font-weight: 400;\">m\u00e9lancolie<\/span><\/i><span style=\"font-weight: 400;\">, issu de la langue grecque. La bile noire -imaginaire mais illustre dans la tradition m\u00e9dicale et chez les philosophes- \u00e9tait une des quatre humeurs d\u00e9finissant la <\/span><i><span style=\"font-weight: 400;\">Nature de l\u2019homme<\/span><\/i><span style=\"font-weight: 400;\"> dans la <\/span><i><span style=\"font-weight: 400;\">Collection hippocratique<\/span><\/i><span style=\"font-weight: 400;\">, avec le sang, le phlegme ou pituite, et la bile jaune. Pour chasser l\u2019exc\u00e8s de bile noire, les prescriptions citaient le <\/span><i><span style=\"font-weight: 400;\">n\u00e9penth\u00e8s,<\/span><\/i><span style=\"font-weight: 400;\"> breuvage \u00e0 base de plantes \u00e0 la composition variable, cens\u00e9 dissiper la tristesse et apporter l\u2019oubli, mais aussi la musique, ainsi que les voyages pour chasser le <\/span><i><span style=\"font-weight: 400;\">spleen <\/span><\/i><span style=\"font-weight: 400;\">des aristocrates anglais, puis des patients hupp\u00e9s, sans oublier la prise d\u2019hell\u00e9bore, plante aux propri\u00e9t\u00e9s purgatives r\u00e9put\u00e9e pour soigner la folie. Comment gu\u00e9rir la m\u00e9lancolie et ses degr\u00e9s : l\u2019hypocondrie, la d\u00e9pression, la folie ? O\u00f9 situer l\u2019origine de cette pathologie pour prescrire des th\u00e9rapeutiques adapt\u00e9es ? Ne s\u2019agit-il pas d\u2019une affection essentiellement psychique qui appelle des rem\u00e8des psychologiques et la cr\u00e9ation d\u2019une nouvelle cat\u00e9gorie de th\u00e9rapeutes : les psychiatres ? Ce qui est int\u00e9ressant dans la pr\u00e9sentation de Jean Starobinski, c\u2019est l\u2019hommage qu\u2019il rend au livre <\/span><i><span style=\"font-weight: 400;\">Saturne et la m\u00e9lancolie<\/span><\/i><span style=\"font-weight: 400;\"> par Raymond Klibansky, Erwin Panofsky et Fritz Saxl, ouvrant ainsi la m\u00e9decine humorale traditionnelle sur la peinture (D\u00fcrer et sa gravure <\/span><i><span style=\"font-weight: 400;\">Melencolia <\/span><\/i><span style=\"font-weight: 400;\">I) et rappelant le lien que la m\u00e9decine a longtemps entretenu avec l\u2019astrologie.<\/span><\/p>\n<p style=\"text-align: justify;\"><span style=\"font-weight: 400;\">Parmi les documents \u00e9lectroniques mis \u00e0 disposition des lecteurs internautes par Medica figurent aussi les gravures, illustrations et portraits pr\u00e9sent\u00e9s dans la banque d\u2019images qui s\u2019enrichit r\u00e9guli\u00e8rement.<\/span><\/p>\n<p style=\"text-align: justify;\"><span style=\"font-weight: 400;\">La consultation de livres \u00e9lectroniques est particuli\u00e8rement appr\u00e9ciable en temps de confinement, et devient une ressource indispensable lorsque l\u2019\u00e9ducation \u00e0 distance se r\u00e9pand dans l\u2019enseignement sup\u00e9rieur en raison de la pand\u00e9mie. J\u2019offre mes meilleurs souhaits de bon anniversaire \u00e0 Medica pour ses vingt ans dans un contexte sanitaire particulier. Je lui souhaite longue vie.<\/span><\/p>\n<p style=\"text-align: justify;\"><span style=\"font-weight: 400;\">Mais j\u2019attends avec impatience la fin du deuxi\u00e8me confinement pour retourner dans la salle de la r\u00e9serve de la BIUS, y \u00eatre entour\u00e9e par de vrais livres reli\u00e9s pos\u00e9s sur d\u2019\u00e9l\u00e9gants rayonnages, au-dessous des portraits de m\u00e9decins c\u00e9l\u00e8bres, et avoir le bonheur de discuter avec les biblioth\u00e9caires : n\u2019est-ce pas cela aussi la vie d\u2019une biblioth\u00e8que ?\u00a0\u00bb<\/span><\/p>\n<p style=\"text-align: justify;\"><span style=\"font-weight: 400;\">\u00a0<\/span><\/p>\n<p style=\"text-align: justify;\"><b>Bruno Bonnemain, Acad\u00e9mie nationale de Pharmacie, Soci\u00e9t\u00e9 d\u2019histoire de la pharmacie\u00a0\u00a0<\/b><\/p>\n<p style=\"text-align: justify;\"><span style=\"font-weight: 400;\">\u00ab\u00a0Medica est un outil formidable pour les historiens de la m\u00e9decine et de la pharmacie. Il permet de rendre accessible en ligne de nombreux documents originaux, et des p\u00e9riodiques qui ont \u00e9t\u00e9 tr\u00e8s importants, comme le bulletin des sciences pharmacologiques ou le dictionnaire Vidal. On peut esp\u00e9rer que ce catalogue d\u00e9j\u00e0 tr\u00e8s important s&rsquo;enrichisse encore dans les prochaines ann\u00e9es et compl\u00e8te les efforts de num\u00e9risation de la BNF. Tr\u00e8s bon anniversaire \u00e0 Medica !!\u00a0\u00bb<\/span><\/p>\n<p style=\"text-align: justify;\"><b>Fr\u00e9d\u00e9ric Bont\u00e9, LVMH Recherche\u00a0\u00a0<\/b><\/p>\n<p style=\"text-align: justify;\"><span style=\"font-weight: 400;\">\u00ab\u00a0Medica , vingt ans d\u00e9j\u00e0 !, une richesse exceptionnelle et tr\u00e8s vaste base de donn\u00e9es pour tout chercheur en histoire de la pharmacie et en cosm\u00e9tologie. Comprendre l\u2019\u00e9volution des sciences c\u2019est aussi red\u00e9couvrir des sources d\u2019inspirations, des d\u00e9marches,\u00a0 des raisonnements et\u00a0 les int\u00e9grer dans la r\u00e9flexion qui permet de construire les innovations de demain.\u00a0 Explorer\u00a0 M\u00e9dica, c\u2019 est aussi nous ouvrir \u00e0 des\u00a0 mondes scientifiques, nouer des contacts improbables avec des sp\u00e9cialistes et \u00e9largir notre r\u00e9seau\u00a0 de connaissances.\u00a0 N\u2019oublions pas, chacun, de participer \u00e0 son enrichissement.\u00a0 Un grand Merci \u00e0 toutes les \u00e9quipes qui la font vivre.\u00a0\u00bb<\/span><\/p>\n<p style=\"text-align: justify;\"><b>Jacqueline Vons\u00a0<\/b><\/p>\n<p style=\"text-align: justify;\"><span style=\"font-weight: 400;\">\u00ab\u00a0J\u2019ai l\u2019impression que c\u2019\u00e9tait hier\u2026 J\u2019ai d\u00e9couvert Medic@ \u00e0 la mani\u00e8re d\u2019un chat, prudemment d\u2019abord, en jouant avec la souris, et puis tr\u00e8s vite elle est devenue un outil indispensable. Tr\u00e8s vite aussi, j\u2019ai go\u00fbt\u00e9 la sensation de libert\u00e9 qu\u2019autorisent les vagabondages nocturnes d\u2019un auteur \u00e0 l\u2019autre, d\u2019une \u00e9poque \u00e0 l\u2019autre. Mais on s\u2019habitue facilement \u00e0 vivre au milieu de milliers de livres, alors, pour nous surprendre toujours, Medic@ a propos\u00e9 de nouveaux itin\u00e9raires \u00e0 travers des expositions, des images, des journ\u00e9es d\u2019\u00e9tudes, bref autant de r\u00e9alisations qui r\u00e9alisent la gageure de rendre presque concret ce qui est virtuel. Tout cela gr\u00e2ce au dynamisme, \u00e0 l\u2019enthousiasme et au professionnalisme de toute une \u00e9quipe au service de l\u2019histoire de la m\u00e9decine, du patrimoine et de sa valorisation. Qu\u2019ils soient tous et toutes remerci\u00e9s ici.\u00a0\u00a0<\/span><\/p>\n<p style=\"text-align: justify;\"><span style=\"font-weight: 400;\">Et puis un jour, l&rsquo;aventure commen\u00e7a pour moi aussi avec la premi\u00e8re traduction en fran\u00e7ais de la <em>Fabrique<\/em> de V\u00e9sale bient\u00f4t rejoint par Eustache et Patin : une belle r\u00e9compense, une belle le\u00e7on de modestie parmi tous ces grands.\u00a0\u00a0<\/span><\/p>\n<p style=\"text-align: justify;\">Alors oui, souhaitons bon anniversaire \u00e0 Medic@. Rendez-vous dans cinq ans, pour le quart de si\u00e8cle avec, n\u2019en doutons pas, d\u2019autres belles innovations\u2026\u00a0\u00bb<\/p>\n<p style=\"text-align: justify;\"><b>Le Fonds de dotation pour la gestion et la valorisation du patrimoine pharmaceutique\u00a0<\/b><\/p>\n<p>\u00ab\u00a0Medica f\u00eate cette ann\u00e9e ses 20 ans et nous sommes heureux de participer \u00e0 cette c\u00e9l\u00e9bration. Gr\u00e2ce au professionnalisme et au dynamisme des \u00e9quipes qui l&rsquo;animent depuis sa cr\u00e9ation, Medica offre \u00e0 tous, sp\u00e9cialistes comme grand public, un espace de connaissance, de r\u00e9flexion et de partage autour de l&rsquo;histoire de la sant\u00e9. Son r\u00f4le dans la pr\u00e9servation et la transmission du patrimoine \u00e9crit de la sant\u00e9 est majeur et nous nous r\u00e9jouissons du travail accompli ensemble depuis plusieurs ann\u00e9es pour la valorisation de nos fonds d&rsquo;histoire de la pharmacie. Bon anniversaire !\u00a0\u00bb<\/p>\n<p style=\"text-align: justify;\"><strong>H\u00e9l\u00e8ne Cazes, University of Victoria, Canada\u00a0<\/strong><\/p>\n<p style=\"text-align: justify;\"><span style=\"font-weight: 400;\">\u00ab\u00a0Et s\u2019il n\u2019y avait pas eu Medica ? Je crois que, sans la biblioth\u00e8que virtuelle, son organisation par corpus, auteurs, domaines, mots-cl\u00e9s, sans l\u2019accueil fait aux chercheurs par une \u00e9quipe incroyablement savante et g\u00e9n\u00e9reuse, sans les pages-portails, sans les liens vers les biblioth\u00e8ques virtuelles, le monde serait plus petit et plus plat. Il ne tournerait pas rond mais tournerait en rond, en ressassant la m\u00eame histoire du progr\u00e8s m\u00e9dical et des grands textes. En tout cas, mon petit monde : je vis sur une \u00eele \u00e0 l\u2019extr\u00eame occident du Canada, en un lieu enchanteur d\u00e9pourvu de fonds anciens. La rencontre avec Medica, qui s\u2019\u00e9crivait alors Medic@, m\u2019a donn\u00e9 bien plus qu\u2019un acc\u00e8s, par \u00e9cran, aux livres que je ne peux pas consulter sans traverser un continent et un oc\u00e9an : elle m\u2019a donn\u00e9 un horizon, un paysage avec des lignes de recherche, des outils, des images haute d\u00e9finition et\u2026 une dimension de recherche, la s\u00e9ance en biblioth\u00e8que \u00e0 distance. Apr\u00e8s, aller sur Medical Heritage Library, Wellcome Library ou ailleurs me semblait \u00e9vident \u2014j\u2019avais appris et m\u2019y retrouvais m\u00eame s\u2019il m\u2019y manque, toujours aujourd\u2019hui, la page d\u2019accueil sobre, pr\u00e9cise, hi\u00e9rarchis\u00e9e de Medica. Partenaire essentiel de mes deux derniers projets (<\/span><i><span style=\"font-weight: 400;\">Enfin V\u00e9sale vint\u2026 <\/span><\/i><span style=\"font-weight: 400;\">sur l\u2019historiographie m\u00e9dicale et l\u2019h\u00e9ro\u00efsation de ses personnages, et <\/span><i><span style=\"font-weight: 400;\">Perfecta, La perfection du corps f\u00e9minin 16-18<\/span><\/i><span style=\"font-weight: 400;\">, sur les genres de l\u2019anatomie aux temps de la querelle des femmes), Medica est un espace o\u00f9 chercher et d\u00e9ployer une histoire de la m\u00e9decine hors des sentiers de la lin\u00e9arit\u00e9. En fait, c\u2019est ma R\u00e9publique de la recherche. Immenses mercis \u00e0 ses artisans, pour leur vision, leur rigueur et leur travail ! <\/span><\/p>\n<p style=\"text-align: justify;\"><span style=\"font-weight: 400;\">H\u00e9l\u00e8ne Cazes, University of Victoria, Canada\u00a0\u00bb<br \/>\n<\/span><\/p>\n<p style=\"text-align: justify;\"><b>V\u00e9ronique Boudon-Millot, Directrice de recherche au CNRS, UMR 8167 Orient et M\u00e9diterran\u00e9e, Sorbonne Universit\u00e9\u00a0<\/b><\/p>\n<p style=\"text-align: justify;\"><span style=\"font-weight: 400;\">\u00ab\u00a0Les anniversaires sont l&rsquo;occasion de se rem\u00e9morer les naissances. C&rsquo;est avec fiert\u00e9 et \u00e9motion que je me souviens de celle de Medica \u00e0 laquelle j&rsquo;ai, d\u00e8s le d\u00e9but, \u00e9t\u00e9 associ\u00e9e par Guy Cobolet, et qui nous a valu quelques ann\u00e9es plus tard (en 2008) de recevoir le prix Plottel de l&rsquo;Acad\u00e9mie des Inscriptions et Belles-Lettres et d&rsquo;organiser ensemble plusieurs colloques, tous publi\u00e9s, qui mettent en lumi\u00e8re les richesses de ses collections : <em>Lire les m\u00e9decins grecs \u00e0 la Renaissance<\/em>, De Boccard, 2004 ; <em>Ren\u00e9 Chartier (1572-1654) \u00e9diteur et traducteur d&rsquo;Hippocrate et Galien<\/em>, De Boccard, 2012 ; <em>Hippocrate et les hippocratismes : m\u00e9decine, religion, soci\u00e9t\u00e9<\/em>, Paris, AIBL, 2014. Car il n&rsquo;est sans doute pas excessif de dire que Medica, gr\u00e2ce \u00e0 la mise en ligne d&rsquo;\u00e9ditions parfois inaccessibles, a r\u00e9volutionn\u00e9 les m\u00e9thodes de tous ceux qui travaillent sur les textes m\u00e9dicaux. Et depuis le d\u00e9but, que de chemin parcouru ! Alors, longue vie \u00e0 Medica d\u00e9sormais pr\u00e9sente jusque sur les plateformes am\u00e9ricaines et tous nos remerciements aux biblioth\u00e9caires dont l&rsquo;assidu et patient travail contribue chaque jour \u00e0 cette r\u00e9ussite.\u00a0\u00bb<br \/>\n<\/span><\/p>\n<p style=\"text-align: justify;\"><b>Dr J-M Mouthon\u00a0<\/b><\/p>\n<p style=\"text-align: justify;\"><span style=\"font-weight: 400;\">\u00ab\u00a0Merci \u00e0 toutes celles et ceux qui s\u00e9lectionnent, mettent en ligne, corrigent et tiennent \u00e0 jour les textes de Medica dans le vaste site de la BIU Sant\u00e9, indispensable outil pour les chercheurs et passionn\u00e9s en Histoire de la m\u00e9decine. Cette consultation accessible \u00e0 tous permet aussi de temps \u00e0 autre des d\u00e9couvertes fortuites, ignor\u00e9es jusque l\u00e0. Que ses concepteurs pers\u00e9v\u00e8rent, surtout en ces temps de restrictions sanitaires avec les \u00e9pid\u00e9mies impr\u00e9visibles et d\u00e9vastatrices, pr\u00e9sentes et peut-\u00eatre futures, qui limitent, voire m\u00eame emp\u00eachent la consultation sur place des documents. Bonne continuation.<\/span><\/p>\n<p style=\"text-align: justify;\"><span style=\"font-weight: 400;\">J-M Mouthon\u00a0\u00bb<br \/>\n<\/span><\/p>\n<p style=\"text-align: justify;\"><strong>Claire Crignon\u00a0<\/strong><\/p>\n<p style=\"text-align: justify;\"><span style=\"font-weight: 400;\">\u00ab\u00a0Souvenirs de deux grands projets r\u00e9alis\u00e9s gr\u00e2ce aux conservateurs de la BIU sant\u00e9, toujours d\u00e9vou\u00e9s, passionn\u00e9s par leur travail, dans cet espace hors du temps de la r\u00e9serve o\u00f9 le petit clic-clac de l\u2019horloge \u00e9gr\u00e8ne doucement ses notes, permettant au chercheur ou \u00e0 la chercheuse de remonter le cours du temps en plongeant dans les archives de la soci\u00e9t\u00e9 anatomique de Paris o\u00f9 dans un trait\u00e9 d\u2019anatomie du 17e si\u00e8cle. M\u00e9decine et anthropologie au 17e si\u00e8cle, histoire de la constitution de la collection Dupuytren, d\u00e9bats sur l\u2019hom\u00e9opathie au 19e si\u00e8cle, quelques exemples de d\u00e9couvertes et de plaisirs de lecture ! Merci \u00e0 vous. <\/span><\/p>\n<p style=\"text-align: justify;\"><span style=\"font-weight: 400;\">Claire Crignon, MCF Sorbonne Universit\u00e9\u00a0\u00bb.<\/span><\/p>\n<p style=\"text-align: justify;\"><strong>Rafael Mandressi, Directeur de recherche, Centre Alexandre Koyr\u00e9<\/strong><\/p>\n<p style=\"text-align: justify;\"><span style=\"font-weight: 400;\">\u00a0\u00ab\u00a0Je prends peu de risques en affirmant que la section historique du site web de la BIU Sant\u00e9 est aujourd\u2019hui l\u2019ensemble le plus riche et le mieux organis\u00e9 de ressources en ligne pour et sur l\u2019histoire de la m\u00e9decine. La biblioth\u00e8que num\u00e9rique Medica en est le socle. Je l\u2019ai connue en 2004, et n\u2019ai cess\u00e9 depuis de m\u2019en servir comme outil de recherche. Indispensable, sobrement solide dans sa croissance continue, Medica est aussi pr\u00e9cieuse que le formidable patrimoine \u00e9crit qu\u2019elle met \u00e0 la disposition du public, dont la communaut\u00e9 des chercheurs. Au moment de c\u00e9l\u00e9brer ses premi\u00e8res deux d\u00e9cennies d\u2019existence, il faut surtout saluer chaleureusement l\u2019effort, la g\u00e9n\u00e9rosit\u00e9 et l\u2019intelligence de celles et ceux qui l\u2019ont faite et la font chaque jour. Nous sommes nombreux \u00e0 leur \u00eatre grandement redevables.\u00a0\u00bb<br \/>\n<\/span><\/p>\n<p style=\"text-align: justify;\"><b>Xavier Cailleau, <\/b><b>Charg\u00e9 de mission partenariats et GLAM, <\/b><b>Wikim\u00e9dia France\u00a0<\/b><\/p>\n<p style=\"text-align: justify;\"><span style=\"font-weight: 400;\">\u00ab\u00a0<\/span><span style=\"font-weight: 400;\">Toute l\u2019\u00e9quipe de Wikim\u00e9dia France se joint \u00e0 moi pour souhaiter un tr\u00e8s bel anniversaire \u00e0 la biblioth\u00e8que num\u00e9rique M\u00e9dica ! Le moment \u00e9tait bien choisi pour relancer le partenariat, de surcro\u00eet \u00e0 quelques mois des 20 ans de Wikip\u00e9dia. Nous avons la chance et le plaisir de collaborer avec la Biblioth\u00e8que Interuniversitaire de Sant\u00e9 depuis 2016. C\u2019est une histoire de portraits, vers\u00e9s sur la m\u00e9diath\u00e8que libre Wikimedia Commons, qui nous a permis de rencontrer des agents investis et passionn\u00e9s, pr\u00eats \u00e0 plonger au c\u0153ur des nouveaux usages du num\u00e9rique collaboratif. Nous esp\u00e9rons poursuivre ce partenariat encore longtemps pour la valorisation de leurs pr\u00e9cieux fonds et continuer \u00e0 c\u00e9l\u00e9brer le libre partage des savoirs.\u00a0\u00bb<br \/>\n<\/span><\/p>\n<p style=\"text-align: justify;\"><b>Fran\u00e7ois L\u00e9ger (Directeur-adjoint de la biblioth\u00e8que de l\u2019Acad\u00e9mie nationale de m\u00e9decine\u00a0<\/b><\/p>\n<p style=\"text-align: justify;\"><span style=\"font-weight: 400;\">\u00ab\u00a0Un beau jour, de retour d\u2019une consultation sur Medic@ des Annales des maladies de l\u2019oreille et du larynx (otoscopie, laryngoscopie, rhinoscopie), mon regard amus\u00e9 se posa sur un autre ouvrage de la biblioth\u00e8que, que j\u2019ouvris au hasard :<\/span><\/p>\n<p style=\"text-align: justify;\"><span style=\"font-weight: 400;\">\u00ab Oui, Messieurs, loin de vous, au fort de mes travaux,\u00a0<\/span><\/p>\n<p style=\"text-align: justify;\"><span style=\"font-weight: 400;\">J\u2019ai lu que l\u2019on formoit votre Corps de H\u00e9ros ;<\/span><\/p>\n<p style=\"text-align: justify;\"><span style=\"font-weight: 400;\">Qu\u2019il renfermoit d\u00e9ja l\u2019\u00e9lite des Chymistes,<\/span><\/p>\n<p style=\"text-align: justify;\"><span style=\"font-weight: 400;\">Et des Chirurgiens, &amp; des Anatomistes,\u00a0<\/span><\/p>\n<p style=\"text-align: justify;\"><span style=\"font-weight: 400;\">Et des grands M\u00e9decins ; que la Soci\u00e9t\u00e9\u00a0<\/span><\/p>\n<p style=\"text-align: justify;\"><span style=\"font-weight: 400;\">En m\u00e9rite absorboit l\u2019antique Facult\u00e9 ;\u00a0<\/span><\/p>\n<p style=\"text-align: justify;\"><span style=\"font-weight: 400;\">Et que de six cents ans d\u2019honorable m\u00e9moire,\u00a0<\/span><\/p>\n<p style=\"text-align: justify;\"><span style=\"font-weight: 400;\">Elle prenoit le poids, &amp; couronnoit la gloire. \u00bb<\/span><\/p>\n<p style=\"text-align: justify;\"><span style=\"font-weight: 400;\"><em>Le Preux, Paul-Gabriel, Lassone, ou la S\u00e9ance de la Soci\u00e9t\u00e9 royale de m\u00e9decine, com\u00e9die en 3 actes et en vers<\/em>, [Paris], 1779, p. 23, disponible sur Medic@.<\/span><\/p>\n<p style=\"text-align: justify;\"><span style=\"font-weight: 400;\">Un p\u00e9riodique fondateur, une com\u00e9die l\u00e9g\u00e8re et oubli\u00e9e : voil\u00e0 toute la richesse de Medic@. La rivalit\u00e9 entre la Soci\u00e9t\u00e9 royale de m\u00e9decine et la Facult\u00e9 n\u2019est plus qu\u2019un objet d\u2019histoire, et nous, biblioth\u00e9caires, nous r\u00e9jouissons de l\u2019\u00e9panouissement d\u2019une biblioth\u00e8que num\u00e9rique qui est depuis 20 ans un de nos plus solides outils de travail. Nous sommes bien s\u00fbr fiers d\u2019avoir pu tr\u00e8s modestement contribuer, avec quelques-uns de nos volumes et manuscrits, \u00e0 la richesse de la collection. Les projets en cours sont la plus s\u00fbre promesse de la vie longue et prosp\u00e8re que nous souhaitons pour Medic@.\u00a0\u00bb<\/span><\/p>\n<p style=\"text-align: justify;\"><b>Micheline Ruel-Kellermann, Histoire de l\u2019art dentaire<\/b><\/p>\n<p style=\"text-align: justify;\"><span style=\"font-weight: 400;\">\u00ab\u00a0Vingt ans d\u00e9j\u00e0, pour moi c\u2019est presque hier. Et chaque ann\u00e9e, chaque mois, chaque semaine sont mis en ligne des documents, des livres, des revues, une immense chance actuelle que chacun devrait mesurer. Pouvoir, la plupart du temps, travailler \u00e0 son bureau, d\u00e9couvrir des \u0153uvres dont nous ne soup\u00e7onnions parfois m\u00eame pas l\u2019existence est un bonheur formidable. Ah, si j\u2019avais eu Medica, moi qui suis loin dans le si\u00e8cle dernier lorsque, en activit\u00e9, j\u2019\u00e9laborais mes th\u00e8ses\u00a0 et o\u00f9 je courrais les librairies pour trouver le livre ou les revues anciennes qui pourraient m\u2019aider, et quelques fois pour un seul chapitre ! Et o\u00f9 je sacrifiais mes vacances pour mener \u00e0 bien mes recherches en biblioth\u00e8que ! Tr\u00e8s bel anniversaire Medica et un immense merci \u00e0 tous ceux qui y travaillent et qui facilitent consid\u00e9rablement la vie de tous les chercheurs\u00a0\u00bb<\/span><\/p>\n<p style=\"text-align: justify;\"><b>Archives de l\u2019AP-HP &#8211; message de Marie Barth\u00e9lemy\u00a0<\/b><\/p>\n<p style=\"text-align: justify;\"><span style=\"font-weight: 400;\">\u00ab\u00a0Le partenariat des Archives de l\u2019Assistance publique-H\u00f4pitaux de Paris avec le service Histoire de la sant\u00e9 de la BIU Sant\u00e9 a permis la mise en ligne de 194 photographies dermatologiques de la collection F\u00e9lix M\u00e9heux. Ces photographies provenant des archives du Mus\u00e9e des moulages de l\u2019h\u00f4pital Saint-Louis compl\u00e8tent utilement l\u2019ensemble documentaire du mus\u00e9e d\u00e9j\u00e0 disponible sur le site de la Biu Sant\u00e9.<\/span><\/p>\n<p style=\"text-align: justify;\"><span style=\"font-weight: 400;\">Constitu\u00e9es dans un but p\u00e9dagogique, les photographies aquarell\u00e9es de la collection M\u00e9heux sont aussi le t\u00e9moignage des qualit\u00e9s techniques et artistiques du photographe et offrent un rendu tr\u00e8s r\u00e9aliste des maladies repr\u00e9sent\u00e9es. Leur acc\u00e8s en ligne permet de pr\u00e9server les documents originaux tout en les diffusant aupr\u00e8s d\u2019un plus grand nombre de chercheurs. Merci la Biu Sant\u00e9 et longue vie \u00e0 Medica !\u00a0\u00bb<br \/>\n<\/span><\/p>\n<p style=\"text-align: justify;\"><b>Mus\u00e9e de l\u2019AP-HP &#8211; message de Agn\u00e8s Virole\u00a0<\/b><\/p>\n<p style=\"text-align: justify;\"><span style=\"font-weight: 400;\">\u00ab\u00a0Le mus\u00e9e de l&rsquo;Assistance publique &#8211; H\u00f4pitaux de Paris est fier de pouvoir, gr\u00e2ce \u00e0 l&rsquo;Association du Mus\u00e9e virtuel de l\u2019art dentaire, montrer depuis 2013 ses collections dentaires issues de la donation du mus\u00e9e Pierre Fauchard. Ces pi\u00e8ces, pour certaines uniques au monde, sont mises en valeur par le remarquable travail du MVAD et de la BIU Sant\u00e9. Un grand merci \u00e0 l&rsquo;Association et \u00e0 M\u00e9dica!\u00a0\u00bb<br \/>\n<\/span><\/p>\n<p style=\"text-align: justify;\"><b>\u00c9cole nationale des chartes\u00a0<\/b><\/p>\n<p>\u00ab\u00a0L\u2019\u00c9cole nationale des chartes adresse ses meilleurs v\u0153ux d\u2019anniversaire \u00e0 Medica, r\u00e9servoir inestimable de tr\u00e9sors susceptibles d\u2019inspirer bien des sujets de recherche ! Merci \u00e0 toute l\u2019\u00e9quipe du Service d\u2019histoire de la sant\u00e9, emmen\u00e9e par Jean-Fran\u00e7ois Vincent, pour les nombreuses ressources qu\u2019elle propose en ligne et pour son accueil toujours enthousiaste des jeunes promotions de chartistes. La promenade dans les magasins, la visite de la salle de lecture, la pr\u00e9sentation de la Fabrica de V\u00e9sale et de ses nombreuses adaptations\u2026 Voil\u00e0, \u00e0 n\u2019en pas douter, un pr\u00e9cieux compl\u00e9ment des cours et autant de moments marquants pour les \u00e9l\u00e8ves et \u00e9tudiants. \u00c0 bient\u00f4t &#8211; nous l\u2019esp\u00e9rons \u2013 pour de nouvelles rencontres et de nouvelles d\u00e9couvertes imprim\u00e9es !\u00a0\u00bb<\/p>\n<p style=\"text-align: justify;\"><b>Fran\u00e7ois Zanetti, Ma\u00eetre de conf\u00e9rences, Universit\u00e9 de Paris\u00a0<\/b><\/p>\n<p style=\"text-align: justify;\"><span style=\"font-weight: 400;\">\u00ab\u00a0Medica existait d\u00e9j\u00e0 quand j&rsquo;ai fait mes premiers pas en histoire de la m\u00e9decine. Que de moments partag\u00e9s et de services rendus depuis ! J&rsquo;ai une reconnaissance particuli\u00e8re pour les p\u00e9riodiques m\u00e9dicaux de la fin du XVIIIe si\u00e8cle : Journal de m\u00e9decine (sous ses diverses d\u00e9nominations), Gazette de sant\u00e9 et bien s\u00fbr Histoire et m\u00e9moires de la Soci\u00e9t\u00e9 royale de m\u00e9decine qui ont grandement facilit\u00e9 mes premi\u00e8res recherches. Et cette pr\u00e9cieuse collection de dictionnaires !&#8230; Tout cela interrogeable et t\u00e9l\u00e9chargeable librement et sans inscription, gr\u00e2ce \u00e0 une interface extr\u00eamement stable et robuste.<\/span><\/p>\n<p style=\"text-align: justify;\"><span style=\"font-weight: 400;\">MERCI \u00e0 celles et ceux qui ont permis \u00e0 Medica de na\u00eetre, de cro\u00eetre et de se transformer !\u00a0<\/span><\/p>\n<p style=\"text-align: justify;\"><span style=\"font-weight: 400;\">BON ANNIVERSAIRE Medica !\u00a0\u00bb<\/span><\/p>\n<p style=\"text-align: justify;\"><strong>Enssib <\/strong><\/p>\n<p style=\"text-align: justify;\">\u00ab\u00a0En quelques ann\u00e9es Medic@ est devenue une r\u00e9f\u00e9rence dans les domaines de l&rsquo;histoire de la m\u00e9decine, de l&rsquo;odontologie et de la pharmacie ; une r\u00e9ussite qui illustre parfaitement l&rsquo;importance aujourd&rsquo;hui centrale de la valorisation des ressources et des services qui l&rsquo;accompagnent. De fait, la ma\u00eetrise de ces comp\u00e9tences num\u00e9riques d&rsquo;une part, de m\u00e9diation d&rsquo;autre part, est devenue incontournable pour les professionnels des biblioth\u00e8ques. Il s&rsquo;agit ici de rendre accessible au plus grand nombre des documents historiques aux contenus foisonnant, riches et vari\u00e9s, l\u00e0 de prot\u00e9ger, rendre visible et mettre en avant des savoirs tomb\u00e9s dans le domaine public. Par ses formations et les fructueuses collaborations entretenues avec les \u00e9quipes de la BIU Sant\u00e9, l&rsquo;Enssib est fi\u00e8re de pouvoir y contribuer et souhaite aux \u00e9quipes de Medic@ 20 nouvelles ann\u00e9es de succ\u00e8s.\u00a0\u00bb<\/p>\n<p><strong>Lo\u00efc Capron<\/strong><\/p>\n<p>\u00ab\u00a0Les 20 ans de Medica\u00a0: infinie gratitude d\u2019un consommateur assidu<\/p>\n<p>La <a href=\"https:\/\/www.biusante.parisdescartes.fr\/patin\/\">Correspondance compl\u00e8te et autres \u00e9crits de Guy Patin<\/a> (dont la 3<sup>e<\/sup>\u00a0\u00e9dition va bient\u00f4t \u00eatre mise en ligne) n\u2019aurait jamais vu le jour en 2015, ni grandi depuis, sans la <span style=\"font-variant: small-caps;\">BIU\u00a0Sant\u00e9<\/span> et sans Medica, son gigantesque appendice num\u00e9rique.<\/p>\n<p>Parmi les innombrables tr\u00e9sors que Medica offre au public, j\u2019admire tout particuli\u00e8rement son incomparable collection des <a href=\"https:\/\/numerabilis.u-paris.fr\/medica\/blog\/index.php\/les-theses-dancien-regime-sortent-des-combles\/\">th\u00e8ses m\u00e9dicales d\u2019Ancien R\u00e9gime<\/a> et ses manuscrits.<\/p>\n<p>J\u2019encourage ardemment la num\u00e9risation de ces pi\u00e8ces parce qu\u2019elles sont exclusives et encore inexploit\u00e9es pour leur plus grande partie, et que leur fragilit\u00e9 ne recommande pas de les mettre entre les mains de tous les curieux.<\/p>\n<p>Quant aux manuscrits, par exemple, j\u2019ai tout particuli\u00e8rement tir\u00e9 profit du <a href=\"https:\/\/www.biusante.parisdescartes.fr\/patin\/?let=8128\">Recueil Pe\u00ffrilhe<\/a><span style=\"color: black;\"> (<\/span><a href=\"https:\/\/www.biusante.parisdescartes.fr\/histmed\/medica\/page?ms02007&amp;p=2\">ms\u00a02007<\/a><span style=\"color: black;\">), qui contient une copieuse quantit\u00e9 de lettres et brouillons conserv\u00e9s par Patin, et la collection des <\/span><a href=\"https:\/\/www.biusante.parisdescartes.fr\/histoire\/medica\/resultats\/index.php?fille=o&amp;cotemere=ms00001_00024\">Commentaires de la Facult\u00e9 de m\u00e9decine de Paris<\/a><span style=\"color: black;\">, dont\u00a014 des 24\u00a0volumes sont d\u00e9j\u00e0 librement ouverts aux chercheurs que ne rebutent pas les plumes latines des doyens qui se sont succ\u00e9d\u00e9 tous les deux ans <\/span><a href=\"https:\/\/www.biusante.parisdescartes.fr\/histmed\/medica\/page?ms00001_00024x01&amp;p=11\">depuis 1395<\/a> <a href=\"https:\/\/www.biusante.parisdescartes.fr\/histmed\/medica\/page?ms00001_00024x24&amp;p=9\">jusqu\u2019\u00e0 1786<\/a><span style=\"color: black;\">.<\/span><\/p>\n<p>La richesse de la collection imprim\u00e9e m\u00e9rite aussi \u00eatre les louanges\u00a0: les \u0153uvres compl\u00e8tes d\u2019<a href=\"https:\/\/www.biusante.parisdescartes.fr\/histoire\/medica\/resultats\/index.php?fille=o&amp;cotemere=34859\">Hippocrate (par Littr\u00e9)<\/a><span style=\"color: black;\">, de <\/span><a href=\"https:\/\/www.biusante.parisdescartes.fr\/histoire\/medica\/resultats\/index.php?fille=o&amp;cotemere=45674\">Galien (par K\u00fchn)<\/a><span style=\"color: black;\">, de <\/span><a href=\"https:\/\/www.biusante.parisdescartes.fr\/histoire\/medica\/resultats\/index.php?fille=o&amp;cotemere=39197\">Pline (par Littr\u00e9)<\/a><span style=\"color: black;\">, parmi des milliers d\u2019autres ouvrages indispensables. Tout ces ouvrages indispensables peuvent certes presque toujours se trouver ailleurs sur la Toile\u00a0; mais Medica m\u2019a plong\u00e9 dans une d\u00e9licieuse extase quand j\u2019y ai d\u00e9couvert la reproduction des <\/span><a href=\"https:\/\/www.biusante.parisdescartes.fr\/histmed\/medica\/page?20789&amp;p=5\">deux livres de Medicamentis officinalibus [des M\u00e9dicaments officinaux] de Caspar Hofmann (Paris, 1646)<\/a><span style=\"color: black;\"> enti\u00e8rement annot\u00e9s par Patin\u00a0: quelle inestimable p\u00e9pite\u00a0! Sans elle je ne serai jamais parvenu \u00e0 \u00e9diter la <\/span><a href=\"https:\/\/www.biusante.parisdescartes.fr\/patin\/index.las?let=1384\">lettre que Patin a \u00e9crite \u00e0 Sebastian Scheffer le 24\u00a0mai 1665<\/a><span style=\"color: black;\">.<\/span><\/p>\n<p>Mon travail sur la m\u00e9decine du <span style=\"font-variant: small-caps;\">xvii<\/span><sup>e<\/sup>\u00a0si\u00e8cle n\u2019est bien s\u00fbr qu\u2019un vivant exemple des infinis services que Medica sait rendre tous les jours aux internautes, confortablement install\u00e9s devant leur ordinateur.<\/p>\n<p>Mille bravos, mille mercis, bon anniversaire et tr\u00e8s longue vie \u00e0 Medica, c\u2019est-\u00e0-dire \u00e0 celles et ceux qui l\u2019ont con\u00e7ue et l\u2019enrichissent quotidiennement avec une admirable ardeur.<\/p>\n<p><a href=\"&#x6d;&#x61;&#x69;&#x6c;&#x74;&#x6f;&#x3a;&#103;&#117;&#105;&#100;&#111;&#46;pat&#x69;&#x6e;&#x40;&#x67;&#x6d;&#x61;&#x69;&#x6c;&#46;&#99;&#111;&#109;\">Lo\u00efc Capron<\/a><span style=\"color: black;\">.\u00a0\u00bb<\/span><\/p>\n<p><strong>L&rsquo;\u00e9quipe Gallica<\/strong><\/p>\n<p>\u00ab\u00a0Depuis 20 ans, toujours fid\u00e8le \u00e0 ses objectifs et \u00e0 son ambition de partager au plus grand nombre l\u2019histoire de la m\u00e9decine, Medica s\u2019est octroy\u00e9e une place privil\u00e9gi\u00e9e parmi les biblioth\u00e8ques num\u00e9riques patrimoniales en sciences.<br \/>\nL\u2019autre grande \u00ab Dame \u00bb du savoir, Gallica, de trois ans son a\u00een\u00e9e et toujours pr\u00e9sente pour la soutenir, donne \u00e0 voir \u00e0 ce jour presque 60 000 documents en provenance de Medica et de la Banque d\u2019images et de portraits- BIU Sant\u00e9. On y retrouve livres, p\u00e9riodiques, th\u00e8ses mais \u00e9galement objets m\u00e9dicaux, portraits, cartes postales. Leur valorisation et leur classement en dossiers th\u00e9matiques et chronologiques font de Medica une r\u00e9f\u00e9rence dans le monde m\u00e9dical.<br \/>\nNous esp\u00e9rons que Gallica et Medica continuent \u00e0 cheminer ensemble de fa\u00e7on toujours plus rapproch\u00e9e pour enrichir encore plus l\u2019acc\u00e8s au patrimoine m\u00e9dical fran\u00e7ais et universel.<br \/>\nBon vent \u00e0 Medica et \u00e0 ses brillants navigateurs qui \u0153uvrent jour apr\u00e8s jour pour sauvegarder et faire conna\u00eetre l\u2019histoire de la M\u00e9decine. Comme Gallica nous l\u2019enseigne, on ne peut pas comprendre le pr\u00e9sent sans conna\u00eetre et appr\u00e9cier le pass\u00e9.<\/p>\n<p>L\u2019\u00e9quipe Gallica\u00a0\u00bb<\/p>\n","protected":false},"excerpt":{"rendered":"<p>Dans le cadre des 20 ans de Medica, nous avons demand\u00e9 \u00e0 des institutions partenaires ayant particip\u00e9 \u00e0 l&rsquo;enrichissement de cette biblioth\u00e8que num\u00e9rique et \u00e0 quelques chercheurs et usagers de raconter une anecdote et de souhaiter un joyeux anniversaire \u00e0 Medica. Ce livre d&rsquo;or est ouvert \u00e0 tous gr\u00e2ce aux commentaires en fin de billet, &hellip; <a href=\"https:\/\/numerabilis.u-paris.fr\/medica\/blog\/index.php\/livre-dor-des-20-ans-de-medica\/\" class=\"more-link\">Continuer la lecture<span class=\"screen-reader-text\"> de &laquo;&nbsp;Livre d&rsquo;or des 20 ans de Medica&nbsp;&raquo;<\/span><\/a><\/p>\n","protected":false},"author":16,"featured_media":0,"comment_status":"open","ping_status":"open","sticky":false,"template":"","format":"standard","meta":{"_monsterinsights_skip_tracking":false,"_monsterinsights_sitenote_active":false,"_monsterinsights_sitenote_note":"","_monsterinsights_sitenote_category":0,"footnotes":""},"categories":[7],"tags":[],"class_list":["post-20879","post","type-post","status-publish","format-standard","hentry","category-histoiresante"],"_links":{"self":[{"href":"https:\/\/numerabilis.u-paris.fr\/medica\/blog\/index.php\/wp-json\/wp\/v2\/posts\/20879"}],"collection":[{"href":"https:\/\/numerabilis.u-paris.fr\/medica\/blog\/index.php\/wp-json\/wp\/v2\/posts"}],"about":[{"href":"https:\/\/numerabilis.u-paris.fr\/medica\/blog\/index.php\/wp-json\/wp\/v2\/types\/post"}],"author":[{"embeddable":true,"href":"https:\/\/numerabilis.u-paris.fr\/medica\/blog\/index.php\/wp-json\/wp\/v2\/users\/16"}],"replies":[{"embeddable":true,"href":"https:\/\/numerabilis.u-paris.fr\/medica\/blog\/index.php\/wp-json\/wp\/v2\/comments?post=20879"}],"version-history":[{"count":17,"href":"https:\/\/numerabilis.u-paris.fr\/medica\/blog\/index.php\/wp-json\/wp\/v2\/posts\/20879\/revisions"}],"predecessor-version":[{"id":21008,"href":"https:\/\/numerabilis.u-paris.fr\/medica\/blog\/index.php\/wp-json\/wp\/v2\/posts\/20879\/revisions\/21008"}],"wp:attachment":[{"href":"https:\/\/numerabilis.u-paris.fr\/medica\/blog\/index.php\/wp-json\/wp\/v2\/media?parent=20879"}],"wp:term":[{"taxonomy":"category","embeddable":true,"href":"https:\/\/numerabilis.u-paris.fr\/medica\/blog\/index.php\/wp-json\/wp\/v2\/categories?post=20879"},{"taxonomy":"post_tag","embeddable":true,"href":"https:\/\/numerabilis.u-paris.fr\/medica\/blog\/index.php\/wp-json\/wp\/v2\/tags?post=20879"}],"curies":[{"name":"wp","href":"https:\/\/api.w.org\/{rel}","templated":true}]}}