{"id":2094,"date":"2013-07-25T14:00:34","date_gmt":"2013-07-25T12:00:34","guid":{"rendered":"https:\/\/numerabilis.u-paris.fr\/medica\/blog\/?p=2094"},"modified":"2016-07-25T12:15:28","modified_gmt":"2016-07-25T10:15:28","slug":"fermeture-estivale-2013","status":"publish","type":"post","link":"https:\/\/numerabilis.u-paris.fr\/medica\/blog\/index.php\/fermeture-estivale-2013\/","title":{"rendered":"Fermeture du p\u00f4le Pharmacie jusqu&rsquo;au 18 ao\u00fbt inclus"},"content":{"rendered":"<p><strong>Attention<\/strong>, \u00e0 partir de vendredi soir 18h, <strong>la biblioth\u00e8que de Pharmacie<\/strong> (<em>4, avenue de l&rsquo;Observatoire<\/em>) sera ferm\u00e9e pour quelques jours. La salle Dorveaux rouvrira le <strong><em>lundi 19 ao\u00fbt \u00e0 10h<\/em><\/strong> (<em>horaires r\u00e9duits, 10h-18h du lundi au vendredi, jusqu&rsquo;au 30 ao\u00fbt<\/em>).<\/p>\n<p>Il vous reste encore <strong>deux jours<\/strong> pour profiter des <em>pr\u00eats-vacances<\/em> : les ouvrages emprunt\u00e9s aujourd&rsquo;hui et demain seront \u00e0 rendre pour le 10 septembre.<\/p>\n<p style=\"text-align: left;\"><img loading=\"lazy\" decoding=\"async\" class=\"aligncenter size-full wp-image-2098\" title=\"Dorveaux\" src=\"https:\/\/numerabilis.u-paris.fr\/medica\/blog\/wp-content\/uploads\/Dorveaux.jpg\" alt=\"Salle Dorveaux\" width=\"500\" height=\"341\" srcset=\"https:\/\/numerabilis.u-paris.fr\/medica\/blog\/wp-content\/uploads\/Dorveaux.jpg 500w, https:\/\/numerabilis.u-paris.fr\/medica\/blog\/wp-content\/uploads\/Dorveaux-300x204.jpg 300w\" sizes=\"(max-width: 500px) 85vw, 500px\" \/>Du c\u00f4t\u00e9 de la <strong>biblioth\u00e8que de M\u00e9decine<\/strong> (<em>12, rue de l&rsquo;\u00c9cole-de-M\u00e9decine<\/em>), <strong><em>pas de fermeture estivale<\/em><\/strong>, mais passage en <strong><em>horaires r\u00e9duits entre le 5 et le 16 ao\u00fbt (10h-18h)<\/em><\/strong>. <strong><em>Pas d&rsquo;ouverture le samedi durant le mois d\u2019ao\u00fbt<\/em><\/strong>. Le <strong>service d&rsquo;histoire<\/strong> sera \u00e9galement ferm\u00e9 pendant ces deux semaines.<\/p>\n<p><strong>Le service Reproductions et Pr\u00eat entre biblioth\u00e8ques (PEB\/ILL)<\/strong> <strong>demeure ouvert tout l&rsquo;\u00e9t\u00e9<\/strong> (<em>les demandes du p\u00f4le Pharmacie seront prises en charge par le p\u00f4le M\u00e9decine dans la mesure o\u00f9 les documents se trouvent \u00e9galement au p\u00f4le M\u00e9decine<\/em>).<\/p>\n<p><a title=\"BIUMInfo ouvert tout l'\u00e9t\u00e9\" href=\"https:\/\/numerabilis.u-paris.fr\/medica\/blog\/index.php\/service-questionsreponses-biuminfo-reste-ouvert\/\" target=\"_blank\">Le service de questions-r\u00e9ponses BIUMInfo reste aussi ouvert tout l&rsquo;\u00e9t\u00e9<\/a>.<\/p>\n<p><a title=\"Fermetures estivales\" href=\"https:\/\/numerabilis.u-paris.fr\/medica\/blog\/index.php\/ouvertures-estivales-bu-sante-2013\/\" target=\"_blank\">Retrouvez \u00e9galement les horaires et fermetures des autres biblioth\u00e8ques m\u00e9dicales d&rsquo;\u00cele-de-France en cliquant ici<\/a>.<\/p>\n<p><em>D&rsquo;ici la rentr\u00e9e universitaire, toute l&rsquo;\u00e9quipe de la BIU Sant\u00e9 vous souhaite de bonnes vacances !<\/em><\/p>\n","protected":false},"excerpt":{"rendered":"<p>Attention, \u00e0 partir de vendredi soir 18h, la biblioth\u00e8que de Pharmacie (4, avenue de l&rsquo;Observatoire) sera ferm\u00e9e pour quelques jours. La salle Dorveaux rouvrira le lundi 19 ao\u00fbt \u00e0 10h (horaires r\u00e9duits, 10h-18h du lundi au vendredi, jusqu&rsquo;au 30 ao\u00fbt). Il vous reste encore deux jours pour profiter des pr\u00eats-vacances : les ouvrages emprunt\u00e9s aujourd&rsquo;hui &hellip; <a href=\"https:\/\/numerabilis.u-paris.fr\/medica\/blog\/index.php\/fermeture-estivale-2013\/\" class=\"more-link\">Continuer la lecture<span class=\"screen-reader-text\"> de &laquo;&nbsp;Fermeture du p\u00f4le Pharmacie jusqu&rsquo;au 18 ao\u00fbt inclus&nbsp;&raquo;<\/span><\/a><\/p>\n","protected":false},"author":1,"featured_media":0,"comment_status":"open","ping_status":"open","sticky":false,"template":"","format":"standard","meta":{"_monsterinsights_skip_tracking":false,"_monsterinsights_sitenote_active":false,"_monsterinsights_sitenote_note":"","_monsterinsights_sitenote_category":0,"footnotes":""},"categories":[7,14,15],"tags":[43],"class_list":["post-2094","post","type-post","status-publish","format-standard","hentry","category-histoiresante","category-medecine-odontologie","category-pharmacie-biologie-cosmetologie","tag-acces"],"_links":{"self":[{"href":"https:\/\/numerabilis.u-paris.fr\/medica\/blog\/index.php\/wp-json\/wp\/v2\/posts\/2094"}],"collection":[{"href":"https:\/\/numerabilis.u-paris.fr\/medica\/blog\/index.php\/wp-json\/wp\/v2\/posts"}],"about":[{"href":"https:\/\/numerabilis.u-paris.fr\/medica\/blog\/index.php\/wp-json\/wp\/v2\/types\/post"}],"author":[{"embeddable":true,"href":"https:\/\/numerabilis.u-paris.fr\/medica\/blog\/index.php\/wp-json\/wp\/v2\/users\/1"}],"replies":[{"embeddable":true,"href":"https:\/\/numerabilis.u-paris.fr\/medica\/blog\/index.php\/wp-json\/wp\/v2\/comments?post=2094"}],"version-history":[{"count":19,"href":"https:\/\/numerabilis.u-paris.fr\/medica\/blog\/index.php\/wp-json\/wp\/v2\/posts\/2094\/revisions"}],"predecessor-version":[{"id":2175,"href":"https:\/\/numerabilis.u-paris.fr\/medica\/blog\/index.php\/wp-json\/wp\/v2\/posts\/2094\/revisions\/2175"}],"wp:attachment":[{"href":"https:\/\/numerabilis.u-paris.fr\/medica\/blog\/index.php\/wp-json\/wp\/v2\/media?parent=2094"}],"wp:term":[{"taxonomy":"category","embeddable":true,"href":"https:\/\/numerabilis.u-paris.fr\/medica\/blog\/index.php\/wp-json\/wp\/v2\/categories?post=2094"},{"taxonomy":"post_tag","embeddable":true,"href":"https:\/\/numerabilis.u-paris.fr\/medica\/blog\/index.php\/wp-json\/wp\/v2\/tags?post=2094"}],"curies":[{"name":"wp","href":"https:\/\/api.w.org\/{rel}","templated":true}]}}