{"id":21212,"date":"2021-01-28T09:47:18","date_gmt":"2021-01-28T08:47:18","guid":{"rendered":"https:\/\/numerabilis.u-paris.fr\/medica\/blog\/?p=21212"},"modified":"2021-01-30T20:55:07","modified_gmt":"2021-01-30T19:55:07","slug":"van-horne-sagemolen-saison-2","status":"publish","type":"post","link":"https:\/\/numerabilis.u-paris.fr\/medica\/blog\/index.php\/van-horne-sagemolen-saison-2\/","title":{"rendered":"Van Horne \/ Sagemolen saison 2"},"content":{"rendered":"<p>En 2016, apr\u00e8s un oubli de deux si\u00e8cles et demi, <a href=\"https:\/\/numerabilis.u-paris.fr\/medica\/blog\/index.php\/redecouverte-anatomie-van-horne-sagemolen\/\">quatre volumes de la collection de manuscrits de la BIU Sant\u00e9<\/a> ont \u00e9t\u00e9 identifi\u00e9s comme \u00e9tant l\u2019oeuvre de l\u2019anatomiste de Leyde <strong>Johannes Van Horne<\/strong> (1621-1670) et du peintre <strong>Marten Sagemolen<\/strong> (vers 1620-1669).<\/p>\n<p>Cet ensemble de quelques<strong> deux cent cinquante dessins du Si\u00e8cle d\u2019or<\/strong>, dont un bon nombre sont d\u2019une grande qualit\u00e9 graphique, arrive donc sous nos regards pratiquement vierge d\u2019\u00e9tudes. Il est encore \u00e0 d\u00e9couvrir, \u00e0 comprendre, et \u00e0 \u00e9valuer.<\/p>\n<figure id=\"attachment_21219\" aria-describedby=\"caption-attachment-21219\" style=\"width: 631px\" class=\"wp-caption alignnone\"><img loading=\"lazy\" decoding=\"async\" class=\"wp-image-21219 size-full\" src=\"https:\/\/numerabilis.u-paris.fr\/medica\/blog\/wp-content\/uploads\/nouv_ms00028_0108_bras_seul.jpg\" alt=\"\" width=\"631\" height=\"227\" srcset=\"https:\/\/numerabilis.u-paris.fr\/medica\/blog\/wp-content\/uploads\/nouv_ms00028_0108_bras_seul.jpg 631w, https:\/\/numerabilis.u-paris.fr\/medica\/blog\/wp-content\/uploads\/nouv_ms00028_0108_bras_seul-300x108.jpg 300w\" sizes=\"(max-width: 709px) 85vw, (max-width: 909px) 67vw, (max-width: 984px) 61vw, (max-width: 1362px) 45vw, 600px\" \/><figcaption id=\"caption-attachment-21219\" class=\"wp-caption-text\">Ms 28, n\u00b0 27 bis<\/figcaption><\/figure>\n<h1>La num\u00e9risation nouvelle est arriv\u00e9e<\/h1>\n<p>\u00c0 la faveur de la curiosit\u00e9 que ces dessins ont suscit\u00e9e en 2016, une collaboration a \u00e9t\u00e9 mise en place entre la <b>BIU Sant\u00e9<\/b>, la <b>Biblioth\u00e8que nationale de France (BnF)<\/b> et le <b>Centre de recherche et de restauration des mus\u00e9es de France (C2RMF).<\/b><\/p>\n<p>Cette collaboration visait \u00e0 restaurer les dessins et les reliures et \u00e0 assurer leur p\u00e9rennit\u00e9, mais aussi \u00e0 documenter m\u00e9thodiquement la r\u00e9alit\u00e9 physique des documents, et \u00e0 r\u00e9aliser une nouvelle num\u00e9risation de l\u2019ensemble.<\/p>\n<p>Voici le r\u00e9sultat de la num\u00e9risation: nous publions aujourd\u2019hui dans Medica la nouvelle photographie des quatre volumes. Les dessins ont au pr\u00e9alable \u00e9t\u00e9 <a href=\"https:\/\/numerabilis.u-paris.fr\/medica\/blog\/index.php\/van-horne-sagemolen-comment-ca-va-les-ecorches-ca-va-bien\/\" target=\"_blank\" rel=\"noopener\">nettoy\u00e9s et restaur\u00e9s par Nad\u00e8ge Dauga et Nathalie Silvie<\/a>, restauratrices d\u2019art: ce fut un grand et long travail, dans l\u2019atelier des petites \u00e9curies de Versailles que le <a href=\"https:\/\/c2rmf.fr\/\" target=\"_blank\" rel=\"noopener\">C2RMF<\/a> a mis \u00e0 leur disposition (vue imprenable sur le ch\u00e2teau). La num\u00e9risation a \u00e9t\u00e9 effectu\u00e9e par Beno\u00eet Javelaud, dans les ateliers de la BnF au <a href=\"https:\/\/www.bnf.fr\/fr\/les-centres-techniques-de-conservation\" target=\"_blank\" rel=\"noopener\">ch\u00e2teau de Sabl\u00e9-sur-Sarthe<\/a> (vue imprenable sur la vall\u00e9e de la Sarthe!), avant la reliure, qui s\u2019ach\u00e8vera bient\u00f4t.<\/p>\n<p><b>Acc\u00e8s aux manuscrits num\u00e9ris\u00e9s<\/b><\/p>\n<table>\n<tbody>\n<tr>\n<td>\n<p><figure id=\"attachment_21215\" aria-describedby=\"caption-attachment-21215\" style=\"width: 150px\" class=\"wp-caption alignnone\"><a href=\"https:\/\/www.biusante.parisdescartes.fr\/histmed\/medica\/cote?nouv_ms00027\" target=\"_blank\" rel=\"noopener\"><img loading=\"lazy\" decoding=\"async\" class=\"wp-image-21215\" src=\"https:\/\/numerabilis.u-paris.fr\/medica\/blog\/wp-content\/uploads\/nouvems27_0090-232x300.jpg\" alt=\"\" width=\"150\" height=\"194\" srcset=\"https:\/\/numerabilis.u-paris.fr\/medica\/blog\/wp-content\/uploads\/nouvems27_0090-232x300.jpg 232w, https:\/\/numerabilis.u-paris.fr\/medica\/blog\/wp-content\/uploads\/nouvems27_0090-793x1024.jpg 793w, https:\/\/numerabilis.u-paris.fr\/medica\/blog\/wp-content\/uploads\/nouvems27_0090-768x991.jpg 768w, https:\/\/numerabilis.u-paris.fr\/medica\/blog\/wp-content\/uploads\/nouvems27_0090.jpg 980w\" sizes=\"(max-width: 150px) 85vw, 150px\" \/><\/a><figcaption id=\"caption-attachment-21215\" class=\"wp-caption-text\">Ms 27<\/figcaption><\/figure><\/td>\n<td>\n<p><figure id=\"attachment_21216\" aria-describedby=\"caption-attachment-21216\" style=\"width: 150px\" class=\"wp-caption alignnone\"><a href=\"https:\/\/www.biusante.parisdescartes.fr\/histmed\/medica\/cote?nouv_ms00028\" target=\"_blank\" rel=\"noopener\"><img loading=\"lazy\" decoding=\"async\" class=\"wp-image-21216\" src=\"https:\/\/numerabilis.u-paris.fr\/medica\/blog\/wp-content\/uploads\/nouvems28_0096-300x283.jpg\" alt=\"\" width=\"150\" height=\"141\" srcset=\"https:\/\/numerabilis.u-paris.fr\/medica\/blog\/wp-content\/uploads\/nouvems28_0096-300x283.jpg 300w, https:\/\/numerabilis.u-paris.fr\/medica\/blog\/wp-content\/uploads\/nouvems28_0096-768x724.jpg 768w, https:\/\/numerabilis.u-paris.fr\/medica\/blog\/wp-content\/uploads\/nouvems28_0096.jpg 980w\" sizes=\"(max-width: 150px) 85vw, 150px\" \/><\/a><figcaption id=\"caption-attachment-21216\" class=\"wp-caption-text\">Ms 28<\/figcaption><\/figure><\/td>\n<td>\n<p><figure id=\"attachment_21213\" aria-describedby=\"caption-attachment-21213\" style=\"width: 150px\" class=\"wp-caption alignnone\"><a href=\"https:\/\/www.biusante.parisdescartes.fr\/histmed\/medica\/cote?nouv_ms00029\" target=\"_blank\" rel=\"noopener\"><img loading=\"lazy\" decoding=\"async\" class=\"wp-image-21213\" src=\"https:\/\/numerabilis.u-paris.fr\/medica\/blog\/wp-content\/uploads\/nouvems29_0077-182x300.jpg\" alt=\"\" width=\"150\" height=\"248\" srcset=\"https:\/\/numerabilis.u-paris.fr\/medica\/blog\/wp-content\/uploads\/nouvems29_0077-182x300.jpg 182w, https:\/\/numerabilis.u-paris.fr\/medica\/blog\/wp-content\/uploads\/nouvems29_0077-620x1024.jpg 620w, https:\/\/numerabilis.u-paris.fr\/medica\/blog\/wp-content\/uploads\/nouvems29_0077-768x1269.jpg 768w, https:\/\/numerabilis.u-paris.fr\/medica\/blog\/wp-content\/uploads\/nouvems29_0077-930x1536.jpg 930w, https:\/\/numerabilis.u-paris.fr\/medica\/blog\/wp-content\/uploads\/nouvems29_0077.jpg 980w\" sizes=\"(max-width: 150px) 85vw, 150px\" \/><\/a><figcaption id=\"caption-attachment-21213\" class=\"wp-caption-text\">Ms 29<\/figcaption><\/figure><\/td>\n<td>\n<p><figure id=\"attachment_21214\" aria-describedby=\"caption-attachment-21214\" style=\"width: 150px\" class=\"wp-caption alignnone\"><a href=\"https:\/\/www.biusante.parisdescartes.fr\/histmed\/medica\/cote?nouv_ms00030\" target=\"_blank\" rel=\"noopener\"><img loading=\"lazy\" decoding=\"async\" class=\"wp-image-21214\" src=\"https:\/\/numerabilis.u-paris.fr\/medica\/blog\/wp-content\/uploads\/nouvems30_0032-198x300.jpg\" alt=\"\" width=\"150\" height=\"228\" srcset=\"https:\/\/numerabilis.u-paris.fr\/medica\/blog\/wp-content\/uploads\/nouvems30_0032-198x300.jpg 198w, https:\/\/numerabilis.u-paris.fr\/medica\/blog\/wp-content\/uploads\/nouvems30_0032-674x1024.jpg 674w, https:\/\/numerabilis.u-paris.fr\/medica\/blog\/wp-content\/uploads\/nouvems30_0032-768x1166.jpg 768w, https:\/\/numerabilis.u-paris.fr\/medica\/blog\/wp-content\/uploads\/nouvems30_0032.jpg 980w\" sizes=\"(max-width: 150px) 85vw, 150px\" \/><\/a><figcaption id=\"caption-attachment-21214\" class=\"wp-caption-text\">Ms 30<\/figcaption><\/figure><\/td>\n<\/tr>\n<\/tbody>\n<\/table>\n<p>Comme tous les documents de Medica, ils sont <strong>en acc\u00e8s libre et gratuit<\/strong>. Leur r\u00e9utilisation \u00e9ventuelle est\u00a0 plac\u00e9e sous la <strong>Licence ouverte Etalab<\/strong> &#8211; ce qui est \u00e9galement le cas de la grande majorit\u00e9 des documents de Medica.<\/p>\n<p>Notez que nous avons fait le choix de laisser dans Medica la num\u00e9risation d\u2019origine: elle t\u00e9moigne de l\u2019\u00e9tat du document en 2016, et il y est fait r\u00e9f\u00e9rence dans les articles publi\u00e9s depuis l\u2019identification.<\/p>\n<p><b>Un <a href=\"https:\/\/www.biusante.parisdescartes.fr\/histoire\/medica\/presentations\/sagemolen.php\" target=\"_blank\" rel=\"noopener\">dossier dans Medica<\/a><\/b> permettra d\u2019acc\u00e9der \u00e0 l\u2019ensemble des documents \u00e0 mesure qu\u2019ils seront produits. On y trouve pour l\u2019instant:<\/p>\n<ul>\n<li>les deux num\u00e9risations successives<\/li>\n<li>les publications accessibles en ligne.<\/li>\n<\/ul>\n<p>Les travaux \u00e0 venir y seront \u00e9galement accessibles.<\/p>\n<p>Cette num\u00e9risation nouvelle n\u2019est en effet que le premier \u00e9l\u00e9ment issu du chantier de restauration que nous montrons au public et aux chercheurs. Il y aura une suite. Et m\u00eame plusieurs!<\/p>\n<h1>Save the date, please: colloque international, 18-19 juin 2021, Paris, BIU Sant\u00e9 \/ BnF Tolbiac<\/h1>\n<p>Nous invitons toutes les personnes int\u00e9ress\u00e9es par ces albums \u00e0 noter dans leur agenda les dates des 18 et 19 juin, o\u00f9 se tiendra un colloque international:<\/p>\n<p style=\"text-align: center;\"><b>Quatre atlas de myologie in\u00e9dits du Si\u00e8cle d\u2019or n\u00e9erlandais.\u00a0<\/b><\/p>\n<p style=\"text-align: center;\"><b>Approche pluridisciplinaire des dessins<br \/>\n<\/b><b>de Johannes Van Horne et Marten Sagemolen<\/b><\/p>\n<p style=\"text-align: center;\"><i>Colloque international organis\u00e9 par la Biblioth\u00e8que interuniversitaire de sant\u00e9 \u00e0 Paris <\/i><i><br \/>\n<\/i><i>le 18 juin 2021, Universit\u00e9 de Paris, 12 rue de l\u2019\u00c9cole de m\u00e9decine <\/i><i><br \/>\n<\/i><i>le 19 juin 2021, Biblioth\u00e8que nationale de France, Quai Fran\u00e7ois Mauriac<\/i><\/p>\n<p>Ces albums appellent en effet une \u00e9tude pluridisciplinaire. Bien s\u00fbr, c\u2019est d\u2019abord l\u2019<b>histoire de l\u2019anatomie<\/b> et de la m\u00e9decine qu\u2019ils concernent. Mais ces \u0153uvres int\u00e9ressent aussi l\u2019<b>histoire de l\u2019art<\/b>, attentive depuis toujours \u00e0 la repr\u00e9sentation du corps humain et \u00e0 l\u2019apport de l\u2019anatomie. Leur devenir concerne les <b>historiens des collections et des cabinets de curiosit\u00e9<\/b>. Leur r\u00e9alit\u00e9 physique, enfin, m\u00e9rite d\u2019\u00eatre interrog\u00e9e par les <b>sp\u00e9cialistes de la conservation et des papiers<\/b>: leur restauration a sensiblement accru la connaissance pr\u00e9cise que nous pouvons avoir, par exemple, de la constitution des recueils.<\/p>\n<p>Compte-tenu de la crise sanitaire, ce colloque est pr\u00e9vu en mode hybride et se d\u00e9roulera<b>, sur place et \u00e0 distance.<\/b> La r\u00e9union se tiendra le vendredi 18 juin dans le grand amphith\u00e9\u00e2tre du site Od\u00e9on d&rsquo;Universit\u00e9 de Paris, au 12 rue de l\u2019Ecole de m\u00e9decine, et le samedi 19 \u00e0 la Biblioth\u00e8que nationale de France. Mais elle sera aussi propos\u00e9e \u00e0 distance en visioconf\u00e9rence, pour ceux qui ne pourraient pas se d\u00e9placer ou en cas de restrictions sanitaires.<\/p>\n<h1>Exposition au Mus\u00e9e d\u2019histoire de la m\u00e9decine<\/h1>\n<p>En outre, le Mus\u00e9e d\u2019histoire de la m\u00e9decine accueillera dans sa salle les manuscrits r\u00e9nov\u00e9s: ceux qui assisteront au colloque, mais aussi toutes les personnes curieuses de les voir physiquement, pourront les y d\u00e9couvrir bient\u00f4t.<\/p>\n<p style=\"text-align: center;\"><b>Quatre atlas de myologie in\u00e9dits du Si\u00e8cle d\u2019or n\u00e9erlandais.<\/b><\/p>\n<p style=\"text-align: center;\"><b>La red\u00e9couverte des dessins de Van Horne et Sagemolen<\/b><\/p>\n<p style=\"text-align: center;\"><i>Du 1er juin au 17 juillet 2021 (dates pr\u00e9visionnelles \u00e0 confirmer)<\/i><\/p>\n<p style=\"text-align: center;\"><i>Mus\u00e9e d\u2019histoire de la m\u00e9decine, 12 rue de l&rsquo;\u00c9cole-de-M\u00e9decine<\/i><\/p>\n","protected":false},"excerpt":{"rendered":"<p>En 2016, apr\u00e8s un oubli de deux si\u00e8cles et demi, quatre volumes de la collection de manuscrits de la BIU Sant\u00e9 ont \u00e9t\u00e9 identifi\u00e9s comme \u00e9tant l\u2019oeuvre de l\u2019anatomiste de Leyde Johannes Van Horne (1621-1670) et du peintre Marten Sagemolen (vers 1620-1669). Cet ensemble de quelques deux cent cinquante dessins du Si\u00e8cle d\u2019or, dont un &hellip; <a href=\"https:\/\/numerabilis.u-paris.fr\/medica\/blog\/index.php\/van-horne-sagemolen-saison-2\/\" class=\"more-link\">Continuer la lecture<span class=\"screen-reader-text\"> de &laquo;&nbsp;Van Horne \/ Sagemolen saison 2&nbsp;&raquo;<\/span><\/a><\/p>\n","protected":false},"author":17,"featured_media":0,"comment_status":"open","ping_status":"open","sticky":false,"template":"","format":"standard","meta":{"_monsterinsights_skip_tracking":false,"_monsterinsights_sitenote_active":false,"_monsterinsights_sitenote_note":"","_monsterinsights_sitenote_category":0,"footnotes":""},"categories":[14],"tags":[107,28,155,296],"class_list":["post-21212","post","type-post","status-publish","format-standard","hentry","category-medecine-odontologie","tag-colloque-congres-je","tag-histoire-de-la-medecine","tag-numerisation","tag-van-horne-et-sagemolen"],"_links":{"self":[{"href":"https:\/\/numerabilis.u-paris.fr\/medica\/blog\/index.php\/wp-json\/wp\/v2\/posts\/21212"}],"collection":[{"href":"https:\/\/numerabilis.u-paris.fr\/medica\/blog\/index.php\/wp-json\/wp\/v2\/posts"}],"about":[{"href":"https:\/\/numerabilis.u-paris.fr\/medica\/blog\/index.php\/wp-json\/wp\/v2\/types\/post"}],"author":[{"embeddable":true,"href":"https:\/\/numerabilis.u-paris.fr\/medica\/blog\/index.php\/wp-json\/wp\/v2\/users\/17"}],"replies":[{"embeddable":true,"href":"https:\/\/numerabilis.u-paris.fr\/medica\/blog\/index.php\/wp-json\/wp\/v2\/comments?post=21212"}],"version-history":[{"count":16,"href":"https:\/\/numerabilis.u-paris.fr\/medica\/blog\/index.php\/wp-json\/wp\/v2\/posts\/21212\/revisions"}],"predecessor-version":[{"id":21234,"href":"https:\/\/numerabilis.u-paris.fr\/medica\/blog\/index.php\/wp-json\/wp\/v2\/posts\/21212\/revisions\/21234"}],"wp:attachment":[{"href":"https:\/\/numerabilis.u-paris.fr\/medica\/blog\/index.php\/wp-json\/wp\/v2\/media?parent=21212"}],"wp:term":[{"taxonomy":"category","embeddable":true,"href":"https:\/\/numerabilis.u-paris.fr\/medica\/blog\/index.php\/wp-json\/wp\/v2\/categories?post=21212"},{"taxonomy":"post_tag","embeddable":true,"href":"https:\/\/numerabilis.u-paris.fr\/medica\/blog\/index.php\/wp-json\/wp\/v2\/tags?post=21212"}],"curies":[{"name":"wp","href":"https:\/\/api.w.org\/{rel}","templated":true}]}}