{"id":21283,"date":"2021-03-08T13:52:32","date_gmt":"2021-03-08T12:52:32","guid":{"rendered":"https:\/\/numerabilis.u-paris.fr\/medica\/blog\/?p=21283"},"modified":"2021-03-08T13:52:32","modified_gmt":"2021-03-08T12:52:32","slug":"le-musee-virtuel-de-lart-dentaire-sagrandit","status":"publish","type":"post","link":"https:\/\/numerabilis.u-paris.fr\/medica\/blog\/index.php\/le-musee-virtuel-de-lart-dentaire-sagrandit\/","title":{"rendered":"Le Mus\u00e9e Virtuel de l\u2019Art Dentaire s\u2019agrandit"},"content":{"rendered":"\r\n<p>Voil\u00e0 bient\u00f4t huit ans que le <a href=\"https:\/\/www.biusante.parisdescartes.fr\/mvad\" target=\"_blank\" rel=\"noopener\">Mus\u00e9e Virtuel de l\u2019Art Dentaire<\/a> a \u00e9t\u00e9 cr\u00e9\u00e9 sur le site de la Biblioth\u00e8que interuniversitaire de sant\u00e9, gr\u00e2ce \u00e0 la collaboration de <a href=\"https:\/\/www.biusante.parisdescartes.fr\/mvad\/001.php\" target=\"_blank\" rel=\"noopener\">douze associations et institutions<\/a>.<\/p>\r\n<p>Apr\u00e8s avoir expos\u00e9 en d\u00e9tail l\u2019histoire des instruments pour extraire, nettoyer et conserver les dents, le MVAD pr\u00e9sente ce mois-ci <strong>trois nouvelles salles virtuelles<\/strong>.<\/p>\r\n<h1>Premi\u00e8re salle : les meubles<\/h1>\r\n<p>Con\u00e7us pour ranger les instruments \u00e0 partir de la deuxi\u00e8me partie du XIXe si\u00e8cle, <a href=\"https:\/\/www.biusante.parisdescartes.fr\/mvad\/003-02.php\" target=\"_blank\" rel=\"noopener\">les meubles<\/a> accueillent aussi la pharmacie et tous les accessoires apparus au fur et \u00e0 mesure de l\u2019enrichissement des techniques de proth\u00e8se et des mat\u00e9riaux utilis\u00e9s.<\/p>\r\n<p>Aux c\u00f4t\u00e9s de meubles dits \u00ab aseptiques \u00bb seront propos\u00e9s jusque dans les ann\u00e9es 1920 des meubles sacrifiant des qualit\u00e9s ergonomiques au profit d\u2019un aspect esth\u00e9tique rassurant pour un patient qui pouvait se croire chez lui\u2026<\/p>\r\n<figure id=\"attachment_21286\" aria-describedby=\"caption-attachment-21286\" style=\"width: 199px\" class=\"wp-caption alignnone\"><img loading=\"lazy\" decoding=\"async\" class=\"wp-image-21286 size-medium\" src=\"https:\/\/numerabilis.u-paris.fr\/medica\/blog\/wp-content\/uploads\/Fig.-1-Meuble-Archer-N\u252c\u2591-12-fin-XIXe-s.-en-noyer-et-dessus-marbre-Muse\u2560ue-AP-HP-199x300.jpg\" alt=\"Meuble en noyer et dessus marbre, fin XIXe s. (Mus\u00e9e AP-HP)\" width=\"199\" height=\"300\" srcset=\"https:\/\/numerabilis.u-paris.fr\/medica\/blog\/wp-content\/uploads\/Fig.-1-Meuble-Archer-N\u252c\u2591-12-fin-XIXe-s.-en-noyer-et-dessus-marbre-Muse\u2560ue-AP-HP-199x300.jpg 199w, https:\/\/numerabilis.u-paris.fr\/medica\/blog\/wp-content\/uploads\/Fig.-1-Meuble-Archer-N\u252c\u2591-12-fin-XIXe-s.-en-noyer-et-dessus-marbre-Muse\u2560ue-AP-HP-681x1024.jpg 681w, https:\/\/numerabilis.u-paris.fr\/medica\/blog\/wp-content\/uploads\/Fig.-1-Meuble-Archer-N\u252c\u2591-12-fin-XIXe-s.-en-noyer-et-dessus-marbre-Muse\u2560ue-AP-HP-768x1155.jpg 768w, https:\/\/numerabilis.u-paris.fr\/medica\/blog\/wp-content\/uploads\/Fig.-1-Meuble-Archer-N\u252c\u2591-12-fin-XIXe-s.-en-noyer-et-dessus-marbre-Muse\u2560ue-AP-HP-1021x1536.jpg 1021w, https:\/\/numerabilis.u-paris.fr\/medica\/blog\/wp-content\/uploads\/Fig.-1-Meuble-Archer-N\u252c\u2591-12-fin-XIXe-s.-en-noyer-et-dessus-marbre-Muse\u2560ue-AP-HP-1362x2048.jpg 1362w, https:\/\/numerabilis.u-paris.fr\/medica\/blog\/wp-content\/uploads\/Fig.-1-Meuble-Archer-N\u252c\u2591-12-fin-XIXe-s.-en-noyer-et-dessus-marbre-Muse\u2560ue-AP-HP-1200x1805.jpg 1200w, https:\/\/numerabilis.u-paris.fr\/medica\/blog\/wp-content\/uploads\/Fig.-1-Meuble-Archer-N\u252c\u2591-12-fin-XIXe-s.-en-noyer-et-dessus-marbre-Muse\u2560ue-AP-HP-scaled.jpg 1702w\" sizes=\"(max-width: 199px) 85vw, 199px\" \/><figcaption id=\"caption-attachment-21286\" class=\"wp-caption-text\">Meuble en noyer et dessus marbre, fin XIXe s. (Mus\u00e9e AP-HP)<\/figcaption><\/figure>\r\n<h1>Deuxi\u00e8me salle : les lavabos<\/h1>\r\n<p>Tant que les cabinets ne disposaient pas d\u2019eau courante, <a href=\"https:\/\/www.biusante.parisdescartes.fr\/mvad\/003-03.php\" target=\"_blank\" rel=\"noopener\">le lavabo<\/a>, souvent assorti \u00e0 un meuble, avait \u00e0 sa partie sup\u00e9rieure une r\u00e9serve d\u2019eau et l\u2019eau us\u00e9e de la cuvette se vidait dans un autre r\u00e9servoir en dessous.<\/p>\r\n<figure id=\"attachment_21287\" aria-describedby=\"caption-attachment-21287\" style=\"width: 300px\" class=\"wp-caption alignnone\"><img loading=\"lazy\" decoding=\"async\" class=\"wp-image-21287 size-medium\" src=\"https:\/\/numerabilis.u-paris.fr\/medica\/blog\/wp-content\/uploads\/fig2et3-300x239.jpg\" alt=\"Lavabo ferm\u00e9 et ouvert, en noyer et c\u00e9ramique (Mus\u00e9e AP-HP)\" width=\"300\" height=\"239\" srcset=\"https:\/\/numerabilis.u-paris.fr\/medica\/blog\/wp-content\/uploads\/fig2et3-300x239.jpg 300w, https:\/\/numerabilis.u-paris.fr\/medica\/blog\/wp-content\/uploads\/fig2et3-768x612.jpg 768w, https:\/\/numerabilis.u-paris.fr\/medica\/blog\/wp-content\/uploads\/fig2et3.jpg 1004w\" sizes=\"(max-width: 300px) 85vw, 300px\" \/><figcaption id=\"caption-attachment-21287\" class=\"wp-caption-text\">Lavabo ferm\u00e9 et ouvert, en noyer et c\u00e9ramique (Mus\u00e9e AP-HP)<\/figcaption><\/figure>\r\n<h1>Troisi\u00e8me salle : les crachoirs<\/h1>\r\n<p>Apparus officiellement d\u00e8s le d\u00e9but du XIXe si\u00e8cle, <a href=\"https:\/\/www.biusante.parisdescartes.fr\/mvad\/003-04.php\">les crachoirs<\/a> permettaient aussi au patient de se rincer la bouche, geste r\u00e9confortant, banni depuis quelques ann\u00e9es.<\/p>\r\n<p>L\u00e0 encore, sans eau courante, l\u2019inventivit\u00e9 est sans borne. Mais certains des plus basiques de la premi\u00e8re moiti\u00e9 du XIXe s. \u00e9taient fort jolis.<\/p>\r\n<figure id=\"attachment_21288\" aria-describedby=\"caption-attachment-21288\" style=\"width: 300px\" class=\"wp-caption alignnone\"><img loading=\"lazy\" decoding=\"async\" class=\"size-medium wp-image-21288\" src=\"https:\/\/numerabilis.u-paris.fr\/medica\/blog\/wp-content\/uploads\/Fig.-4-300x225.jpg\" alt=\"Crachoir en porcelaine, d\u00e9coration florale (Coll. V. Burello, Turin)\" width=\"300\" height=\"225\" srcset=\"https:\/\/numerabilis.u-paris.fr\/medica\/blog\/wp-content\/uploads\/Fig.-4-300x225.jpg 300w, https:\/\/numerabilis.u-paris.fr\/medica\/blog\/wp-content\/uploads\/Fig.-4-1024x768.jpg 1024w, https:\/\/numerabilis.u-paris.fr\/medica\/blog\/wp-content\/uploads\/Fig.-4-768x576.jpg 768w, https:\/\/numerabilis.u-paris.fr\/medica\/blog\/wp-content\/uploads\/Fig.-4-1536x1152.jpg 1536w, https:\/\/numerabilis.u-paris.fr\/medica\/blog\/wp-content\/uploads\/Fig.-4-2048x1536.jpg 2048w, https:\/\/numerabilis.u-paris.fr\/medica\/blog\/wp-content\/uploads\/Fig.-4-1200x900.jpg 1200w\" sizes=\"(max-width: 300px) 85vw, 300px\" \/><figcaption id=\"caption-attachment-21288\" class=\"wp-caption-text\">Crachoir en porcelaine, d\u00e9coration florale (Coll. V. Burello, Turin)<\/figcaption><\/figure>\r\n<p><em>A suivre!<\/em><\/p>\r\n<p>Merci \u00e0 Jacques Gana pour son aide amicale.<\/p>\r\n<p>Micheline Ruel-Kellermann<br \/>Membre du Mus\u00e9e Virtuel de l&rsquo;Art Dentaire<\/p>\r\n","protected":false},"excerpt":{"rendered":"<p>Voil\u00e0 bient\u00f4t huit ans que le Mus\u00e9e Virtuel de l\u2019Art Dentaire a \u00e9t\u00e9 cr\u00e9\u00e9 sur le site de la Biblioth\u00e8que interuniversitaire de sant\u00e9, gr\u00e2ce \u00e0 la collaboration de douze associations et institutions. Apr\u00e8s avoir expos\u00e9 en d\u00e9tail l\u2019histoire des instruments pour extraire, nettoyer et conserver les dents, le MVAD pr\u00e9sente ce mois-ci trois nouvelles salles &hellip; <a href=\"https:\/\/numerabilis.u-paris.fr\/medica\/blog\/index.php\/le-musee-virtuel-de-lart-dentaire-sagrandit\/\" class=\"more-link\">Continuer la lecture<span class=\"screen-reader-text\"> de &laquo;&nbsp;Le Mus\u00e9e Virtuel de l\u2019Art Dentaire s\u2019agrandit&nbsp;&raquo;<\/span><\/a><\/p>\n","protected":false},"author":17,"featured_media":0,"comment_status":"open","ping_status":"open","sticky":false,"template":"","format":"standard","meta":{"_monsterinsights_skip_tracking":false,"_monsterinsights_sitenote_active":false,"_monsterinsights_sitenote_note":"","_monsterinsights_sitenote_category":0,"footnotes":""},"categories":[7,14],"tags":[540,431,231,539,84],"class_list":["post-21283","post","type-post","status-publish","format-standard","hentry","category-histoiresante","category-medecine-odontologie","tag-histoire-de-lodontologie","tag-histoire-de-la-sante","tag-musee","tag-mvad","tag-odontologie"],"_links":{"self":[{"href":"https:\/\/numerabilis.u-paris.fr\/medica\/blog\/index.php\/wp-json\/wp\/v2\/posts\/21283"}],"collection":[{"href":"https:\/\/numerabilis.u-paris.fr\/medica\/blog\/index.php\/wp-json\/wp\/v2\/posts"}],"about":[{"href":"https:\/\/numerabilis.u-paris.fr\/medica\/blog\/index.php\/wp-json\/wp\/v2\/types\/post"}],"author":[{"embeddable":true,"href":"https:\/\/numerabilis.u-paris.fr\/medica\/blog\/index.php\/wp-json\/wp\/v2\/users\/17"}],"replies":[{"embeddable":true,"href":"https:\/\/numerabilis.u-paris.fr\/medica\/blog\/index.php\/wp-json\/wp\/v2\/comments?post=21283"}],"version-history":[{"count":13,"href":"https:\/\/numerabilis.u-paris.fr\/medica\/blog\/index.php\/wp-json\/wp\/v2\/posts\/21283\/revisions"}],"predecessor-version":[{"id":21309,"href":"https:\/\/numerabilis.u-paris.fr\/medica\/blog\/index.php\/wp-json\/wp\/v2\/posts\/21283\/revisions\/21309"}],"wp:attachment":[{"href":"https:\/\/numerabilis.u-paris.fr\/medica\/blog\/index.php\/wp-json\/wp\/v2\/media?parent=21283"}],"wp:term":[{"taxonomy":"category","embeddable":true,"href":"https:\/\/numerabilis.u-paris.fr\/medica\/blog\/index.php\/wp-json\/wp\/v2\/categories?post=21283"},{"taxonomy":"post_tag","embeddable":true,"href":"https:\/\/numerabilis.u-paris.fr\/medica\/blog\/index.php\/wp-json\/wp\/v2\/tags?post=21283"}],"curies":[{"name":"wp","href":"https:\/\/api.w.org\/{rel}","templated":true}]}}