{"id":21360,"date":"2021-04-30T09:48:48","date_gmt":"2021-04-30T07:48:48","guid":{"rendered":"https:\/\/numerabilis.u-paris.fr\/medica\/blog\/?p=21360"},"modified":"2021-04-30T10:41:43","modified_gmt":"2021-04-30T08:41:43","slug":"publication-de-la-troisieme-edition-majeure-de-la-correspondance-complete-et-autres-ecrits-de-guy-patin-1601-1672-par-loic-capron","status":"publish","type":"post","link":"https:\/\/numerabilis.u-paris.fr\/medica\/blog\/index.php\/publication-de-la-troisieme-edition-majeure-de-la-correspondance-complete-et-autres-ecrits-de-guy-patin-1601-1672-par-loic-capron\/","title":{"rendered":"Publication de la troisi\u00e8me \u00e9dition majeure de la \u00ab\u00a0Correspondance compl\u00e8te et autres \u00e9crits de Guy Patin\u00a0\u00bb (1601-1672), par Lo\u00efc Capron"},"content":{"rendered":"<p>La Biblioth\u00e8que interuniversitaire de sant\u00e9 publie sur Internet le dernier grand enrichissement d\u2019un travail de vingt ans : la troisi\u00e8me mise \u00e0 jour majeure de la <em><u><a href=\"https:\/\/www.biusante.parisdescartes.fr\/patin\/\" target=\"_blank\" rel=\"noopener\">Correspondance compl\u00e8te et autres \u00e9crits de Guy Patin<\/a><\/u><\/em>, par le Pr Lo\u00efc Capron.<\/p>\n<p>Elle para\u00eet six ans apr\u00e8s la premi\u00e8re \u00e9dition (qui portait le titre explicite de <em>Correspondance fran\u00e7aise de Guy Patin<\/em>), et deux ans apr\u00e8s la seconde \u00e9dition, qui a inaugur\u00e9 le titre actuel. Toute la correspondance latine alors connue et plusieurs autres textes s\u2019ajoutaient \u00e0 la correspondance fran\u00e7aise, ainsi que de nombreuses annexes.<!--more--><\/p>\n<h1>Les apports de la troisi\u00e8me \u00e9dition<\/h1>\n<p>Cette troisi\u00e8me \u00e9dition de la <em>Correspondance et autres \u00e9crits de Guy Patin<\/em>, outre de nombreuses r\u00e9visions et corrections, est augment\u00e9e\u00a0:<\/p>\n<ul>\n<li>des quatre \u00ab\u00a0ana\u00a0\u00bb (recueils de pens\u00e9es et bons mots d\u2019un auteur) r\u00e9dig\u00e9s par Patin (<em><u><a href=\"https:\/\/www.biusante.parisdescartes.fr\/patin\/?let=8192\" target=\"_blank\" rel=\"noopener\">Naud\u00e6ana<\/a><\/u><\/em>, <em><u><a href=\"https:\/\/www.biusante.parisdescartes.fr\/patin\/?let=8196\" target=\"_blank\" rel=\"noopener\">Patiniana\u00a0I<\/a><\/u><\/em>, <em><u><a href=\"https:\/\/www.biusante.parisdescartes.fr\/patin\/?let=8222\" target=\"_blank\" rel=\"noopener\">Grotiana<\/a><\/u><\/em> et <em><u><a href=\"https:\/\/www.biusante.parisdescartes.fr\/patin\/?do=pg&amp;let=8221\" target=\"_blank\" rel=\"noopener\">Borboniana<\/a><a href=\"https:\/\/www.biusante.parisdescartes.fr\/patin\/?do=pg&amp;let=8221\" target=\"_blank\" rel=\"noopener\"> manuscrit<\/a><\/u><\/em>), et de <em><u><a href=\"https:\/\/www.biusante.parisdescartes.fr\/patin\/?let=8214\" target=\"_blank\" rel=\"noopener\">L\u2019Esprit de Guy Patin<\/a><\/u><\/em><u><a href=\"https:\/\/www.biusante.parisdescartes.fr\/patin\/?let=8214\" target=\"_blank\" rel=\"noopener\"> (rebaptis\u00e9 <\/a><em><a href=\"https:\/\/www.biusante.parisdescartes.fr\/patin\/?let=8214\" target=\"_blank\" rel=\"noopener\">Faux Patiniana\u00a0II<\/a><\/em><\/u>)\u00a0;<\/li>\n<li>de sept lettres latines que Patin a re\u00e7ues de <u><a href=\"https:\/\/www.biusante.parisdescartes.fr\/patin\/?let=8029\" target=\"_blank\" rel=\"noopener\">Samuel Sorbi\u00e8re<\/a><\/u> (les <u><a href=\"https:\/\/www.biusante.parisdescartes.fr\/patin\/?let=9091\" target=\"_blank\" rel=\"noopener\">27\u00a0mai 1646<\/a><\/u>, <u><a href=\"https:\/\/www.biusante.parisdescartes.fr\/patin\/?let=9092\" target=\"_blank\" rel=\"noopener\">15\u00a0octobre 1646<\/a><\/u>, <u><a href=\"https:\/\/www.biusante.parisdescartes.fr\/patin\/?let=9093\" target=\"_blank\" rel=\"noopener\">25\u00a0mars 1647<\/a><\/u>, <u><a href=\"https:\/\/www.biusante.parisdescartes.fr\/patin\/?let=9094\" target=\"_blank\" rel=\"noopener\">30\u00a0novembre 1650<\/a><\/u> et <u><a href=\"https:\/\/www.biusante.parisdescartes.fr\/patin\/?let=9095\" target=\"_blank\" rel=\"noopener\">9\u00a0mars 1655<\/a><\/u>), et qu\u2019il lui a \u00e9crites (les <u><a href=\"https:\/\/www.biusante.parisdescartes.fr\/patin\/?let=1512\" target=\"_blank\" rel=\"noopener\">20\u00a0juillet 1646<\/a><\/u> et <u><a href=\"https:\/\/www.biusante.parisdescartes.fr\/patin\/?let=1513\" target=\"_blank\" rel=\"noopener\">1<\/a><sup><a href=\"https:\/\/www.biusante.parisdescartes.fr\/patin\/?let=1513\" target=\"_blank\" rel=\"noopener\">er<\/a><\/sup><a href=\"https:\/\/www.biusante.parisdescartes.fr\/patin\/?let=1513\" target=\"_blank\" rel=\"noopener\">d\u00e9cembre 1646<\/a><\/u>)\u00a0;<\/li>\n<li>de l\u2019annexe <em><u><a href=\"https:\/\/www.biusante.parisdescartes.fr\/patin\/?let=8224\" target=\"_blank\" rel=\"noopener\">Jacob Spon et Charles Patin, premiers \u00e9diteurs des<\/a><\/u><\/em><u><a href=\"https:\/\/www.biusante.parisdescartes.fr\/patin\/?let=8224\" target=\"_blank\" rel=\"noopener\"> Lettres choisies de feu M. Guy Patin ;<\/a><\/u><\/li>\n<li>de la <em><u><a href=\"https:\/\/www.biusante.parisdescartes.fr\/patin\/?let=8223\" target=\"_blank\" rel=\"noopener\">Th\u00e8se cardinale de Patin sur la<\/a><\/u><\/em><u><a href=\"https:\/\/www.biusante.parisdescartes.fr\/patin\/?let=8223\" target=\"_blank\" rel=\"noopener\"> Sobri\u00e9t\u00e9 (1647)<\/a> <\/u>;<\/li>\n<li>des <em><u><a href=\"https:\/\/www.biusante.parisdescartes.fr\/patin\/?let=8225\" target=\"_blank\" rel=\"noopener\">Deux <\/a><\/u><\/em><u><a href=\"https:\/\/www.biusante.parisdescartes.fr\/patin\/?let=8225\" target=\"_blank\" rel=\"noopener\">Vies <\/a><em><a href=\"https:\/\/www.biusante.parisdescartes.fr\/patin\/?let=8225\" target=\"_blank\" rel=\"noopener\">latines de Jean H\u00e9roard, premier m\u00e9decin de Louis\u00a0<\/a><a href=\"https:\/\/www.biusante.parisdescartes.fr\/patin\/?let=8225\" target=\"_blank\" rel=\"noopener\">XIII ;<\/a><\/em><\/u><\/li>\n<li>de l\u2019<em><u><a href=\"https:\/\/www.biusante.parisdescartes.fr\/patin\/?let=8226\" target=\"_blank\" rel=\"noopener\">Autobiographie de Charles Patin<\/a><\/u><\/em>, tir\u00e9e de son <em>Lyceum Patavinum<\/em> (1682).<\/li>\n<\/ul>\n<hr \/>\n<p><figure id=\"attachment_7313\" aria-describedby=\"caption-attachment-7313\" style=\"width: 200px\" class=\"wp-caption alignleft\"><img loading=\"lazy\" decoding=\"async\" class=\"wp-image-7313 size-full\" src=\"https:\/\/numerabilis.u-paris.fr\/medica\/blog\/wp-content\/uploads\/capron200.jpg\" alt=\"Lo\u00efc Capron.\" width=\"200\" height=\"243\" \/><figcaption id=\"caption-attachment-7313\" class=\"wp-caption-text\">Lo\u00efc Capron. <br \/>[Source : AP-HP 2013]<\/figcaption><\/figure>L&rsquo;AUTEUR.<br \/>\nN\u00e9 le 6 d\u00e9cembre 1949 \u00e0 Arras (Pas-de-Calais), <strong>Lo\u00efc Capron<\/strong> a \u00e9t\u00e9 professeur de m\u00e9decine interne de l\u2019Universit\u00e9 Paris Descartes (1989-2019), chef de service (1982-2012) et pr\u00e9sident de la Commission m\u00e9dicale d\u2019\u00e9tablissement (2012-2016) de l\u2019Assistance publique-h\u00f4pitaux de Paris.<\/p>\n<p>&nbsp;<\/p>\n<p>&nbsp;<\/p>\n<hr \/>\n<h1>Une \u00e9dition monumentale<\/h1>\n<p><figure id=\"attachment_21371\" aria-describedby=\"caption-attachment-21371\" style=\"width: 230px\" class=\"wp-caption alignright\"><img loading=\"lazy\" decoding=\"async\" class=\"wp-image-21371\" src=\"https:\/\/numerabilis.u-paris.fr\/medica\/blog\/wp-content\/uploads\/portrait_lettres_1683.jpg\" alt=\"portrait de Patin en frontispice de la premi\u00e8re \u00e9dition de la correspondance : Lettres choisies de Feu Monsieur Guy Patin\u2026 (Francfort [Gen\u00e8ve], 1683)\" width=\"230\" height=\"386\" srcset=\"https:\/\/numerabilis.u-paris.fr\/medica\/blog\/wp-content\/uploads\/portrait_lettres_1683.jpg 540w, https:\/\/numerabilis.u-paris.fr\/medica\/blog\/wp-content\/uploads\/portrait_lettres_1683-179x300.jpg 179w\" sizes=\"(max-width: 230px) 85vw, 230px\" \/><figcaption id=\"caption-attachment-21371\" class=\"wp-caption-text\">Portrait de Patin en frontispice de la premi\u00e8re \u00e9dition de la correspondance (1683).<\/figcaption><\/figure>Il faut dire quelle quantit\u00e9 de mati\u00e8re se trouve derri\u00e8re la page d\u2019accueil de cette \u00e9dition en ligne, pour qu\u2019il soit possible de mesurer l\u2019ampleur de l\u2019entreprise\u00a0:<\/p>\n<ul>\n<li>1 513 lettres fran\u00e7aises ou latines \u00e9crites par Patin, 95 re\u00e7ues par lui, impliquant 116 correspondants ;<\/li>\n<li>226 annexes contenant, notamment, les biographies des correspondants et une copieuse s\u00e9lection de textes \u00e9crits par Guy Patin ;<\/li>\n<li>27\u00a0597 notes ;<\/li>\n<li>67\u00a0042 entr\u00e9es d\u2019index ;<\/li>\n<li>un glossaire de 482 mots.<\/li>\n<\/ul>\n<p>Une version commerciale imprim\u00e9e compterait de nombreux volumes, mais serait contraire au dessein de l\u2019auteur: num\u00e9risation int\u00e9grale et mise \u00e0 disposition gratuite sont les deux principes fondamentaux de cette \u00e9dition, \u00e9tablie dans l\u2019esprit acad\u00e9mique de la r\u00e9publique des lettres qui se d\u00e9ploie aujourd\u2019hui sur la \u00ab Toile \u00bb. L\u2019Universit\u00e9 fran\u00e7aise a permis ce travail, dont le public doit jouir librement.<\/p>\n<h1>Le tr\u00e9sor des notes<\/h1>\n<p>Il n\u2019appartient pas \u00e0 la biblioth\u00e8que qui publie cet immense travail de faire l\u2019\u00e9loge de son contenu. On nous permettra peut-\u00eatre d\u2019en souligner quelques particularit\u00e9s sans feindre l\u2019impartialit\u00e9.<\/p>\n<p>Patin \u00e9crivait en fran\u00e7ais ou en latin, avec un peu de grec. Ses textes sont truff\u00e9s de citations et de r\u00e9f\u00e9rences. Ils parlent de tout, de la m\u00e9decine \u00e0 la religion en passant par la politique et le commerce du livre. \u00c9crits pour beaucoup d\u2019entre eux \u00e0 des amis, ils sont tr\u00e8s allusifs et leur compr\u00e9hension est souvent ardue.<\/p>\n<p>L\u2019\u00e9dition de Lo\u00efc Capron se fait un devoir de traduire en (tr\u00e8s bon)\u00a0 fran\u00e7ais absolument tout ce qui est dans une langue \u00e9trang\u00e8re, depuis la citation de Galien jusqu\u2019au titre du plus petit opuscule.<\/p>\n<p>Ses 27 597 notes (en rouge entre crochets dans les \u00e9crits) expliquent m\u00e9thodiquement toutes les r\u00e9f\u00e9rences aux \u00e9v\u00e9nements et aux personnes. Elle ne pr\u00e9suppose pas de connaissances sp\u00e9cialis\u00e9es chez le lecteur, que ce soit en histoire ou en m\u00e9decine : les notes documentent avec p\u00e9dagogie une large partie de ce qui est \u00e9voqu\u00e9 dans les textes et y portent toute la lumi\u00e8re possible.<\/p>\n<p>Mais on se rendra compte en voyageant dans le r\u00e9seau de ces notes qu\u2019elles ne se bornent pas \u00e0 des \u00e9claircissements factuels\u00a0: elles contiennent un tr\u00e9sor d\u2019explications et d\u2019interpr\u00e9tations originales.<\/p>\n<p>Elles contiennent aussi un foisonnement que l\u2019on n\u2019attend pas du genre litt\u00e9raire, souvent plut\u00f4t modeste, de la note. Parfois tr\u00e8s br\u00e8ves quand il s\u2019agit de traduire quelques mots, il n\u2019est pas rare qu\u2019elles s\u2019\u00e9tendent, et qu\u2019on y trouve\u2026 mille choses impr\u00e9vues\u00a0: les textes d\u2019autres auteurs s\u2019ils permettent de mieux comprendre Patin (textes eux-m\u00eames enrichis, si n\u00e9cessaire, de notes savantes et souvent savoureuses)\u00a0; des articles sur la r\u00e9alit\u00e9 institutionnelle du monde m\u00e9dical et universitaire, si exotique, de ce temps\u00a0; de pr\u00e9cieux commentaires sur l\u2019histoire des sciences, principalement fond\u00e9s sur les textes de l\u2019\u00e9poque (souvent latins et jamais traduits jusqu\u2019alors)\u00a0; des \u00e9claircissements que seul un m\u00e9decin pouvait donner sur le sens de telle observation m\u00e9dicale de Patin ou des auteurs qu\u2019il citait, etc.<\/p>\n<figure id=\"attachment_21374\" aria-describedby=\"caption-attachment-21374\" style=\"width: 650px\" class=\"wp-caption alignnone\"><img loading=\"lazy\" decoding=\"async\" class=\"wp-image-21374\" src=\"https:\/\/numerabilis.u-paris.fr\/medica\/blog\/wp-content\/uploads\/Note-Malpighi-1024x850.jpg\" alt=\"\u00a0Annexe &quot;Thomas Diafoirus (1673) et sa th\u00e8se (1670)&quot;, note 19 sur Malpighi\" width=\"650\" height=\"539\" srcset=\"https:\/\/numerabilis.u-paris.fr\/medica\/blog\/wp-content\/uploads\/Note-Malpighi-1024x850.jpg 1024w, https:\/\/numerabilis.u-paris.fr\/medica\/blog\/wp-content\/uploads\/Note-Malpighi-300x249.jpg 300w, https:\/\/numerabilis.u-paris.fr\/medica\/blog\/wp-content\/uploads\/Note-Malpighi-768x637.jpg 768w, https:\/\/numerabilis.u-paris.fr\/medica\/blog\/wp-content\/uploads\/Note-Malpighi-1200x996.jpg 1200w, https:\/\/numerabilis.u-paris.fr\/medica\/blog\/wp-content\/uploads\/Note-Malpighi.jpg 1234w\" sizes=\"(max-width: 709px) 85vw, (max-width: 909px) 67vw, (max-width: 984px) 61vw, (max-width: 1362px) 45vw, 600px\" \/><figcaption id=\"caption-attachment-21374\" class=\"wp-caption-text\">Annexe \u00ab\u00a0Thomas Diafoirus (1673) et sa th\u00e8se (1670)\u00a0\u00bb,<a href=\"https:\/\/www.biusante.parisdescartes.fr\/patin\/?do=pg&amp;let=8009&amp;cln=19\" target=\"_blank\" rel=\"noopener\"> note 19<\/a> sur Malpighi<\/figcaption><\/figure>\n<p>L\u2019\u00ab\u00a0apparat critique\u00a0\u00bb, comme on dit, est ici beaucoup plus volumineux que les textes qu\u2019il accompagne. Le lecteur y verra, d\u2019abord, ce qu\u2019il s\u2019attend \u00e0 trouver\u00a0: la nette explicitation d\u2019une allusion, par exemple, ou l\u2019identification d\u2019une citation pr\u00e9alablement traduite. Mais ensuite il y d\u00e9couvrira souvent bien autre chose. Le labyrinthe des notes interconnect\u00e9es d\u00e9ploie une \u0153uvre d\u2019histoire et d\u2019\u00e9rudition d\u2019une forme tr\u00e8s originale, surprenante et gourmande, et qui ne se laisse ni pr\u00e9voir ni r\u00e9sumer. Cette \u0153uvre qui ob\u00e9it avec rigueur aux normes du travail acad\u00e9mique est aussi d\u2019une libert\u00e9 pleine d\u2019inattendu.<\/p>\n<h1>L\u2019index<\/h1>\n<p>Comme dans les \u00e9ditions pr\u00e9c\u00e9dentes, divers acc\u00e8s permettent de circuler dans ce vaste ensemble. Outre les classements par date et par auteur des lettres, et la recherche \u00ab plein texte \u00bb, les 67 042 entr\u00e9es de l&rsquo;index (en vert entre crochets dans les \u00e9crits) permettent de rep\u00e9rer avec certitude les apparitions des personnes, de nombreuses notions, et des \u00e9v\u00e9nements, au sein des textes publi\u00e9s. On se rendra compte que cet index organise la mati\u00e8re trait\u00e9e. Aller \u00e0 l\u2019entr\u00e9e \u00ab fi\u00e8vres \u00bb, c\u2019est acc\u00e9der \u00e0 une classification des fi\u00e8vres dans la nosologie du XVIIe si\u00e8cle. Aller \u00e0 l\u2019entr\u00e9e \u00ab Pi\u00e8tre \u00bb, c\u2019est voir la g\u00e9n\u00e9alogie de cette famille. Et l\u2019index a deux fonctions : en cliquant sur un num\u00e9ro en vert dans les \u00e9crits, on affiche ce \u00e0 quoi il correspond (nom propre ou nom commun) ; inversement, en cliquant sur l\u2019entr\u00e9e d\u2019index qui s\u2019est affich\u00e9e dans la fen\u00eatre de\u00a0 gauche, apparaissent toutes les entr\u00e9es de ce mot dans le corpus.<\/p>\n<figure id=\"attachment_21375\" aria-describedby=\"caption-attachment-21375\" style=\"width: 650px\" class=\"wp-caption alignnone\"><img loading=\"lazy\" decoding=\"async\" class=\"wp-image-21375\" src=\"https:\/\/numerabilis.u-paris.fr\/medica\/blog\/wp-content\/uploads\/Index-fievre-e1617374802834-1024x702.jpg\" alt=\"L\u2019entr\u00e9e \u00ab Fi\u00e8vre \u00bb dans l\u2019index\" width=\"650\" height=\"446\" srcset=\"https:\/\/numerabilis.u-paris.fr\/medica\/blog\/wp-content\/uploads\/Index-fievre-e1617374802834-1024x702.jpg 1024w, https:\/\/numerabilis.u-paris.fr\/medica\/blog\/wp-content\/uploads\/Index-fievre-e1617374802834-300x206.jpg 300w, https:\/\/numerabilis.u-paris.fr\/medica\/blog\/wp-content\/uploads\/Index-fievre-e1617374802834-768x527.jpg 768w, https:\/\/numerabilis.u-paris.fr\/medica\/blog\/wp-content\/uploads\/Index-fievre-e1617374802834-1200x823.jpg 1200w, https:\/\/numerabilis.u-paris.fr\/medica\/blog\/wp-content\/uploads\/Index-fievre-e1617374802834.jpg 1225w\" sizes=\"(max-width: 709px) 85vw, (max-width: 909px) 67vw, (max-width: 984px) 61vw, (max-width: 1362px) 45vw, 600px\" \/><figcaption id=\"caption-attachment-21375\" class=\"wp-caption-text\">L\u2019entr\u00e9e \u00ab Fi\u00e8vre \u00bb dans l\u2019index<\/figcaption><\/figure>\n<figure id=\"attachment_21376\" aria-describedby=\"caption-attachment-21376\" style=\"width: 650px\" class=\"wp-caption alignnone\"><img loading=\"lazy\" decoding=\"async\" class=\"wp-image-21376\" src=\"https:\/\/numerabilis.u-paris.fr\/medica\/blog\/wp-content\/uploads\/Index-Pietre-e1617374773954-1024x709.jpg\" alt=\"L'entr\u00e9e &quot;Pi\u00e8tre&quot; dans l'index\" width=\"650\" height=\"450\" srcset=\"https:\/\/numerabilis.u-paris.fr\/medica\/blog\/wp-content\/uploads\/Index-Pietre-e1617374773954-1024x709.jpg 1024w, https:\/\/numerabilis.u-paris.fr\/medica\/blog\/wp-content\/uploads\/Index-Pietre-e1617374773954-300x208.jpg 300w, https:\/\/numerabilis.u-paris.fr\/medica\/blog\/wp-content\/uploads\/Index-Pietre-e1617374773954-768x532.jpg 768w, https:\/\/numerabilis.u-paris.fr\/medica\/blog\/wp-content\/uploads\/Index-Pietre-e1617374773954-1200x831.jpg 1200w, https:\/\/numerabilis.u-paris.fr\/medica\/blog\/wp-content\/uploads\/Index-Pietre-e1617374773954.jpg 1210w\" sizes=\"(max-width: 709px) 85vw, (max-width: 909px) 67vw, (max-width: 984px) 61vw, (max-width: 1362px) 45vw, 600px\" \/><figcaption id=\"caption-attachment-21376\" class=\"wp-caption-text\">L&rsquo;entr\u00e9e \u00ab\u00a0Pi\u00e8tre\u00a0\u00bb dans l&rsquo;index<\/figcaption><\/figure>\n<p>Six ans apr\u00e8s la parution sur le site de la biblioth\u00e8que de la premi\u00e8re <em>Correspondance fran\u00e7aise de Guy Patin<\/em>, cette mine de savoir a tranquillement trouv\u00e9 une place dans le corpus de l\u2019historiographie de ce si\u00e8cle. Les plus curieux de ses lecteurs sont sans doute encore loin d\u2019avoir visit\u00e9 toutes ses galeries et d\u2019y avoir trouv\u00e9 tous les tr\u00e9sors qu\u2019il rec\u00e8le.<\/p>\n<p style=\"text-align: right;\">Jean-Fran\u00e7ois Vincent<br \/>\nService d\u2019histoire de la sant\u00e9<br \/>\nDirecteur de la r\u00e9daction du corpus Patin<br \/>\nBIU Sant\u00e9\u00a0 &#8211; Direction des biblioth\u00e8ques d&rsquo;Universit\u00e9 de Paris<\/p>\n<h1>Remerciements<\/h1>\n<p>Nous remercions particuli\u00e8rement\u00a0:<\/p>\n<ul>\n<li><strong>Marie-France Claerebout<\/strong> pour son aide et sa confiance depuis le d\u00e9but du projet, et sp\u00e9cialement pour son travail de relectrice in\u00e9puisable et subtile\u00a0;<\/li>\n<li><strong>Jacques Gana<\/strong>, conservateur \u00e0 la BIU\u00a0Sant\u00e9, auteur de l\u2019application informatique\u00a0;<\/li>\n<li><strong>Olivier Ghuzel<\/strong>, analyste informaticien et responsable technique de Medica, qui a entretenu le site et la base de donn\u00e9es depuis le d\u00e9part \u00e0 la retraite de Jacques Gana.<\/li>\n<li><strong>Les nombreux contributeurs<\/strong>, que le Pr Capron cr\u00e9dite avec soin au fil de son travail. Cette \u00e9dition restera vivante et continuera d\u2019int\u00e9grer leurs remarques.<\/li>\n<\/ul>\n<h1>Autour de cette \u00e9dition<\/h1>\n<ul>\n<li>Conf\u00e9rence de Lo\u00efc Capron sur <a href=\"http:\/\/www.chartes.psl.eu\/fr\/actualite\/conference-loic-capron-bibliomanie-guy-patin-1601-1672\" target=\"_blank\" rel=\"noopener\">\u00ab La bibliomanie de Guy Patin (1601-1672) \u00bb<\/a>. \u00c9cole nationale des Chartes, Paris. Publi\u00e9 le 13 octobre 2015. <u><\/u><\/li>\n<li>Conf\u00e9rence de Lo\u00efc Capron sur les <a href=\"http:\/\/www.chartes.psl.eu\/fr\/actualite\/commentaires-faculte-medecine-paris-1650-1652\" target=\"_blank\" rel=\"noopener\">Commentaires sur la \u00ab tr\u00e8s salubre \u00bb Facult\u00e9 de m\u00e9decine de Paris, par Guy Patin, doyen (1650-1652)<\/a>. \u00c9cole nationale des Chartes, Paris. Publi\u00e9 le 3 d\u00e9cembre 2019.<\/li>\n<li>Annonce de la <a href=\"https:\/\/numerabilis.u-paris.fr\/medica\/blog\/index.php\/correspondance-patin-par-loic-capron\/\" target=\"_blank\" rel=\"noopener\">premi\u00e8re \u00e9dition<\/a>.<u><\/u><\/li>\n<li><a href=\"https:\/\/www.youtube.com\/watch?v=9R6dTJtSUuU&amp;feature=youtu.be\" target=\"_blank\" rel=\"noopener\">Entrevue avec Lo\u00efc Capron<\/a> (avec : Marie-France Claerebout [Aldine], Jacques Gana [BIU Sant\u00e9, D\u00e9partement de l\u2019informatique], Jean-Fran\u00e7ois Vincent [BIU Sant\u00e9, Service d\u2019histoire de la sant\u00e9].) 25 f\u00e9vr. 2015. <u><\/u><\/li>\n<li>Annonce de la <a href=\"https:\/\/numerabilis.u-paris.fr\/medica\/blog\/index.php\/correspondance-complete-autres-ecrits-guy-patin\/\" target=\"_blank\" rel=\"noopener\">deuxi\u00e8me \u00e9dition<\/a>. <u><\/u><\/li>\n<\/ul>\n<h2>Pr\u00e9cisions techniques<\/h2>\n<ul>\n<li>La correspondance et l\u2019apparat critique sont plac\u00e9s par leur auteur sous <u><a href=\"http:\/\/creativecommons.org\/licenses\/by-nc\/4.0\/deed.fr\" target=\"_blank\" rel=\"noopener\">Licence Creative Commons<\/a><\/u> (<em>BY-NC : <strong>r\u00e9utilisation libre \u00e0 but non commercial<\/strong>, sous r\u00e9serve d\u2019attribution correcte<\/em>).<\/li>\n<li>Pour tirer le meilleur profit de l\u2019\u00e9dition, nous recommandons au lecteur de parcourir l\u2019<a href=\"https:\/\/www.biusante.parisdescartes.fr\/patin\/mode_d_emploi.pdf\" target=\"_blank\" rel=\"noopener\">aide en ligne.<\/a><\/li>\n<li>Contacts\u00a0: pour les questions scientifiques\u00a0: <u><a href=\"mail&#116;&#111;&#58;&#103;&#117;&#105;&#100;&#x6f;&#x2e;&#x70;&#x61;&#x74;&#x69;&#x6e;&#x40;&#x67;mail&#46;&#99;&#111;&#109;\">&#x70;&#x61;&#116;i&#x6e;&#x40;&#103;ma&#x69;&#x6c;&#46;c&#x6f;&#x6d; <\/a><\/u>; pour les questions techniques\u00a0: <u><a href=\"&#x6d;&#x61;&#x69;&#x6c;&#x74;&#x6f;&#x3a;&#x69;&#x6e;&#x66;&#x6f;&#x2d;&#x68;&#x69;&#x73;&#x74;&#x40;&#x62;&#x69;&#x75;&#x73;&#x61;&#x6e;&#x74;&#x65;&#x2e;&#x70;&#x61;&#x72;&#x69;&#x73;&#x64;&#x65;&#x73;&#x63;&#x61;&#x72;&#x74;&#x65;&#x73;&#x2e;&#x66;&#x72;\">&#x69;&#110;f&#x6f;&#45;h&#x69;&#115;t&#x40;&#98;i&#x75;&#115;a&#x6e;&#x74;e&#x2e;&#x70;&#97;&#x72;&#x69;&#115;&#x64;&#x65;&#115;c&#x61;&#114;t&#x65;&#115;&#46;&#x66;&#114;<\/a><\/u><\/li>\n<\/ul>\n<h2>D\u00e9j\u00e0 paru dans la section \u00c9ditions critiques du site de la BIU Sant\u00e9<\/h2>\n<ul>\n<li><em><u><a href=\"https:\/\/www.biusante.parisdescartes.fr\/vesale\" target=\"_blank\" rel=\"noopener\">La Fabrique de V\u00e9sale et autres textes<\/a><\/u><\/em>, par Jacqueline Vons et St\u00e9phane Velut.<\/li>\n<li><u><a href=\"https:\/\/www.biusante.parisdescartes.fr\/eustache\/debut.htm\" target=\"_blank\" rel=\"noopener\">Bartolomeo Eustache, <\/a><em><a href=\"https:\/\/www.biusante.parisdescartes.fr\/eustache\/debut.htm\">Petit livre sur les dents<\/a><\/em><a href=\"https:\/\/www.biusante.parisdescartes.fr\/eustache\/debut.htm\"> (1563)<\/a><\/u> par Micheline Ruel-Kellermann, en collaboration avec Marie-Rolande Leyrat-Cornuejols<\/li>\n<\/ul>\n<h6>Un projet men\u00e9 par la BIU Sant\u00e9 dans le cadre de ses <u><a href=\"https:\/\/numerabilis.u-paris.fr\/medica\/blog\/index.php\/delegation-collex-persee-sante\/\" target=\"_blank\" rel=\"noopener\">missions nationales CollEx<\/a><\/u>.<\/h6>\n<p><img loading=\"lazy\" decoding=\"async\" class=\"alignnone wp-image-18393 size-medium\" src=\"https:\/\/numerabilis.u-paris.fr\/medica\/blog\/wp-content\/uploads\/collex-logo-horizontal-couleurs-1-300x115.jpg\" alt=\"\" width=\"300\" height=\"115\" srcset=\"https:\/\/numerabilis.u-paris.fr\/medica\/blog\/wp-content\/uploads\/collex-logo-horizontal-couleurs-1-300x115.jpg 300w, https:\/\/numerabilis.u-paris.fr\/medica\/blog\/wp-content\/uploads\/collex-logo-horizontal-couleurs-1.jpg 424w\" sizes=\"(max-width: 300px) 85vw, 300px\" \/><\/p>\n","protected":false},"excerpt":{"rendered":"<p>La Biblioth\u00e8que interuniversitaire de sant\u00e9 publie sur Internet le dernier grand enrichissement d\u2019un travail de vingt ans : la troisi\u00e8me mise \u00e0 jour majeure de la Correspondance compl\u00e8te et autres \u00e9crits de Guy Patin, par le Pr Lo\u00efc Capron. Elle para\u00eet six ans apr\u00e8s la premi\u00e8re \u00e9dition (qui portait le titre explicite de Correspondance fran\u00e7aise &hellip; <a href=\"https:\/\/numerabilis.u-paris.fr\/medica\/blog\/index.php\/publication-de-la-troisieme-edition-majeure-de-la-correspondance-complete-et-autres-ecrits-de-guy-patin-1601-1672-par-loic-capron\/\" class=\"more-link\">Continuer la lecture<span class=\"screen-reader-text\"> de &laquo;&nbsp;Publication de la troisi\u00e8me \u00e9dition majeure de la \u00ab\u00a0Correspondance compl\u00e8te et autres \u00e9crits de Guy Patin\u00a0\u00bb (1601-1672), par Lo\u00efc Capron&nbsp;&raquo;<\/span><\/a><\/p>\n","protected":false},"author":17,"featured_media":0,"comment_status":"open","ping_status":"open","sticky":false,"template":"","format":"standard","meta":{"_monsterinsights_skip_tracking":false,"_monsterinsights_sitenote_active":false,"_monsterinsights_sitenote_note":"","_monsterinsights_sitenote_category":0,"footnotes":""},"categories":[7,14],"tags":[87,168,541,28],"class_list":["post-21360","post","type-post","status-publish","format-standard","hentry","category-histoiresante","category-medecine-odontologie","tag-17e-s","tag-edition","tag-guy-patin","tag-histoire-de-la-medecine"],"_links":{"self":[{"href":"https:\/\/numerabilis.u-paris.fr\/medica\/blog\/index.php\/wp-json\/wp\/v2\/posts\/21360"}],"collection":[{"href":"https:\/\/numerabilis.u-paris.fr\/medica\/blog\/index.php\/wp-json\/wp\/v2\/posts"}],"about":[{"href":"https:\/\/numerabilis.u-paris.fr\/medica\/blog\/index.php\/wp-json\/wp\/v2\/types\/post"}],"author":[{"embeddable":true,"href":"https:\/\/numerabilis.u-paris.fr\/medica\/blog\/index.php\/wp-json\/wp\/v2\/users\/17"}],"replies":[{"embeddable":true,"href":"https:\/\/numerabilis.u-paris.fr\/medica\/blog\/index.php\/wp-json\/wp\/v2\/comments?post=21360"}],"version-history":[{"count":29,"href":"https:\/\/numerabilis.u-paris.fr\/medica\/blog\/index.php\/wp-json\/wp\/v2\/posts\/21360\/revisions"}],"predecessor-version":[{"id":21403,"href":"https:\/\/numerabilis.u-paris.fr\/medica\/blog\/index.php\/wp-json\/wp\/v2\/posts\/21360\/revisions\/21403"}],"wp:attachment":[{"href":"https:\/\/numerabilis.u-paris.fr\/medica\/blog\/index.php\/wp-json\/wp\/v2\/media?parent=21360"}],"wp:term":[{"taxonomy":"category","embeddable":true,"href":"https:\/\/numerabilis.u-paris.fr\/medica\/blog\/index.php\/wp-json\/wp\/v2\/categories?post=21360"},{"taxonomy":"post_tag","embeddable":true,"href":"https:\/\/numerabilis.u-paris.fr\/medica\/blog\/index.php\/wp-json\/wp\/v2\/tags?post=21360"}],"curies":[{"name":"wp","href":"https:\/\/api.w.org\/{rel}","templated":true}]}}