{"id":2483,"date":"2013-09-18T13:50:10","date_gmt":"2013-09-18T11:50:10","guid":{"rendered":"https:\/\/numerabilis.u-paris.fr\/medica\/blog\/?p=2483"},"modified":"2016-03-24T14:56:03","modified_gmt":"2016-03-24T13:56:03","slug":"patrimoine-acteurs-a-lhonneur","status":"publish","type":"post","link":"https:\/\/numerabilis.u-paris.fr\/medica\/blog\/index.php\/patrimoine-acteurs-a-lhonneur\/","title":{"rendered":"Le patrimoine et ses acteurs \u00e0 l&rsquo;honneur"},"content":{"rendered":"<p>Les <strong>journ\u00e9es du Patrimoine 2013<\/strong> ont donn\u00e9 lieu \u00e0 <a title=\"JEP 2013\" href=\"https:\/\/numerabilis.u-paris.fr\/medica\/blog\/index.php\/journees-patrimoine-2013\/\" target=\"_blank\">plusieurs manifestations \u00e0 la BIU Sant\u00e9<\/a>.<\/p>\n<p>En pr\u00e9ambule, une pr\u00e9sentation de documents rares s&rsquo;est tenue dans la r\u00e9serve du service d&rsquo;histoire. Elle a permis de rassembler <strong><em>l&rsquo;ensemble des acteurs du patrimoine<\/em><\/strong> : les d\u00e9cideurs de l&rsquo;<a title=\"Universit\u00e9 Paris Descartes\" href=\"http:\/\/www.univ-paris5.fr\/\" target=\"_blank\"><strong>universit\u00e9<\/strong><\/a> (<em>le pr\u00e9sident F. Dardel, <\/em><em>la pr\u00e9sidente de <a title=\"Fondation Paris Descartes\" href=\"http:\/\/www.fondation.parisdescartes.fr\/\" target=\"_blank\">la fondation Paris Descartes<\/a>, <\/em><em>les doyens de m\u00e9decine et pharmacie, <\/em><em>le directeur g\u00e9n\u00e9ral des services&#8230;<\/em>), quelques <strong>chercheurs<\/strong> familiers de nos collections, ainsi que les <strong>restaurateurs<\/strong> qui ont expos\u00e9 leurs r\u00e9cents travaux. Plusieurs <a title=\"Donateurs et m\u00e9c\u00e8nes\" href=\"https:\/\/www.biusante.parisdescartes.fr\/dons.htm\" target=\"_blank\"><strong>donateurs et m\u00e9c\u00e8nes<\/strong><\/a> \u00e9taient \u00e9galement de la partie, qui ont \u00e9t\u00e9 remerci\u00e9s pour leur aide pr\u00e9cieuse.<\/p>\n<p><img loading=\"lazy\" decoding=\"async\" class=\"aligncenter size-full wp-image-2513\" title=\"Soir\u00e9e patrimoine\" src=\"https:\/\/numerabilis.u-paris.fr\/medica\/blog\/wp-content\/uploads\/201309131.jpg\" alt=\"Soir\u00e9e patrimoine\" width=\"700\" height=\"592\" srcset=\"https:\/\/numerabilis.u-paris.fr\/medica\/blog\/wp-content\/uploads\/201309131.jpg 700w, https:\/\/numerabilis.u-paris.fr\/medica\/blog\/wp-content\/uploads\/201309131-300x253.jpg 300w\" sizes=\"(max-width: 709px) 85vw, (max-width: 909px) 67vw, (max-width: 984px) 61vw, (max-width: 1362px) 45vw, 600px\" \/><\/p>\n<p><img loading=\"lazy\" decoding=\"async\" class=\"alignright size-full wp-image-2487\" title=\"JEP2013\" src=\"https:\/\/numerabilis.u-paris.fr\/medica\/blog\/wp-content\/uploads\/jep2013flou300.jpg\" alt=\"Ouvrages en salle Landouzy\" width=\"300\" height=\"542\" srcset=\"https:\/\/numerabilis.u-paris.fr\/medica\/blog\/wp-content\/uploads\/jep2013flou300.jpg 300w, https:\/\/numerabilis.u-paris.fr\/medica\/blog\/wp-content\/uploads\/jep2013flou300-166x300.jpg 166w\" sizes=\"(max-width: 300px) 85vw, 300px\" \/><\/p>\n<p>Pour en savoir davantage sur nos bienfaiteurs, <a title=\"Donateurs et m\u00e9c\u00e8nes\" href=\"https:\/\/www.biusante.parisdescartes.fr\/dons.htm\" target=\"_blank\">cliquez ici pour consulter la page d\u00e9di\u00e9e<\/a> &#8211; car il est toujours possible de soutenir la biblioth\u00e8que, via des dons ou une aide financi\u00e8re.<\/p>\n<p><em>Les projets \u00e9ditoriaux en cours ont \u00e9t\u00e9 mis en valeur <\/em>: <a title=\"Projet V\u00e9sale\" href=\"https:\/\/numerabilis.u-paris.fr\/medica\/blog\/index.php\/projet-vesale\/\" target=\"_blank\">nouvelles num\u00e9risations, transcriptions et traductions de V\u00e9sale<\/a> et <a title=\"JEP 2013\" href=\"https:\/\/numerabilis.u-paris.fr\/medica\/blog\/index.php\/journees-patrimoine-2013\/\" target=\"_blank\">correspondance de Guy Patin<\/a>, dont nous aurons l&rsquo;occasion de vous entretenir dans les mois \u00e0 venir.<\/p>\n<p><em>Comme de coutume, la biblioth\u00e8que a \u00e9t\u00e9 ouverte au public et plusieurs visites ont \u00e9t\u00e9 organis\u00e9es<\/em> : <a title=\"Histoire BIU Sant\u00e9\" href=\"https:\/\/www.biusante.parisdescartes.fr\/histmed\/salon_2010.pdf\" target=\"_blank\">historique du b\u00e2timent et de la facult\u00e9 au c\u0153ur de la grande salle de lecture<\/a>, choix de livres anciens dans la salle Landouzy (<em>photo ci-contre<\/em>), pr\u00eats d&rsquo;ouvrages pour les visites de la facult\u00e9 de Pharmacie.<\/p>\n<p><em>Merci \u00e0 tous pour votre participation et \u00e0 l&rsquo;ann\u00e9e prochaine !<\/em><\/p>\n","protected":false},"excerpt":{"rendered":"<p>Les journ\u00e9es du Patrimoine 2013 ont donn\u00e9 lieu \u00e0 plusieurs manifestations \u00e0 la BIU Sant\u00e9. En pr\u00e9ambule, une pr\u00e9sentation de documents rares s&rsquo;est tenue dans la r\u00e9serve du service d&rsquo;histoire. Elle a permis de rassembler l&rsquo;ensemble des acteurs du patrimoine : les d\u00e9cideurs de l&rsquo;universit\u00e9 (le pr\u00e9sident F. Dardel, la pr\u00e9sidente de la fondation Paris &hellip; <a href=\"https:\/\/numerabilis.u-paris.fr\/medica\/blog\/index.php\/patrimoine-acteurs-a-lhonneur\/\" class=\"more-link\">Continuer la lecture<span class=\"screen-reader-text\"> de &laquo;&nbsp;Le patrimoine et ses acteurs \u00e0 l&rsquo;honneur&nbsp;&raquo;<\/span><\/a><\/p>\n","protected":false},"author":1,"featured_media":0,"comment_status":"open","ping_status":"open","sticky":false,"template":"","format":"standard","meta":{"_monsterinsights_skip_tracking":false,"_monsterinsights_sitenote_active":false,"_monsterinsights_sitenote_note":"","_monsterinsights_sitenote_category":0,"footnotes":""},"categories":[7],"tags":[124,28,12,75,90,89],"class_list":["post-2483","post","type-post","status-publish","format-standard","hentry","category-histoiresante","tag-don","tag-histoire-de-la-medecine","tag-histoire-de-la-pharmacie","tag-livre","tag-mecenat","tag-visite"],"_links":{"self":[{"href":"https:\/\/numerabilis.u-paris.fr\/medica\/blog\/index.php\/wp-json\/wp\/v2\/posts\/2483"}],"collection":[{"href":"https:\/\/numerabilis.u-paris.fr\/medica\/blog\/index.php\/wp-json\/wp\/v2\/posts"}],"about":[{"href":"https:\/\/numerabilis.u-paris.fr\/medica\/blog\/index.php\/wp-json\/wp\/v2\/types\/post"}],"author":[{"embeddable":true,"href":"https:\/\/numerabilis.u-paris.fr\/medica\/blog\/index.php\/wp-json\/wp\/v2\/users\/1"}],"replies":[{"embeddable":true,"href":"https:\/\/numerabilis.u-paris.fr\/medica\/blog\/index.php\/wp-json\/wp\/v2\/comments?post=2483"}],"version-history":[{"count":35,"href":"https:\/\/numerabilis.u-paris.fr\/medica\/blog\/index.php\/wp-json\/wp\/v2\/posts\/2483\/revisions"}],"predecessor-version":[{"id":2538,"href":"https:\/\/numerabilis.u-paris.fr\/medica\/blog\/index.php\/wp-json\/wp\/v2\/posts\/2483\/revisions\/2538"}],"wp:attachment":[{"href":"https:\/\/numerabilis.u-paris.fr\/medica\/blog\/index.php\/wp-json\/wp\/v2\/media?parent=2483"}],"wp:term":[{"taxonomy":"category","embeddable":true,"href":"https:\/\/numerabilis.u-paris.fr\/medica\/blog\/index.php\/wp-json\/wp\/v2\/categories?post=2483"},{"taxonomy":"post_tag","embeddable":true,"href":"https:\/\/numerabilis.u-paris.fr\/medica\/blog\/index.php\/wp-json\/wp\/v2\/tags?post=2483"}],"curies":[{"name":"wp","href":"https:\/\/api.w.org\/{rel}","templated":true}]}}