{"id":2631,"date":"2013-09-27T14:33:43","date_gmt":"2013-09-27T12:33:43","guid":{"rendered":"https:\/\/numerabilis.u-paris.fr\/medica\/blog\/?p=2631"},"modified":"2013-09-27T14:34:25","modified_gmt":"2013-09-27T12:34:25","slug":"preparation-ecn-conf","status":"publish","type":"post","link":"https:\/\/numerabilis.u-paris.fr\/medica\/blog\/index.php\/preparation-ecn-conf\/","title":{"rendered":"Entra\u00eenez-vous aux ECN avec Conf+"},"content":{"rendered":"<p>Une nouveaut\u00e9 sur notre site pour vous aider \u00e0 <strong>r\u00e9ussir les ECN<\/strong> : <a title=\"Conf+\" href=\"https:\/\/www.biusante.parisdescartes.fr\/medecine\/conf.htm\" target=\"_blank\">Conf+<\/a> (<a title=\"Conf+\" href=\"https:\/\/www.biusante.parisdescartes.fr\/medecine\/conf.htm\" target=\"_blank\">cliquez ici pour y acc\u00e9der directement<\/a>).<\/p>\n<p>Il s&rsquo;agit d&rsquo;une plateforme de <strong>pr\u00e9paration au concours de l&rsquo;internat<\/strong>, con\u00e7ue par <a title=\"S-Editions\" href=\"http:\/\/www.s-editions.com\" target=\"_blank\">Med XL\/S \u00c9ditions<\/a>, \u00e9diteur de livres sp\u00e9cialis\u00e9 en la mati\u00e8re.<\/p>\n<p><a title=\"Conf+\" href=\"https:\/\/www.biusante.parisdescartes.fr\/medecine\/conf.htm\" target=\"_blank\"><img loading=\"lazy\" decoding=\"async\" class=\"aligncenter size-full wp-image-2640\" title=\"conf+\" src=\"https:\/\/numerabilis.u-paris.fr\/medica\/blog\/wp-content\/uploads\/conf+700.jpg\" alt=\"Conf+\" width=\"700\" height=\"526\" srcset=\"https:\/\/numerabilis.u-paris.fr\/medica\/blog\/wp-content\/uploads\/conf+700.jpg 700w, https:\/\/numerabilis.u-paris.fr\/medica\/blog\/wp-content\/uploads\/conf+700-300x225.jpg 300w\" sizes=\"(max-width: 709px) 85vw, (max-width: 909px) 67vw, (max-width: 984px) 61vw, (max-width: 1362px) 45vw, 600px\" \/><\/a><\/p>\n<p><em>Destin\u00e9e aux \u00e9tudiants de D3-D4, la plateforme comporte :<\/em><br \/>\n&#8211; des <strong>conf\u00e9rences de consensus<\/strong> avec fiche de synth\u00e8se, r\u00e9sum\u00e9 <em><strong>vid\u00e9o<\/strong> <\/em>et texte complet annot\u00e9 et surlign\u00e9 par l\u2019auteur. <em>Pour les vid\u00e9os, munissez-vous d&rsquo;un casque audio &#8211; nous pouvons aussi vous en pr\u00eater \u00e0 la biblioth\u00e8que !<\/em><br \/>\n&#8211; <strong>345 fiches<\/strong> couvrant les 345 items du programme ;<br \/>\n&#8211; <strong>120 cas d\u2019imagerie<\/strong> compos\u00e9s d\u2019un \u00e9nonc\u00e9 et d\u2019un commentaire vid\u00e9o de l\u2019auteur.<\/p>\n<p><a title=\"Conf+\" href=\"https:\/\/www.biusante.parisdescartes.fr\/medecine\/conf.htm\" target=\"_blank\"><em>L&rsquo;acc\u00e8s distant est r\u00e9serv\u00e9 aux \u00e9tudiants de Paris Descartes<\/em><\/a>. Pour b\u00e9n\u00e9ficier des fonctionnalit\u00e9s avanc\u00e9es, vous devez vous cr\u00e9er un compte personnel avec votre adresse mail Paris Descartes (<em>etu.parisdescartes.fr<\/em>).<\/p>\n<p style=\"text-align: right;\">\u00a0<a title=\"Adresse Catherine Weill\" href=\"&#x6d;&#x61;&#105;&#108;to&#x3a;&#x63;&#x61;&#116;he&#x72;&#x69;&#x6e;&#101;&#46;w&#x65;&#x69;&#x6c;&#108;&#64;b&#x69;&#x75;&#x73;&#97;&#110;te&#x2e;&#x70;&#x61;&#114;is&#x64;&#x65;&#x73;&#99;&#97;r&#x74;&#x65;&#x73;&#46;&#102;r\" target=\"_blank\">Catherine Weill<\/a><\/p>\n","protected":false},"excerpt":{"rendered":"<p>Une nouveaut\u00e9 sur notre site pour vous aider \u00e0 r\u00e9ussir les ECN : Conf+ (cliquez ici pour y acc\u00e9der directement). Il s&rsquo;agit d&rsquo;une plateforme de pr\u00e9paration au concours de l&rsquo;internat, con\u00e7ue par Med XL\/S \u00c9ditions, \u00e9diteur de livres sp\u00e9cialis\u00e9 en la mati\u00e8re. Destin\u00e9e aux \u00e9tudiants de D3-D4, la plateforme comporte : &#8211; des conf\u00e9rences de &hellip; <a href=\"https:\/\/numerabilis.u-paris.fr\/medica\/blog\/index.php\/preparation-ecn-conf\/\" class=\"more-link\">Continuer la lecture<span class=\"screen-reader-text\"> de &laquo;&nbsp;Entra\u00eenez-vous aux ECN avec Conf+&nbsp;&raquo;<\/span><\/a><\/p>\n","protected":false},"author":1,"featured_media":2640,"comment_status":"open","ping_status":"open","sticky":false,"template":"","format":"standard","meta":{"_monsterinsights_skip_tracking":false,"_monsterinsights_sitenote_active":false,"_monsterinsights_sitenote_note":"","_monsterinsights_sitenote_category":0,"footnotes":""},"categories":[14],"tags":[95,93,94],"class_list":["post-2631","post","type-post","status-publish","format-standard","has-post-thumbnail","hentry","category-medecine-odontologie","tag-dcem","tag-ecn","tag-internat"],"_links":{"self":[{"href":"https:\/\/numerabilis.u-paris.fr\/medica\/blog\/index.php\/wp-json\/wp\/v2\/posts\/2631"}],"collection":[{"href":"https:\/\/numerabilis.u-paris.fr\/medica\/blog\/index.php\/wp-json\/wp\/v2\/posts"}],"about":[{"href":"https:\/\/numerabilis.u-paris.fr\/medica\/blog\/index.php\/wp-json\/wp\/v2\/types\/post"}],"author":[{"embeddable":true,"href":"https:\/\/numerabilis.u-paris.fr\/medica\/blog\/index.php\/wp-json\/wp\/v2\/users\/1"}],"replies":[{"embeddable":true,"href":"https:\/\/numerabilis.u-paris.fr\/medica\/blog\/index.php\/wp-json\/wp\/v2\/comments?post=2631"}],"version-history":[{"count":15,"href":"https:\/\/numerabilis.u-paris.fr\/medica\/blog\/index.php\/wp-json\/wp\/v2\/posts\/2631\/revisions"}],"predecessor-version":[{"id":2653,"href":"https:\/\/numerabilis.u-paris.fr\/medica\/blog\/index.php\/wp-json\/wp\/v2\/posts\/2631\/revisions\/2653"}],"wp:featuredmedia":[{"embeddable":true,"href":"https:\/\/numerabilis.u-paris.fr\/medica\/blog\/index.php\/wp-json\/wp\/v2\/media\/2640"}],"wp:attachment":[{"href":"https:\/\/numerabilis.u-paris.fr\/medica\/blog\/index.php\/wp-json\/wp\/v2\/media?parent=2631"}],"wp:term":[{"taxonomy":"category","embeddable":true,"href":"https:\/\/numerabilis.u-paris.fr\/medica\/blog\/index.php\/wp-json\/wp\/v2\/categories?post=2631"},{"taxonomy":"post_tag","embeddable":true,"href":"https:\/\/numerabilis.u-paris.fr\/medica\/blog\/index.php\/wp-json\/wp\/v2\/tags?post=2631"}],"curies":[{"name":"wp","href":"https:\/\/api.w.org\/{rel}","templated":true}]}}