{"id":266,"date":"2013-02-07T14:57:12","date_gmt":"2013-02-07T13:57:12","guid":{"rendered":"https:\/\/numerabilis.u-paris.fr\/medica\/blog\/?p=266"},"modified":"2016-06-22T17:36:07","modified_gmt":"2016-06-22T15:36:07","slug":"transit-venus-biu-sante-musee-guimet","status":"publish","type":"post","link":"https:\/\/numerabilis.u-paris.fr\/medica\/blog\/index.php\/transit-venus-biu-sante-musee-guimet\/","title":{"rendered":"Le \u00ab Transit de V\u00e9nus \u00bb de la BIU Sant\u00e9 au Mus\u00e9e Guimet"},"content":{"rendered":"<p><em>La nouvelle a \u00e9mu les sp\u00e9cialistes, en France comme au Japon<\/em>. Un document exceptionnel, qui dormait dans les collections de la biblioth\u00e8que de pharmacie, a \u00e9t\u00e9 retrouv\u00e9 presque par hasard.<\/p>\n<p>Ce document est un recueil de <strong>28 planches photographiques<\/strong> concernant l\u2019une des op\u00e9rations scientifiques les plus ambitieuses que l\u2019astronomie moderne ait connue. Il s\u2019agit de la <strong>mission Janssen<\/strong>, organis\u00e9e au Japon, en <strong>1874<\/strong>, au moment du <strong>passage de V\u00e9nus devant le Soleil<\/strong>. Cette mission devait permettre de calculer le plus pr\u00e9cis\u00e9ment possible la <a title=\"Parallaxe sur Wikip\u00e9dia\" href=\"http:\/\/fr.wikipedia.org\/wiki\/Parallaxe\" target=\"_blank\">parallaxe<\/a>, c\u2019est-\u00e0-dire l\u2019impact caus\u00e9 par le changement de position d\u2019un observateur sur l\u2019objet astronomique observ\u00e9. En d\u2019autres termes, cette mission avait pour objectif de trancher l\u2019\u00e9pineuse question de la distance exacte de la Terre au Soleil. Autrement dit\u00a0:<strong><em> d\u00e9terminer l\u2019<a title=\"Unit\u00e9 astronomique sur Wikip\u00e9dia\" href=\"http:\/\/fr.wikipedia.org\/wiki\/Unit%C3%A9_astronomique\" target=\"_blank\">Unit\u00e9 astronomique<\/a><\/em><\/strong>.<\/p>\n<figure id=\"attachment_287\" aria-describedby=\"caption-attachment-287\" style=\"width: 210px\" class=\"wp-caption alignright\"><a title=\" \" href=\"https:\/\/numerabilis.u-paris.fr\/medica\/blog\/wp-content\/uploads\/janssen.jpg\"><img loading=\"lazy\" decoding=\"async\" class=\"wp-image-287 \" title=\"janssen\" src=\"https:\/\/numerabilis.u-paris.fr\/medica\/blog\/wp-content\/uploads\/janssen-210x300.jpg\" alt=\"Portrait de Janssen\" width=\"210\" height=\"300\" srcset=\"https:\/\/numerabilis.u-paris.fr\/medica\/blog\/wp-content\/uploads\/janssen-210x300.jpg 210w, https:\/\/numerabilis.u-paris.fr\/medica\/blog\/wp-content\/uploads\/janssen.jpg 701w\" sizes=\"(max-width: 210px) 85vw, 210px\" \/><\/a><figcaption id=\"caption-attachment-287\" class=\"wp-caption-text\">Jules Janssen (1824-1907), membre de l&rsquo;acad\u00e9mie des Sciences<br \/>Cote CIPB 0515<\/figcaption><\/figure>\n<p>Pour assurer le succ\u00e8s de ses observations, la France consent alors \u00e0 financer six missions. Elle dirige ses savants de l\u2019autre c\u00f4t\u00e9 du monde, vers l\u2019Oc\u00e9an indien, l\u2019Asie et le Pacifique. Trois missions se rendent dans des stations de l\u2019h\u00e9misph\u00e8re nord (P\u00e9kin, Yokohama et Saigon) ; trois autres gagnent l\u2019h\u00e9misph\u00e8re sud (Noum\u00e9a, l\u2019\u00eele Campbell et l\u2019\u00eele Saint-Paul).<\/p>\n<p><!--more--><\/p>\n<p>La mission du Japon, dite de Yokohama, est dirig\u00e9e par <a title=\"Jules Janssen\" href=\"http:\/\/fr.wikipedia.org\/wiki\/Jules_Janssen\" target=\"_blank\">Jules Janssen<\/a> (1824-1907). Partisan r\u00e9solu de la photographie, ce dernier invente pour la circonstance un curieux appareil qu&rsquo;il nomme \u00ab\u00a0<strong>r\u00e9volver astronomique<\/strong>\u00a0\u00bb. C\u2019est l&rsquo;anc\u00eatre de nos appareils astronomiques modernes. C\u2019est \u00e9galement l\u2019un des anc\u00eatres du cin\u00e9matographe. D\u00e8s qu&rsquo;un clich\u00e9 est pris, la rotation du barillet l&rsquo;escamote et pr\u00e9sente devant l&rsquo;objectif une plaque vierge. Une pression sur l&rsquo;obturateur et l&rsquo;on prend la photographie suivante. Un ing\u00e9nieux dispositif permet de graver l&rsquo;heure sur la plaque et de dater chacune des prises de vue.<\/p>\n<figure id=\"attachment_330\" aria-describedby=\"caption-attachment-330\" style=\"width: 377px\" class=\"wp-caption aligncenter\"><a href=\"https:\/\/numerabilis.u-paris.fr\/medica\/blog\/wp-content\/uploads\/00041.jpg\"><img loading=\"lazy\" decoding=\"async\" class=\" wp-image-330 \" title=\"M\u00e9canisme du fusil photographique\" src=\"https:\/\/numerabilis.u-paris.fr\/medica\/blog\/wp-content\/uploads\/00041-300x264.jpg\" alt=\"M\u00e9canisme du fusil photographique\" width=\"377\" height=\"332\" srcset=\"https:\/\/numerabilis.u-paris.fr\/medica\/blog\/wp-content\/uploads\/00041-300x264.jpg 300w, https:\/\/numerabilis.u-paris.fr\/medica\/blog\/wp-content\/uploads\/00041.jpg 664w\" sizes=\"(max-width: 377px) 85vw, 377px\" \/><\/a><figcaption id=\"caption-attachment-330\" class=\"wp-caption-text\">Marey, Le fusil photographique in : La nature&#8230;, 1882, 22 avril, p. 326-330. Cote 110.357<\/figcaption><\/figure>\n<p>Inventeur d\u2019outils nouveaux, <strong>Jules Janssen<\/strong> est aussi un homme de terrain. Quand il prend la t\u00eate de l\u2019exp\u00e9dition de Yokohama, ce quinquag\u00e9naire n\u2019en est pas \u00e0 sa premi\u00e8re aventure. Il n\u2019emp\u00eache, cette exp\u00e9dition ne sera pas de tout repos. Il essuie deux typhons, dont l\u2019un particuli\u00e8rement d\u00e9sastreux en rade de <strong>Hong Kong<\/strong>. Arriv\u00e9 \u00e0 <strong>Yokohama<\/strong> avec une poign\u00e9e d\u2019hommes et 250 caisses de mat\u00e9riel, il doit faire face \u00e0 de nouvelles intemp\u00e9ries. Il d\u00e9cide\u00a0 alors d\u2019installer son observatoire \u00e0 <strong>Nagasaki<\/strong>, qui pr\u00e9sente un climat plus cl\u00e9ment. Mais le temps se g\u00e2te \u00e0 nouveau et, devant la menace d\u2019un nouveau cyclone, Janssen envoie une seconde \u00e9quipe en station \u00e0 <strong>Kobe<\/strong>. Le jour du passage le ciel est charg\u00e9. Heureusement une \u00e9claircie permet aux astronomes d\u2019observer l\u2019essentiel du transit de V\u00e9nus devant le Soleil.<\/p>\n<figure id=\"attachment_332\" aria-describedby=\"caption-attachment-332\" style=\"width: 300px\" class=\"wp-caption alignleft\"><a href=\"https:\/\/numerabilis.u-paris.fr\/medica\/blog\/wp-content\/uploads\/Lunette_astronomique_pharma_000481Def.jpg\"><img loading=\"lazy\" decoding=\"async\" class=\"size-medium wp-image-332 \" title=\"Lunette astronomique\" src=\"https:\/\/numerabilis.u-paris.fr\/medica\/blog\/wp-content\/uploads\/Lunette_astronomique_pharma_000481Def-300x263.jpg\" alt=\"Lunette astronomique\" width=\"300\" height=\"263\" srcset=\"https:\/\/numerabilis.u-paris.fr\/medica\/blog\/wp-content\/uploads\/Lunette_astronomique_pharma_000481Def-300x263.jpg 300w, https:\/\/numerabilis.u-paris.fr\/medica\/blog\/wp-content\/uploads\/Lunette_astronomique_pharma_000481Def.jpg 1024w\" sizes=\"(max-width: 300px) 85vw, 300px\" \/><\/a><figcaption id=\"caption-attachment-332\" class=\"wp-caption-text\">Mission Janssen (1874). Lunette astronomique. Cote 481. D\u00e9p\u00f4t mus\u00e9e Guimet.<\/figcaption><\/figure>\n<p>Durant l\u2019ensemble de la mission Janssen des photographies sont prises, notamment des stations de Nagasaki et de Kobe. Certaines seront envoy\u00e9es \u00e0 <a title=\"Jean-Baptiste Dumas\" href=\"http:\/\/fr.wikipedia.org\/wiki\/Jean-Baptiste_Dumas\" target=\"_blank\">Jean-Baptiste Dumas<\/a> (1800-1884), responsable depuis 1869 de la \u00ab\u00a0<em>Commission du passage<\/em>\u00a0\u00bb. Cette commission\u00a0 \u00e9tait charg\u00e9e de r\u00e9fl\u00e9chir aux moyens, aux dispositions et aux missions \u00e0 entreprendre pour r\u00e9ussir une telle observation men\u00e9e \u00e0 l\u2019\u00e9chelle plan\u00e9taire. Le recueil de 28 planches photographiques, provenant de la biblioth\u00e8que de Jean-Baptiste Dumas, sera ensuite donn\u00e9 \u00e0 la biblioth\u00e8que de Pharmacie, en 1939, par l\u2019Institut. C\u2019est ce m\u00eame recueil qui fait aujourd\u2019hui l\u2019objet d\u2019un d\u00e9p\u00f4t aux <strong>archives photographiques du mus\u00e9e Guimet<\/strong> o\u00f9 la BIU Sant\u00e9 sait qu\u2019il trouvera un lieu de conservation exemplaire. Au mus\u00e9e Guimet, ces photographies pourront \u00e9galement \u00eatre restaur\u00e9es avec soin et \u00eatre mises en les mains de chercheurs sp\u00e9cialis\u00e9s, notamment l\u2019\u00e9quipe de recherche de l\u2019universit\u00e9 de Nagasaki qui d\u00e9veloppe <a title=\"Projet de valorisation du patrimoine photographique de l\u00e8re Meiji\" href=\"http:\/\/oldphoto.lb.nagasaki-u.ac.jp\/unive\/\" target=\"_blank\">un projet remarquable de valorisation du patrimoine photographique du Japon \u00e0 l\u2019\u00e8re Meiji<\/a>, en partenariat avec les archives photographiques du mus\u00e9e Guimet.<\/p>\n<p>Pour plus de renseignements, <a title=\"Adresse Philippe Galanopoulos\" href=\"m&#97;&#105;&#x6c;&#x74;&#x6f;&#x3a;p&#104;&#105;&#108;&#x69;&#x70;&#x70;e&#46;&#103;&#97;&#x6c;&#x61;&#x6e;op&#111;&#117;&#x6c;&#x6f;&#x73;&#64;b&#105;&#117;&#x73;&#x61;&#x6e;te&#46;&#112;&#x61;&#x72;&#x69;sd&#101;&#115;&#x63;&#x61;&#x72;&#x74;e&#115;&#46;&#x66;&#x72;\" target=\"_blank\">contacter Philippe Galanopoulos<\/a>.<\/p>\n<p>Pour en savoir plus\u00a0:<br \/>\n&#8211; Fran\u00e7oise LAUNAY. \u00ab\u00a0Les acteurs de la mission de Jules Janssen au Japon, en 1874\u00a0\u00bb, dans\u00a0: <em>L\u2019Astronomie<\/em>, vol. 121, f\u00e9vrier 2007, pp.94-101<br \/>\n&#8211; Fran\u00e7oise LAUNAY et Peter D. HINGLEY. \u00ab\u00a0Jules Janssen\u2019\u00a0\u00ab\u00a0Revolver photographique\u00a0\u00bb and its British derivate \u00ab\u00a0The Janssen Slide\u00a0\u00bb \u00bb, dans\u00a0: <em>Journal for the History of Astronomy<\/em>, 36 (2005), pp. 435-457<br \/>\n&#8211; Monique SICARD. <a title=\"Monique Sicard, Passage de V\u00e9nus\" href=\"http:\/\/etudesphotographiques.revues.org\/index157.html\" target=\"_blank\">\u00ab\u00a0Passage de V\u00e9nus. Le Revolver photographique de Jules Janssen\u00a0\u00bb<\/a>, dans\u00a0: \u00c9tudes photographiques, 4\u00a0: Photographie et hallucination \/ L\u2019utopie chronophotographique, mai 1998, 10 pp.<\/p>\n<p>Contacts :<br \/>\n<a title=\"Mus\u00e9e Guimet\" href=\"http:\/\/www.guimet.fr\" target=\"_blank\">Mus\u00e9e Guimet<\/a><br \/>\n<a title=\"Service des archives photographiques du mus\u00e9e Guimet\" href=\"http:\/\/www.guimet.fr\/fr\/visite\/archives-photographiques\" target=\"_blank\">Service des archives photographiques du mus\u00e9e Guimet<\/a><br \/>\n<a title=\"Adresse de J\u00e9r\u00f4me Ghesqui\u00e8re\" href=\"&#109;&#97;&#x69;l&#116;&#x6f;&#x3a;j&#101;&#x72;&#x6f;m&#101;&#x2e;&#x67;h&#101;&#x73;&#x71;u&#105;&#x65;&#x72;e&#64;&#x67;u&#105;&#109;&#x65;t&#46;&#x66;&#x72;\" target=\"_blank\">M. J\u00e9r\u00f4me Ghesqui\u00e8re<\/a>, responsable du service des archives photographiques<\/p>\n","protected":false},"excerpt":{"rendered":"<p>La nouvelle a \u00e9mu les sp\u00e9cialistes, en France comme au Japon. Un document exceptionnel, qui dormait dans les collections de la biblioth\u00e8que de pharmacie, a \u00e9t\u00e9 retrouv\u00e9 presque par hasard. Ce document est un recueil de 28 planches photographiques concernant l\u2019une des op\u00e9rations scientifiques les plus ambitieuses que l\u2019astronomie moderne ait connue. Il s\u2019agit de &hellip; <a href=\"https:\/\/numerabilis.u-paris.fr\/medica\/blog\/index.php\/transit-venus-biu-sante-musee-guimet\/\" class=\"more-link\">Continuer la lecture<span class=\"screen-reader-text\"> de &laquo;&nbsp;Le \u00ab Transit de V\u00e9nus \u00bb de la BIU Sant\u00e9 au Mus\u00e9e Guimet&nbsp;&raquo;<\/span><\/a><\/p>\n","protected":false},"author":1,"featured_media":0,"comment_status":"open","ping_status":"open","sticky":false,"template":"","format":"standard","meta":{"_monsterinsights_skip_tracking":false,"_monsterinsights_sitenote_active":false,"_monsterinsights_sitenote_note":"","_monsterinsights_sitenote_category":0,"footnotes":""},"categories":[7,15],"tags":[24],"class_list":["post-266","post","type-post","status-publish","format-standard","hentry","category-histoiresante","category-pharmacie-biologie-cosmetologie","tag-medic"],"_links":{"self":[{"href":"https:\/\/numerabilis.u-paris.fr\/medica\/blog\/index.php\/wp-json\/wp\/v2\/posts\/266"}],"collection":[{"href":"https:\/\/numerabilis.u-paris.fr\/medica\/blog\/index.php\/wp-json\/wp\/v2\/posts"}],"about":[{"href":"https:\/\/numerabilis.u-paris.fr\/medica\/blog\/index.php\/wp-json\/wp\/v2\/types\/post"}],"author":[{"embeddable":true,"href":"https:\/\/numerabilis.u-paris.fr\/medica\/blog\/index.php\/wp-json\/wp\/v2\/users\/1"}],"replies":[{"embeddable":true,"href":"https:\/\/numerabilis.u-paris.fr\/medica\/blog\/index.php\/wp-json\/wp\/v2\/comments?post=266"}],"version-history":[{"count":31,"href":"https:\/\/numerabilis.u-paris.fr\/medica\/blog\/index.php\/wp-json\/wp\/v2\/posts\/266\/revisions"}],"predecessor-version":[{"id":10992,"href":"https:\/\/numerabilis.u-paris.fr\/medica\/blog\/index.php\/wp-json\/wp\/v2\/posts\/266\/revisions\/10992"}],"wp:attachment":[{"href":"https:\/\/numerabilis.u-paris.fr\/medica\/blog\/index.php\/wp-json\/wp\/v2\/media?parent=266"}],"wp:term":[{"taxonomy":"category","embeddable":true,"href":"https:\/\/numerabilis.u-paris.fr\/medica\/blog\/index.php\/wp-json\/wp\/v2\/categories?post=266"},{"taxonomy":"post_tag","embeddable":true,"href":"https:\/\/numerabilis.u-paris.fr\/medica\/blog\/index.php\/wp-json\/wp\/v2\/tags?post=266"}],"curies":[{"name":"wp","href":"https:\/\/api.w.org\/{rel}","templated":true}]}}