{"id":2666,"date":"2013-09-30T14:19:25","date_gmt":"2013-09-30T12:19:25","guid":{"rendered":"https:\/\/numerabilis.u-paris.fr\/medica\/blog\/?p=2666"},"modified":"2014-10-07T14:18:05","modified_gmt":"2014-10-07T12:18:05","slug":"reinscriptions-2013-2014","status":"publish","type":"post","link":"https:\/\/numerabilis.u-paris.fr\/medica\/blog\/index.php\/reinscriptions-2013-2014\/","title":{"rendered":"R\u00e9inscriptions 2013-2014"},"content":{"rendered":"<p>\u00c0\u00a0partir de demain, <strong><em>mardi 1er octobre 2013<\/em><\/strong>, commencent les r\u00e9inscriptions \u00e0 la BIU Sant\u00e9 pour la <strong>nouvelle ann\u00e9e universitaire 2013-2014<\/strong>.<\/p>\n<p>(<em>Les cartes 2012-2013 demeurent valables jusqu&rsquo;au 31 octobre<\/em>)<\/p>\n<p><strong><img loading=\"lazy\" decoding=\"async\" class=\"alignright size-full wp-image-2670\" title=\"Bureau central\" src=\"https:\/\/numerabilis.u-paris.fr\/medica\/blog\/wp-content\/uploads\/bc300.jpg\" alt=\"Bureau central\" width=\"300\" height=\"225\" \/>N&rsquo;oubliez pas vos justificatifs<\/strong> :<\/p>\n<p>&#8211; <strong><em>pour les \u00e9tudiants<\/em><\/strong>, votre carte d&rsquo;\u00e9tudiant mise \u00e0 jour + votre certificat de scolarit\u00e9 indiquant clairement votre cursus et votre niveau ;<\/p>\n<p>&#8211; <strong><em>pour les professionnels<\/em><\/strong>, votre carte professionnelle ou un bulletin de paie r\u00e9cent mentionnant clairement votre employeur.<\/p>\n<p>Et si vous avez d\u00e9j\u00e0 \u00e9t\u00e9 inscrit pr\u00e9c\u00e9demment, <em>ramenez si possible votre ancienne carte de biblioth\u00e8que<\/em> : la r\u00e9inscription sera plus rapide et vous aiderez \u00e0 prot\u00e9ger l&rsquo;environnement (nous n&rsquo;aurons pas besoin de vous fournir une carte toute neuve).<\/p>\n<p><em>Pour m\u00e9moire, le d\u00e9tail de nos conditions d&rsquo;acc\u00e8s est consultable :<\/em><\/p>\n<p>&#8211; <a title=\"Acc\u00e8s M\u00e9decine\" href=\"https:\/\/www.biusante.parisdescartes.fr\/acces.htm\" target=\"_blank\">ici pour le p\u00f4le m\u00e9decine-odontologie<\/a> ;<\/p>\n<p>&#8211; <a title=\"Acc\u00e8s Pharmacie\" href=\"https:\/\/www.biusante.parisdescartes.fr\/acces.htm\" target=\"_blank\">ici pour le p\u00f4le pharmacie-biologie-cosm\u00e9tologie<\/a>.<\/p>\n<p style=\"text-align: right;\"><em>Bonne rentr\u00e9e \u00e0 tous !<\/em><\/p>\n","protected":false},"excerpt":{"rendered":"<p>\u00c0\u00a0partir de demain, mardi 1er octobre 2013, commencent les r\u00e9inscriptions \u00e0 la BIU Sant\u00e9 pour la nouvelle ann\u00e9e universitaire 2013-2014. (Les cartes 2012-2013 demeurent valables jusqu&rsquo;au 31 octobre) N&rsquo;oubliez pas vos justificatifs : &#8211; pour les \u00e9tudiants, votre carte d&rsquo;\u00e9tudiant mise \u00e0 jour + votre certificat de scolarit\u00e9 indiquant clairement votre cursus et votre niveau &hellip; <a href=\"https:\/\/numerabilis.u-paris.fr\/medica\/blog\/index.php\/reinscriptions-2013-2014\/\" class=\"more-link\">Continuer la lecture<span class=\"screen-reader-text\"> de &laquo;&nbsp;R\u00e9inscriptions 2013-2014&nbsp;&raquo;<\/span><\/a><\/p>\n","protected":false},"author":1,"featured_media":2670,"comment_status":"open","ping_status":"open","sticky":false,"template":"","format":"standard","meta":{"_monsterinsights_skip_tracking":false,"_monsterinsights_sitenote_active":false,"_monsterinsights_sitenote_note":"","_monsterinsights_sitenote_category":0,"footnotes":""},"categories":[7,14,15],"tags":[43,59],"class_list":["post-2666","post","type-post","status-publish","format-standard","has-post-thumbnail","hentry","category-histoiresante","category-medecine-odontologie","category-pharmacie-biologie-cosmetologie","tag-acces","tag-vie-etudiante"],"_links":{"self":[{"href":"https:\/\/numerabilis.u-paris.fr\/medica\/blog\/index.php\/wp-json\/wp\/v2\/posts\/2666"}],"collection":[{"href":"https:\/\/numerabilis.u-paris.fr\/medica\/blog\/index.php\/wp-json\/wp\/v2\/posts"}],"about":[{"href":"https:\/\/numerabilis.u-paris.fr\/medica\/blog\/index.php\/wp-json\/wp\/v2\/types\/post"}],"author":[{"embeddable":true,"href":"https:\/\/numerabilis.u-paris.fr\/medica\/blog\/index.php\/wp-json\/wp\/v2\/users\/1"}],"replies":[{"embeddable":true,"href":"https:\/\/numerabilis.u-paris.fr\/medica\/blog\/index.php\/wp-json\/wp\/v2\/comments?post=2666"}],"version-history":[{"count":11,"href":"https:\/\/numerabilis.u-paris.fr\/medica\/blog\/index.php\/wp-json\/wp\/v2\/posts\/2666\/revisions"}],"predecessor-version":[{"id":2677,"href":"https:\/\/numerabilis.u-paris.fr\/medica\/blog\/index.php\/wp-json\/wp\/v2\/posts\/2666\/revisions\/2677"}],"wp:featuredmedia":[{"embeddable":true,"href":"https:\/\/numerabilis.u-paris.fr\/medica\/blog\/index.php\/wp-json\/wp\/v2\/media\/2670"}],"wp:attachment":[{"href":"https:\/\/numerabilis.u-paris.fr\/medica\/blog\/index.php\/wp-json\/wp\/v2\/media?parent=2666"}],"wp:term":[{"taxonomy":"category","embeddable":true,"href":"https:\/\/numerabilis.u-paris.fr\/medica\/blog\/index.php\/wp-json\/wp\/v2\/categories?post=2666"},{"taxonomy":"post_tag","embeddable":true,"href":"https:\/\/numerabilis.u-paris.fr\/medica\/blog\/index.php\/wp-json\/wp\/v2\/tags?post=2666"}],"curies":[{"name":"wp","href":"https:\/\/api.w.org\/{rel}","templated":true}]}}