{"id":293,"date":"2013-01-18T11:47:34","date_gmt":"2013-01-18T10:47:34","guid":{"rendered":"https:\/\/numerabilis.u-paris.fr\/medica\/blog\/?p=293"},"modified":"2013-01-21T10:35:35","modified_gmt":"2013-01-21T09:35:35","slug":"confrences-histoire-mdecine-sant-publique","status":"publish","type":"post","link":"https:\/\/numerabilis.u-paris.fr\/medica\/blog\/index.php\/confrences-histoire-mdecine-sant-publique\/","title":{"rendered":"Cycle histoire de la m\u00e9decine et de la sant\u00e9 publique"},"content":{"rendered":"<p>A partir du 24 janvier 2013, un cycle de<strong> conf\u00e9rences en histoire de la m\u00e9decine et de la sant\u00e9 publique (du XVIIIe au XXe si\u00e8cles)<\/strong> se d\u00e9roulera \u00e0 la facult\u00e9 de m\u00e9decine Paris Descartes.<\/p>\n<p>Ces conf\u00e9rences-d\u00e9bats s\u2019adressent aux professionnels de sant\u00e9, universitaires, \u00e9tudiants, curieux&#8230; et se veulent un temps de rencontres et d\u2019\u00e9changes entre les participants et les chercheurs en sciences humaines et en m\u00e9decine sp\u00e9cialistes de l\u2019histoire de ces questions.<\/p>\n<figure id=\"attachment_304\" aria-describedby=\"caption-attachment-304\" style=\"width: 184px\" class=\"wp-caption alignright\"><a href=\"https:\/\/numerabilis.u-paris.fr\/medica\/blog\/wp-content\/uploads\/jorlandgredim1.jpg\"><img loading=\"lazy\" decoding=\"async\" class=\" wp-image-304\" title=\"G\u00e9rard Jorland\" src=\"https:\/\/numerabilis.u-paris.fr\/medica\/blog\/wp-content\/uploads\/jorlandgredim1.jpg\" alt=\"G\u00e9rard Jorland\" width=\"184\" height=\"174\" \/><\/a><figcaption id=\"caption-attachment-304\" class=\"wp-caption-text\">Photo Soci\u00e9t\u00e9 fran\u00e7aise de Philosophie<\/figcaption><\/figure>\n<p>La premi\u00e8re de ces conf\u00e9rence aura pour th\u00e8me :<\/p>\n<p><strong>\u00ab<em> Une soci\u00e9t\u00e9 \u00e0 soigner. Hygi\u00e8ne et salubrit\u00e9 publiques en France au XIXe si\u00e8cle. <\/em>\u00bb<\/strong><\/p>\n<p>par <a title=\"G\u00e9rard Jorland\" href=\"http:\/\/crh.ehess.fr\/index.php?\/membres\/194\" target=\"_blank\">G\u00e9rard Jorland<\/a>, directeur d&rsquo;\u00e9tudes \u00e0 l&rsquo;<a title=\"EHESS\" href=\"http:\/\/www.ehess.fr\/fr\/\" target=\"_blank\">EHESS <\/a>(Paris).<\/p>\n<p>Elle aura lieu le<strong> jeudi 24 janvier 2013, de 18h \u00e0 20h<\/strong><\/p>\n<p>Au 15, rue de l&rsquo;Ecole-de-M\u00e9decine, 75005 Paris, amphith\u00e9\u00e2tre Portier, 2e \u00e9tage (ascenseur pour les personnes \u00e0 mobilit\u00e9 r\u00e9duite).<\/p>\n<p>M\u00e9tros Cluny-La Sorbonne, Saint-Michel, Od\u00e9on.<\/p>\n<p>Pour plus de renseignements, contactez <a href=\"m&#97;&#105;&#x6c;&#x74;o:&#99;&#97;&#x76;&#x69;sa&#98;&#64;&#x79;&#x61;ho&#111;&#x2e;&#x66;&#x72;\">Isabelle Cav\u00e9<\/a>.<\/p>\n<p>Retrouvez le <a title=\"Programme 2013 conf\u00e9rences en histoire de la m\u00e9decine et de la sant\u00e9 publique\" href=\"http:\/\/calenda.org\/233560\" target=\"_blank\">programme complet des conf\u00e9rences en cliquant sur ce lien<\/a>.<\/p>\n<p><!--more--><\/p>\n<div id=\"schema_block\" class=\"schema_event\"><div itemscope itemtype=\"http:\/\/schema.org\/EducationEvent\"><a class=\"schema_url\" target=\"_blank\" itemprop=\"url\" href=\"http:\/\/goo.gl\/JmmUQ\"><div class=\"schema_name\" itemprop=\"name\">Une soci\u00e9t\u00e9 \u00e0 soigner. Hygi\u00e8ne et salubrit\u00e9 publiques en France au XIXe si\u00e8cle<\/div><\/a><div class=\"schema_description\" itemprop=\"description\">A partir du 24 janvier 2013, un cycle de conf\u00e9rences en histoire de la m\u00e9decine et de la sant\u00e9 publique (du XVIIIe au XXe si\u00e8cles) se d\u00e9roulera \u00e0 la facult\u00e9 de m\u00e9decine Paris Descartes.<\/div><div><meta itemprop=\"startDate\" content=\"2013-01-24T18:00\">Debut: 01\/24\/2013 06:00 pm<\/div><div><meta itemprop=\"endDate\" content=\"2013-01-24:00.000\">Fin: 01\/24\/2013<\/div><div><meta itemprop=\"duration\" content=\"0000-00-00T02:00\">Duree: 2 heures:<\/div><\/div><div itemprop=\"address\" itemscope itemtype=\"http:\/\/schema.org\/PostalAddress\"><div class=\"street\" itemprop=\"streetAddress\">15, rue de l'Ecole-de-M\u00e9decine, 75006 Paris<\/div><div class=\"city_state\"><span class=\"locale\" itemprop=\"addressLocality\">Paris<\/span>,<span class=\"region\" itemprop=\"addressRegion\"> \u00cele-de-France<\/span><\/div><div class=\"postalcode\" itemprop=\"postalCode\">75006<\/div><div class=\"country\" itemprop=\"addressCountry\">FR<\/div><\/div><\/div>\n","protected":false},"excerpt":{"rendered":"<p>A partir du 24 janvier 2013, un cycle de conf\u00e9rences en histoire de la m\u00e9decine et de la sant\u00e9 publique (du XVIIIe au XXe si\u00e8cles) se d\u00e9roulera \u00e0 la facult\u00e9 de m\u00e9decine Paris Descartes. Ces conf\u00e9rences-d\u00e9bats s\u2019adressent aux professionnels de sant\u00e9, universitaires, \u00e9tudiants, curieux&#8230; et se veulent un temps de rencontres et d\u2019\u00e9changes entre les &hellip; <a href=\"https:\/\/numerabilis.u-paris.fr\/medica\/blog\/index.php\/confrences-histoire-mdecine-sant-publique\/\" class=\"more-link\">Continuer la lecture<span class=\"screen-reader-text\"> de &laquo;&nbsp;Cycle histoire de la m\u00e9decine et de la sant\u00e9 publique&nbsp;&raquo;<\/span><\/a><\/p>\n","protected":false},"author":1,"featured_media":304,"comment_status":"open","ping_status":"open","sticky":false,"template":"","format":"standard","meta":{"_monsterinsights_skip_tracking":false,"_monsterinsights_sitenote_active":false,"_monsterinsights_sitenote_note":"","_monsterinsights_sitenote_category":0,"footnotes":""},"categories":[7],"tags":[23],"class_list":["post-293","post","type-post","status-publish","format-standard","has-post-thumbnail","hentry","category-histoiresante","tag-conference"],"_links":{"self":[{"href":"https:\/\/numerabilis.u-paris.fr\/medica\/blog\/index.php\/wp-json\/wp\/v2\/posts\/293"}],"collection":[{"href":"https:\/\/numerabilis.u-paris.fr\/medica\/blog\/index.php\/wp-json\/wp\/v2\/posts"}],"about":[{"href":"https:\/\/numerabilis.u-paris.fr\/medica\/blog\/index.php\/wp-json\/wp\/v2\/types\/post"}],"author":[{"embeddable":true,"href":"https:\/\/numerabilis.u-paris.fr\/medica\/blog\/index.php\/wp-json\/wp\/v2\/users\/1"}],"replies":[{"embeddable":true,"href":"https:\/\/numerabilis.u-paris.fr\/medica\/blog\/index.php\/wp-json\/wp\/v2\/comments?post=293"}],"version-history":[{"count":21,"href":"https:\/\/numerabilis.u-paris.fr\/medica\/blog\/index.php\/wp-json\/wp\/v2\/posts\/293\/revisions"}],"predecessor-version":[{"id":313,"href":"https:\/\/numerabilis.u-paris.fr\/medica\/blog\/index.php\/wp-json\/wp\/v2\/posts\/293\/revisions\/313"}],"wp:featuredmedia":[{"embeddable":true,"href":"https:\/\/numerabilis.u-paris.fr\/medica\/blog\/index.php\/wp-json\/wp\/v2\/media\/304"}],"wp:attachment":[{"href":"https:\/\/numerabilis.u-paris.fr\/medica\/blog\/index.php\/wp-json\/wp\/v2\/media?parent=293"}],"wp:term":[{"taxonomy":"category","embeddable":true,"href":"https:\/\/numerabilis.u-paris.fr\/medica\/blog\/index.php\/wp-json\/wp\/v2\/categories?post=293"},{"taxonomy":"post_tag","embeddable":true,"href":"https:\/\/numerabilis.u-paris.fr\/medica\/blog\/index.php\/wp-json\/wp\/v2\/tags?post=293"}],"curies":[{"name":"wp","href":"https:\/\/api.w.org\/{rel}","templated":true}]}}