{"id":3006,"date":"2013-10-28T14:00:11","date_gmt":"2013-10-28T13:00:11","guid":{"rendered":"https:\/\/numerabilis.u-paris.fr\/medica\/blog\/?p=3006"},"modified":"2014-12-17T09:24:52","modified_gmt":"2014-12-17T08:24:52","slug":"fermeture-1er-novembre-2013","status":"publish","type":"post","link":"https:\/\/numerabilis.u-paris.fr\/medica\/blog\/index.php\/fermeture-1er-novembre-2013\/","title":{"rendered":"Fermeture du 1er novembre"},"content":{"rendered":"<p>La BIU Sant\u00e9 sera ferm\u00e9e <strong>vendredi 1er novembre 2013<\/strong> (jour f\u00e9ri\u00e9).<\/p>\n<p>Elle sera ouverte normalement le <strong>samedi 2 novembre<\/strong>, de 9h \u00e0 20h.<\/p>\n<figure id=\"attachment_3009\" aria-describedby=\"caption-attachment-3009\" style=\"width: 1000px\" class=\"wp-caption aligncenter\"><a title=\"Imago mortis\" href=\"https:\/\/www.biusante.parisdescartes.fr\/histmed\/image?00114\" target=\"_blank\"><img loading=\"lazy\" decoding=\"async\" class=\"size-full wp-image-3009\" title=\"Imago mortis\" src=\"https:\/\/numerabilis.u-paris.fr\/medica\/blog\/wp-content\/uploads\/00114.jpg\" alt=\"\" width=\"1000\" height=\"927\" srcset=\"https:\/\/numerabilis.u-paris.fr\/medica\/blog\/wp-content\/uploads\/00114.jpg 1000w, https:\/\/numerabilis.u-paris.fr\/medica\/blog\/wp-content\/uploads\/00114-300x278.jpg 300w\" sizes=\"(max-width: 709px) 85vw, (max-width: 909px) 67vw, (max-width: 1362px) 62vw, 840px\" \/><\/a><figcaption id=\"caption-attachment-3009\" class=\"wp-caption-text\">Imago Mortis, Michel Wolgemuth, 1493. Cote 000739.<\/figcaption><\/figure>\n<p>L&rsquo;occasion de (re)d\u00e9couvrir nos services en ligne, disponibles 7 jours sur 7 et 24h\/24 :<\/p>\n<p>Pour les <em>historiens<\/em>, en <strong>acc\u00e8s libre<\/strong> : la biblioth\u00e8que num\u00e9rique <em><a href=\"https:\/\/www.biusante.parisdescartes.fr\/\/histmed\/medica.htm\" target=\"_blank\">Medic@<\/a><\/em>, la <a title=\"Banque d'images BIU Sant\u00e9\" href=\"http:\/\/www2.biusante.parisdescartes.fr\/img\/\" target=\"_blank\">Banque d&rsquo;images et de portraits<\/a>, et pourquoi pas une petite visite du c\u00f4t\u00e9 des <a href=\"https:\/\/www.biusante.parisdescartes.fr\/histmed\/expos.htm\" target=\"_blank\">expositions virtuelles<\/a>.<\/p>\n<p>Pour les <em>lecteurs de Paris Descartes<\/em>, les <strong>bases de donn\u00e9es<\/strong> en <a href=\"http:\/\/www2.biusante.parisdescartes.fr\/signets\/index.las?specif=bdd&amp;acces=payant&amp;med=oui&amp;tri=alp\" target=\"_blank\">m\u00e9decine<\/a> ou en <a href=\"http:\/\/www2.biusante.parisdescartes.fr\/signets_pha\/index.las?specif=bdd&amp;acces=payant&amp;pha=oui&amp;tri=alp\" target=\"_blank\">pharmacie<\/a>, les <a href=\"http:\/\/www2.biusante.parisdescartes.fr\/perio\/perio_pay.htm\" target=\"_blank\">revues \u00e9lectroniques<\/a> et les <strong>livres \u00e9lectroniques<\/strong> en <a href=\"http:\/\/www2.biusante.parisdescartes.fr\/signets\/index.las?specif=livelec&amp;acces=payant&amp;med=oui&amp;tri=alp&amp;form=o\" target=\"_blank\">m\u00e9decine<\/a> ou en <a href=\"http:\/\/www2.biusante.parisdescartes.fr\/signets_pha\/index.las?specif=livelec&amp;acces=payant&amp;pha=oui&amp;tri=alp&amp;form=o\" target=\"_blank\">pharmacie<\/a>.<\/p>\n","protected":false},"excerpt":{"rendered":"<p>La BIU Sant\u00e9 sera ferm\u00e9e vendredi 1er novembre 2013 (jour f\u00e9ri\u00e9). Elle sera ouverte normalement le samedi 2 novembre, de 9h \u00e0 20h. L&rsquo;occasion de (re)d\u00e9couvrir nos services en ligne, disponibles 7 jours sur 7 et 24h\/24 : Pour les historiens, en acc\u00e8s libre : la biblioth\u00e8que num\u00e9rique Medic@, la Banque d&rsquo;images et de portraits, &hellip; <a href=\"https:\/\/numerabilis.u-paris.fr\/medica\/blog\/index.php\/fermeture-1er-novembre-2013\/\" class=\"more-link\">Continuer la lecture<span class=\"screen-reader-text\"> de &laquo;&nbsp;Fermeture du 1er novembre&nbsp;&raquo;<\/span><\/a><\/p>\n","protected":false},"author":1,"featured_media":3009,"comment_status":"open","ping_status":"open","sticky":false,"template":"","format":"standard","meta":{"_monsterinsights_skip_tracking":false,"_monsterinsights_sitenote_active":false,"_monsterinsights_sitenote_note":"","_monsterinsights_sitenote_category":0,"footnotes":""},"categories":[7,14,15],"tags":[43],"class_list":["post-3006","post","type-post","status-publish","format-standard","has-post-thumbnail","hentry","category-histoiresante","category-medecine-odontologie","category-pharmacie-biologie-cosmetologie","tag-acces"],"_links":{"self":[{"href":"https:\/\/numerabilis.u-paris.fr\/medica\/blog\/index.php\/wp-json\/wp\/v2\/posts\/3006"}],"collection":[{"href":"https:\/\/numerabilis.u-paris.fr\/medica\/blog\/index.php\/wp-json\/wp\/v2\/posts"}],"about":[{"href":"https:\/\/numerabilis.u-paris.fr\/medica\/blog\/index.php\/wp-json\/wp\/v2\/types\/post"}],"author":[{"embeddable":true,"href":"https:\/\/numerabilis.u-paris.fr\/medica\/blog\/index.php\/wp-json\/wp\/v2\/users\/1"}],"replies":[{"embeddable":true,"href":"https:\/\/numerabilis.u-paris.fr\/medica\/blog\/index.php\/wp-json\/wp\/v2\/comments?post=3006"}],"version-history":[{"count":14,"href":"https:\/\/numerabilis.u-paris.fr\/medica\/blog\/index.php\/wp-json\/wp\/v2\/posts\/3006\/revisions"}],"predecessor-version":[{"id":3077,"href":"https:\/\/numerabilis.u-paris.fr\/medica\/blog\/index.php\/wp-json\/wp\/v2\/posts\/3006\/revisions\/3077"}],"wp:featuredmedia":[{"embeddable":true,"href":"https:\/\/numerabilis.u-paris.fr\/medica\/blog\/index.php\/wp-json\/wp\/v2\/media\/3009"}],"wp:attachment":[{"href":"https:\/\/numerabilis.u-paris.fr\/medica\/blog\/index.php\/wp-json\/wp\/v2\/media?parent=3006"}],"wp:term":[{"taxonomy":"category","embeddable":true,"href":"https:\/\/numerabilis.u-paris.fr\/medica\/blog\/index.php\/wp-json\/wp\/v2\/categories?post=3006"},{"taxonomy":"post_tag","embeddable":true,"href":"https:\/\/numerabilis.u-paris.fr\/medica\/blog\/index.php\/wp-json\/wp\/v2\/tags?post=3006"}],"curies":[{"name":"wp","href":"https:\/\/api.w.org\/{rel}","templated":true}]}}