{"id":3014,"date":"2013-10-24T14:00:55","date_gmt":"2013-10-24T12:00:55","guid":{"rendered":"https:\/\/numerabilis.u-paris.fr\/medica\/blog\/?p=3014"},"modified":"2013-10-24T11:05:10","modified_gmt":"2013-10-24T09:05:10","slug":"colloque-20-ans-bdsp","status":"publish","type":"post","link":"https:\/\/numerabilis.u-paris.fr\/medica\/blog\/index.php\/colloque-20-ans-bdsp\/","title":{"rendered":"Colloque pour les 20 ans de la BDSP"},"content":{"rendered":"<p>Pour f\u00eater dignement ses 20 ans, la <a title=\"BDSP\" href=\"http:\/\/www.bdsp.ehesp.fr\/\" target=\"_blank\">Banque de donn\u00e9es en sant\u00e9 publique<\/a> organise un colloque le <strong>jeudi 28 novembre 2013<\/strong>.<\/p>\n<p>Il aura lieu \u00e0 <a title=\"EHESP\" href=\"http:\/\/www.ehesp.fr\/campus\/sites-de-formation\/\" target=\"_blank\">l&rsquo;\u00e9cole des Hautes \u00e9tudes en sant\u00e9 publique (EHESP, Rennes)<\/a> et aura pour th\u00e8me <strong><em>Les portails en sant\u00e9 publique : quel avenir ?<\/em><\/strong><\/p>\n<p><a title=\"20 ans BDSP\" href=\"http:\/\/www.bdsp.ehesp.fr\/20-ans-bdsp\/\" target=\"_blank\"><img loading=\"lazy\" decoding=\"async\" class=\"aligncenter size-full wp-image-3018\" title=\"BDSP\" src=\"https:\/\/numerabilis.u-paris.fr\/medica\/blog\/wp-content\/uploads\/BDSP.jpg\" alt=\"\" width=\"752\" height=\"596\" srcset=\"https:\/\/numerabilis.u-paris.fr\/medica\/blog\/wp-content\/uploads\/BDSP.jpg 752w, https:\/\/numerabilis.u-paris.fr\/medica\/blog\/wp-content\/uploads\/BDSP-300x237.jpg 300w\" sizes=\"(max-width: 709px) 85vw, (max-width: 909px) 67vw, (max-width: 984px) 61vw, (max-width: 1362px) 45vw, 600px\" \/><\/a><\/p>\n<p>\u00ab\u00a0<em>Ce colloque permettra de faire le point sur les d\u00e9fis auxquels sont confront\u00e9s les dispositifs de ressources documentaires, par des regards crois\u00e9s de sp\u00e9cialistes (documentation, internet, p\u00e9dagogie) et de porteurs de dispositifs dans le champ de la sant\u00e9 publique en France et \u00e0 l\u2019\u00e9tranger.<\/em>\u00a0\u00bb<\/p>\n<p><a title=\"20 ans BDSP\" href=\"http:\/\/www.bdsp.ehesp.fr\/20-ans-bdsp\/\" target=\"_blank\">Plus d&rsquo;informations en cliquant ici<\/a>.<\/p>\n<p><strong><em>Attention, les inscriptions se terminent le 10 novembre prochain<\/em><\/strong>.<\/p>\n<p><!--more--><\/p>\n<div id=\"schema_block\" class=\"schema_event\"><div itemscope itemtype=\"http:\/\/schema.org\/EducationEvent\"><a class=\"schema_url\" target=\"_blank\" itemprop=\"url\" href=\"http:\/\/www.bdsp.ehesp.fr\/20-ans-bdsp\/\"><div class=\"schema_name\" itemprop=\"name\">20 ans de la BDSP Les portails en sant\u00e9 publique : quel avenir ?<\/div><\/a><div><meta itemprop=\"startDate\" content=\"2013-11-28T9:30\">Debut: 11\/28\/2013 09:30 am<\/div><div><meta itemprop=\"endDate\" content=\"2013-11-28:00.000\">Fin: 11\/28\/2013<\/div><\/div><div itemprop=\"address\" itemscope itemtype=\"http:\/\/schema.org\/PostalAddress\"><div class=\"street\" itemprop=\"streetAddress\">Avenue du Professeur-L\u00e9on-Bernard - CS 74312<\/div><div class=\"city_state\"><span class=\"locale\" itemprop=\"addressLocality\">Rennes<\/span><\/div><div class=\"postalcode\" itemprop=\"postalCode\">35043 <\/div><div class=\"country\" itemprop=\"addressCountry\">FR<\/div><\/div><\/div>\n","protected":false},"excerpt":{"rendered":"<p>Pour f\u00eater dignement ses 20 ans, la Banque de donn\u00e9es en sant\u00e9 publique organise un colloque le jeudi 28 novembre 2013. Il aura lieu \u00e0 l&rsquo;\u00e9cole des Hautes \u00e9tudes en sant\u00e9 publique (EHESP, Rennes) et aura pour th\u00e8me Les portails en sant\u00e9 publique : quel avenir ? \u00ab\u00a0Ce colloque permettra de faire le point sur &hellip; <a href=\"https:\/\/numerabilis.u-paris.fr\/medica\/blog\/index.php\/colloque-20-ans-bdsp\/\" class=\"more-link\">Continuer la lecture<span class=\"screen-reader-text\"> de &laquo;&nbsp;Colloque pour les 20 ans de la BDSP&nbsp;&raquo;<\/span><\/a><\/p>\n","protected":false},"author":1,"featured_media":3018,"comment_status":"open","ping_status":"open","sticky":false,"template":"","format":"standard","meta":{"_monsterinsights_skip_tracking":false,"_monsterinsights_sitenote_active":false,"_monsterinsights_sitenote_note":"","_monsterinsights_sitenote_category":0,"footnotes":""},"categories":[14],"tags":[107,45],"class_list":["post-3014","post","type-post","status-publish","format-standard","has-post-thumbnail","hentry","category-medecine-odontologie","tag-colloque-congres-je","tag-sante-publique"],"_links":{"self":[{"href":"https:\/\/numerabilis.u-paris.fr\/medica\/blog\/index.php\/wp-json\/wp\/v2\/posts\/3014"}],"collection":[{"href":"https:\/\/numerabilis.u-paris.fr\/medica\/blog\/index.php\/wp-json\/wp\/v2\/posts"}],"about":[{"href":"https:\/\/numerabilis.u-paris.fr\/medica\/blog\/index.php\/wp-json\/wp\/v2\/types\/post"}],"author":[{"embeddable":true,"href":"https:\/\/numerabilis.u-paris.fr\/medica\/blog\/index.php\/wp-json\/wp\/v2\/users\/1"}],"replies":[{"embeddable":true,"href":"https:\/\/numerabilis.u-paris.fr\/medica\/blog\/index.php\/wp-json\/wp\/v2\/comments?post=3014"}],"version-history":[{"count":12,"href":"https:\/\/numerabilis.u-paris.fr\/medica\/blog\/index.php\/wp-json\/wp\/v2\/posts\/3014\/revisions"}],"predecessor-version":[{"id":3056,"href":"https:\/\/numerabilis.u-paris.fr\/medica\/blog\/index.php\/wp-json\/wp\/v2\/posts\/3014\/revisions\/3056"}],"wp:featuredmedia":[{"embeddable":true,"href":"https:\/\/numerabilis.u-paris.fr\/medica\/blog\/index.php\/wp-json\/wp\/v2\/media\/3018"}],"wp:attachment":[{"href":"https:\/\/numerabilis.u-paris.fr\/medica\/blog\/index.php\/wp-json\/wp\/v2\/media?parent=3014"}],"wp:term":[{"taxonomy":"category","embeddable":true,"href":"https:\/\/numerabilis.u-paris.fr\/medica\/blog\/index.php\/wp-json\/wp\/v2\/categories?post=3014"},{"taxonomy":"post_tag","embeddable":true,"href":"https:\/\/numerabilis.u-paris.fr\/medica\/blog\/index.php\/wp-json\/wp\/v2\/tags?post=3014"}],"curies":[{"name":"wp","href":"https:\/\/api.w.org\/{rel}","templated":true}]}}