{"id":3322,"date":"2013-11-27T14:20:12","date_gmt":"2013-11-27T13:20:12","guid":{"rendered":"https:\/\/numerabilis.u-paris.fr\/medica\/blog\/?p=3322"},"modified":"2016-07-25T16:29:17","modified_gmt":"2016-07-25T14:29:17","slug":"cancerologie-retrospective-nouvelles-strategies","status":"publish","type":"post","link":"https:\/\/numerabilis.u-paris.fr\/medica\/blog\/index.php\/cancerologie-retrospective-nouvelles-strategies\/","title":{"rendered":"Canc\u00e9rologie : r\u00e9trospective et nouvelles strat\u00e9gies th\u00e9rapeutiques"},"content":{"rendered":"<p>Alors que le <a href=\"http:\/\/www.e-cancer.fr\/publications\/93-plan-cancer\/707-rapport-final-du-plan-cancer-2009-2013\" target=\"_blank\">2\u00e8me Plan Cancer (2009-2013) est \u00e0 l\u2019heure du bilan<\/a> et que le <a href=\"http:\/\/www.e-cancer.fr\/publications\/93-plan-cancer\/710-recommandations-pour-le-troisieme-plan-cancer\" target=\"_blank\">3\u00e8me Plan Cancer (2014-2018) est entr\u00e9 dans sa phase finale d\u2019\u00e9laboration<\/a>, deux ouvrages r\u00e9cents, parus tous les deux en septembre 2013, retracent l\u2019<strong>histoire de la canc\u00e9rologie<\/strong> et pr\u00e9sentent ses <strong>derni\u00e8res avanc\u00e9es<\/strong>.<br \/>\nLe premier, une somme passionnante et tr\u00e8s document\u00e9e de plus de 600 pages, est d\u00fb \u00e0 un <em>jeune canc\u00e9rologue am\u00e9ricain<\/em> de 43 ans, d\u2019origine indienne, <a href=\"http:\/\/fr.wikipedia.org\/wiki\/Siddhartha_Mukherjee\" target=\"_blank\">Siddhartha MUKHERJEE<\/a>. Sous le titre <a title=\"L'empereur de toutes les maladies\" href=\"http:\/\/catalogue.biusante.parisdescartes.fr\/ipac20\/ipac.jsp?&amp;index=.PPN&amp;term=172467357\" target=\"_blank\"><strong><em>L\u2019empereur de toutes les maladies : une biographie du cancer<\/em><\/strong><\/a>, les \u00e9ditions Flammarion publient la traduction fran\u00e7aise de <em>The Emperor of all maladies: a biography of cancer<\/em>, paru en novembre 2010 aux \u00c9tats-Unis, o\u00f9 il a \u00e9t\u00e9 salu\u00e9 en 2011 par le prestigieux <a href=\"http:\/\/www.pulitzer.org\/works\/2011-General-Nonfiction\" target=\"_blank\">prix Pulitzer<\/a>, dans la cat\u00e9gorie Essais, et traduit depuis dans 40 langues.<\/p>\n<p><a title=\"L'empereur de toutes les maladies\" href=\"https:\/\/www.biusante.parisdescartes.fr\/ppn?172467357\" target=\"_blank\"><img loading=\"lazy\" decoding=\"async\" class=\"alignleft wp-image-3348\" style=\"border: 1px solid black;\" title=\"L'empereur de toutes les maladies \/ Siddhartha Mukherjee, 2013\" src=\"https:\/\/numerabilis.u-paris.fr\/medica\/blog\/wp-content\/uploads\/Mukherjee.jpg\" alt=\"\" width=\"276\" height=\"472\" srcset=\"https:\/\/numerabilis.u-paris.fr\/medica\/blog\/wp-content\/uploads\/Mukherjee.jpg 491w, https:\/\/numerabilis.u-paris.fr\/medica\/blog\/wp-content\/uploads\/Mukherjee-175x300.jpg 175w\" sizes=\"(max-width: 276px) 85vw, 276px\" \/><\/a>Aujourd\u2019hui <em>professeur assistant \u00e0 l\u2019\u00c9cole de m\u00e9decine de l\u2019Universit\u00e9 Columbia (New York) et m\u00e9decin au Service d\u2019oncologie du New York Presbyterian Hospital<\/em>, l\u2019auteur y raconte en d\u00e9tail <strong>l\u2019\u00e9pop\u00e9e et les progr\u00e8s de sa discipline<\/strong>, depuis les pionniers jusqu\u2019\u00e0 nos jours, sans oublier les patients, en illustrant et entrem\u00ealant son r\u00e9cit d\u2019histoires individuelles. Chacun se sent concern\u00e9 par cette aventure humaine captivante, o\u00f9 des m\u00e9decins et leurs malades luttent contre un ennemi commun redout\u00e9, multiforme, qui demeure la <strong>premi\u00e8re cause de mortalit\u00e9 dans les pays d\u00e9velopp\u00e9s<\/strong>. Le cancer est devenu une exp\u00e9rience universelle et le besoin de mieux conna\u00eetre ce vieil ennemi et les traitements qui permettent de le combattre est plus fort que jamais.<br \/>\nL\u2019ouvrage est accompagn\u00e9 d&rsquo;<em>abondantes notes bibliographiques<\/em> (65 p.) et d\u2019un index de 24 pages. Il est disponible au P\u00f4le Pharmacie de la BIU Sant\u00e9 (Salle Dorveaux, <a href=\"https:\/\/numerabilis.u-paris.fr\/medica\/blog\/index.php\/actus-salle-dorveaux\/\" target=\"_blank\">espace Actualit\u00e9s<\/a>) sous la cote 616.994 009 MUK.<\/p>\n<p>Autre t\u00e9moignage, autre\u00a0\u00ab roman vrai \u00bb, celui du <a href=\"http:\/\/www.gustaveroussy.fr\/fr\/page\/thomas-tursz_850\" target=\"_blank\">Pr Thomas TURSZ<\/a>, publi\u00e9 aux \u00e9ditions Odile Jacob sous le titre<a title=\"Nouvelle m\u00e9decine du cancer\" href=\"http:\/\/catalogue.biusante.parisdescartes.fr\/ipac20\/ipac.jsp?&amp;index=.PPN&amp;term=172486211\" target=\"_blank\"><strong><em> La nouvelle m\u00e9decine du cancer : histoire et espoir<\/em><\/strong><\/a> (252 p.).<br \/>\nDisponible \u00e0 la BIU Sant\u00e9 P\u00f4le Pharmacie, salle Dorveaux, <a href=\"https:\/\/numerabilis.u-paris.fr\/medica\/blog\/index.php\/actus-salle-dorveaux\/\" target=\"_blank\">espace Actualit\u00e9s<\/a>, cote 616.994 KAY.<\/p>\n<p><a title=\"Nouvelle m\u00e9decine du cancer\" href=\"https:\/\/www.biusante.parisdescartes.fr\/ppn?172486211\" target=\"_blank\"><img loading=\"lazy\" decoding=\"async\" class=\"alignright wp-image-3349\" style=\"border: 1px solid black;\" title=\"La nouvelle m\u00e9decine du cancer \/ Thomas Tursz, 2013\" src=\"https:\/\/numerabilis.u-paris.fr\/medica\/blog\/wp-content\/uploads\/tursz.jpg\" alt=\"\" width=\"288\" height=\"453\" \/><\/a>L\u2019auteur,<em> professeur \u00e9m\u00e9rite de canc\u00e9rologie \u00e0 la Facult\u00e9 de m\u00e9decine de Paris-Sud<\/em>, a \u00e9t\u00e9 directeur de l\u2019<a href=\"http:\/\/www.gustaveroussy.fr\/fr\/page\/qui-sommes-nous-_31\" target=\"_blank\">Institut Gustave-Roussy<\/a>, \u00e0 Villejuif, de 1994 \u00e0 2010. Il raconte la naissance et l\u2019histoire de la canc\u00e9rologie fran\u00e7aise et consacre une large place \u00e0 la m\u00e9decine du cancer d\u2019aujourd\u2019hui et de demain, illustr\u00e9e par les <strong>progr\u00e8s de la\u00a0\u00ab\u00a0m\u00e9decine personnalis\u00e9e\u00a0\u00bb<\/strong>. Les\u00a0\u00ab\u00a0<em>chimistes qui synth\u00e9tiseront les m\u00e9dicaments de demain [\u2026] seront guid\u00e9s par les donn\u00e9es de la g\u00e9n\u00e9tique et de la biologie mol\u00e9culaire. Les cibles de ces m\u00e9dicaments ne sont en effet plus les cellules qui se divisent, mais des anomalies mol\u00e9culaires pr\u00e9cises et caract\u00e9ristiques des cellules canc\u00e9reuses.<\/em>\u00a0\u00bb (p. 196). Ainsi d\u00e9j\u00e0, au d\u00e9but des ann\u00e9es 1990, la mise au point de l\u2019<a href=\"http:\/\/fr.wikipedia.org\/wiki\/Herceptine\" target=\"_blank\">Herceptine<\/a>\u00ae (trastuzumab) par les Laboratoires Roche, un <em>anticorps monoclonal recombinant<\/em>, avait ouvert la voie au traitement cibl\u00e9 de certains cancers du sein.<\/p>\n<p>Le s\u00e9quen\u00e7age complet du g\u00e9nome d\u2019une tumeur permet aujourd\u2019hui de d\u00e9crypter des anomalies mol\u00e9culaires pr\u00e9cises, de d\u00e9terminer leur implication dans la gen\u00e8se d\u2019un cancer humain et de synth\u00e9tiser un m\u00e9dicament sp\u00e9cifiquement cibl\u00e9 (\u00ab personnalis\u00e9 \u00bb) pour ce cancer. Le premier m\u00e9dicament de ce type fut le <a href=\"http:\/\/fr.wikipedia.org\/wiki\/Glivec\" target=\"_blank\">Glivec<\/a>\u00ae (imatinib) (p. 206-219), des Laboratoires Novartis, utilis\u00e9 en particulier dans le traitement de la <a href=\"http:\/\/fr.wikipedia.org\/wiki\/Leuc%C3%A9mie_my%C3%A9lo%C3%AFde_chronique\" target=\"_blank\">leuc\u00e9mie my\u00e9lo\u00efde chronique<\/a>.<br \/>\nMais les t\u00e2ches qui attendent les chercheurs restent immenses et n\u00e9cessitent des <strong>coop\u00e9rations qui d\u00e9passent le cadre national<\/strong>.<\/p>\n<p>Au-del\u00e0 de cet aspect technique, la personnalisation doit aussi se traduire par plus d\u2019attention dans la <strong>prise en charge des malades et de leurs familles<\/strong>, plus d&rsquo;\u00e9coute, de respect et d\u2019humanit\u00e9.<br \/>\nSur cet aspect, on lira avec int\u00e9r\u00eat le t\u00e9moignage publi\u00e9 en f\u00e9vrier 2013 aux \u00e9ditions Odile Jacob, sous le titre <a title=\"De larmes et de sang\" href=\"https:\/\/www.biusante.parisdescartes.fr\/ppn?168405997\" target=\"_blank\"><strong><em>De larmes et de sang<\/em><\/strong><\/a> (254 p.), par le <a href=\"http:\/\/fr.wikipedia.org\/wiki\/David_Khayat\" target=\"_blank\">Pr David KHAYAT<\/a>, <em>professeur \u00e0 l\u2019UPMC, chef du service d&rsquo;oncologie m\u00e9dicale \u00e0 l\u2019h\u00f4pital de la Piti\u00e9-Salp\u00eatri\u00e8re<\/em>.<\/p>\n<p><a title=\"De larmes et de sang\" href=\"https:\/\/www.biusante.parisdescartes.fr\/ppn?168405997\" target=\"_blank\"><img loading=\"lazy\" decoding=\"async\" class=\"alignleft wp-image-3351\" style=\"border: 1px solid black;\" title=\"De larmes et de sang \/ David Khayat, 2013\" src=\"https:\/\/numerabilis.u-paris.fr\/medica\/blog\/wp-content\/uploads\/Khayat.jpg\" alt=\"\" width=\"285\" height=\"434\" \/><\/a>Vous trouverez cet ouvrage en libre-acc\u00e8s \u00e0 la BIU Sant\u00e9 P\u00f4le Pharmacie, salle Dorveaux, cote 616.994 KHA et \u00e0 la BIU Sant\u00e9 P\u00f4le M\u00e9decine, Magasins, cote 197516.<\/p>\n<p>N&rsquo;oubliez pas aussi la prochaine conf\u00e9rence \u00ab\u00a0<em>\u00c9thique et cancer : la m\u00e9decine personnalis\u00e9e<\/em>\u00a0\u00bb, qui sera donn\u00e9e par le Pr Herv\u00e9 FRIDMAN (Universit\u00e9 Paris Descartes) le mardi 10 d\u00e9cembre 2013 \u00e0 18h, dans le cadre des <a href=\"https:\/\/numerabilis.u-paris.fr\/medica\/blog\/index.php\/ethique-cancer-rencontre-hippocrate\/\" target=\"_blank\">Rencontres d\u2019Hippocrate<\/a>.<\/p>\n<p>Nous vous rappelons aussi <a title=\"M\u00e9decine personnalis\u00e9e INSERM\" href=\"http:\/\/www.ethique.inserm.fr\/thematiques\/cancer\/dossiers\/la-medecine-personnalisee-du-cancer-a-portee-de-mains\" target=\"_blank\">le dossier d&rsquo;information h\u00e9berg\u00e9 par l&rsquo;INSERM<\/a> et le <a title=\"web documentaire INSERM\" href=\"http:\/\/www.ethique.inserm.fr\/thematiques\/cancer\/recherche-sur-les-cancers-tout-s-accelere-web-documentaire\" target=\"_blank\">web-documentaire \u00ab Recherche sur les cancers : tout s\u2019acc\u00e9l\u00e8re \u00bb<\/a>.<\/p>\n<p>&nbsp;<\/p>\n<p>&nbsp;<\/p>\n<p>&nbsp;<\/p>\n<p>Rappelons enfin, avant de refermer ce billet, la parution en d\u00e9cembre 2012 aux \u00c9ditions Eska de l\u2019ouvrage technique d\u00fb au Pr<strong> Jean TR\u00c9DANIEL<\/strong>, <em>professeur de canc\u00e9rologie \u00e0 l\u2019Universit\u00e9 Paris Descartes, <\/em>en charge de l\u2019unit\u00e9 de canc\u00e9rologie du Groupe hospitalier Paris Saint-Joseph : <strong><em>Les m\u00e9dicaments des cancers : une approche pratique des m\u00e9dicaments \u00e0 notre disposition<\/em><\/strong> (315 p.).<\/p>\n<p><a title=\"M\u00e9dicaments du cancer\" href=\"https:\/\/www.biusante.parisdescartes.fr\/ppn?167252925\" target=\"_blank\"><img loading=\"lazy\" decoding=\"async\" class=\"alignright wp-image-3352\" style=\"border: 1px solid black;\" title=\"Les m\u00e9dicaments des cancers \/ Jean Tr\u00e9daniel, 2012\" src=\"https:\/\/numerabilis.u-paris.fr\/medica\/blog\/wp-content\/uploads\/tredaniel.jpg\" alt=\"\" width=\"287\" height=\"415\" \/><\/a>Un <strong>vade mecum clair et didactique<\/strong> qui fait le point sur les caract\u00e9ristiques pharmacologiques des <strong>grandes classes de m\u00e9dicaments anticanc\u00e9reux<\/strong> et d\u00e9crit les particularit\u00e9s des principaux agents. Cette mise \u00e0 jour enti\u00e8rement r\u00e9\u00e9crite de son ouvrage sur <strong><em>Les m\u00e9dicaments du cancer<\/em><\/strong> (publi\u00e9 en 2009), accorde une attention particuli\u00e8re aux m\u00e9dicaments les plus r\u00e9cents, ces m\u00e9dicaments \u00e0 cible(s) mol\u00e9culaire(s) plus ou moins sp\u00e9cifiques d\u2019un ou plusieurs cancers. Expert fran\u00e7ais et europ\u00e9en, le Pr Jean TR\u00c9DANIEL est membre du Scientific Advisory Group \u2013 Oncology, de l\u2019<a href=\"http:\/\/www.ema.europa.eu\/ema\/\" target=\"_blank\">Agence europ\u00e9enne des m\u00e9dicaments<\/a>, qui examine les demandes d\u2019autorisation de tous les nouveaux m\u00e9dicaments en canc\u00e9rologie.<br \/>\nVous trouverez cet ouvrage en libre-acc\u00e8s \u00e0 la BIU Sant\u00e9 P\u00f4le Pharmacie, salle Dorveaux, <a href=\"https:\/\/numerabilis.u-paris.fr\/medica\/blog\/index.php\/actus-salle-dorveaux\/\" target=\"_blank\">espace Actualit\u00e9s<\/a>, cote 616.994 061 TRE et \u00e0 la BIU Sant\u00e9 P\u00f4le M\u00e9decine, Magasins, cote 197256.<\/p>\n<p>&nbsp;<\/p>\n<p style=\"text-align: right;\"><a href=\"&#109;&#x61;&#105;&#x6c;&#116;&#x6f;&#58;&#x61;&#108;&#x61;&#105;&#x6e;&#46;&#x64;&#101;&#x6c;&#97;&#x66;&#111;&#x72;&#103;&#x65;&#64;&#x62;&#105;&#x75;&#115;&#x61;&#110;&#x74;&#101;&#x2e;&#112;&#x61;&#114;&#x69;&#115;&#x64;&#101;&#x73;&#99;&#x61;&#114;&#x74;&#101;&#x73;&#46;&#x66;&#114;\" target=\"_blank\">Alain Delaforge<\/a> et <a href=\"ma&#105;&#108;&#116;&#x6f;&#x3a;&#x6a;&#x65;&#x72;em&#121;&#46;&#115;&#x63;&#x68;&#x72;&#x65;&#x69;be&#114;&#64;&#98;&#x69;&#x75;&#x73;&#x61;&#x6e;te&#46;&#112;&#97;&#x72;&#x69;&#x73;&#x64;&#x65;sc&#97;&#114;&#116;&#x65;&#x73;&#x2e;&#x66;&#x72;\" target=\"_blank\">Jeremy Schreiber<\/a><\/p>\n<p style=\"text-align: right;\"><!--more--><\/p>\n<p style=\"text-align: right;\"><div id=\"schema_block\" class=\"schema_book\"><div itemscope itemtype=\"http:\/\/schema.org\/Book\"><a class=\"schema_url\" target=\"_blank\" itemprop=\"url\" href=\"https:\/\/numerabilis.u-paris.fr\/medica\/blog\/index.php\/cancerologie_retrospective_nouvelles_strategies\"><div class=\"schema_name\" itemprop=\"name\">L\u2019empereur de toutes les maladies : une biographie du cancer<\/div><\/a><div class=\"schema_description\" itemprop=\"description\">History of Oncology<\/div><div itemprop=\"author\" itemscope itemtype=\"http:\/\/schema.org\/Person\">Auteur: <span itemprop=\"name\">Mukerjee, Siddhartha<\/span><\/div><div itemprop=\"publisher\" itemscope itemtype=\"http:\/\/schema.org\/Organization\">Editeur: <span itemprop=\"name\">Flammarion<\/span><\/div><div class=\"bday\"><meta itemprop=\"datePublished\" content=\"2013-09-01\">Date de publication: 09\/01\/2013<\/div><div>ISBN: <span itemprop=\"isbn\">978-2-0812-8544-6<\/span><\/div><\/div><\/div><\/p>\n<p style=\"text-align: right;\"><div id=\"schema_block\" class=\"schema_book\"><div itemscope itemtype=\"http:\/\/schema.org\/Book\"><a class=\"schema_url\" target=\"_blank\" itemprop=\"url\" href=\"https:\/\/numerabilis.u-paris.fr\/medica\/blog\/index.php\/cancerologie_retrospective_nouvelles_strategies\"><div class=\"schema_name\" itemprop=\"name\">La nouvelle m\u00e9decine du cancer : histoire et espoir<\/div><\/a><div class=\"schema_description\" itemprop=\"description\">Oncology ; Institut Gustave Roussy ; Glivec\u00ae ; Imatinib ; Genomics ; personalised medicine<\/div><div itemprop=\"author\" itemscope itemtype=\"http:\/\/schema.org\/Person\">Auteur: <span itemprop=\"name\">Tursz, Thomas<\/span><\/div><div itemprop=\"publisher\" itemscope itemtype=\"http:\/\/schema.org\/Organization\">Editeur: <span itemprop=\"name\">Odile Jacob<\/span><\/div><div class=\"bday\"><meta itemprop=\"datePublished\" content=\"2013-09-01\">Date de publication: 09\/01\/2013<\/div><div>ISBN: <span itemprop=\"isbn\">978-2-7381-2907-9<\/span><\/div><\/div><\/div><\/p>\n<p style=\"text-align: right;\"><div id=\"schema_block\" class=\"schema_book\"><div itemscope itemtype=\"http:\/\/schema.org\/Book\"><a class=\"schema_url\" target=\"_blank\" itemprop=\"url\" href=\"https:\/\/numerabilis.u-paris.fr\/medica\/blog\/index.php\/cancerologie_retrospective_nouvelles_strategies\"><div class=\"schema_name\" itemprop=\"name\">De larmes et de sang<\/div><\/a><div class=\"schema_description\" itemprop=\"description\">Oncology ; Testimony<\/div><div itemprop=\"author\" itemscope itemtype=\"http:\/\/schema.org\/Person\">Auteur: <span itemprop=\"name\">Khayat, David<\/span><\/div><div itemprop=\"publisher\" itemscope itemtype=\"http:\/\/schema.org\/Organization\">Editeur: <span itemprop=\"name\">Odile Jacob<\/span><\/div><div class=\"bday\"><meta itemprop=\"datePublished\" content=\"2013-02-01\">Date de publication: 02\/01\/2013<\/div><div>ISBN: <span itemprop=\"isbn\">978-2-7381-2717-4<\/span><\/div><\/div><\/div><\/p>\n<p style=\"text-align: right;\"><div id=\"schema_block\" class=\"schema_book\"><div itemscope itemtype=\"http:\/\/schema.org\/Book\"><a class=\"schema_url\" target=\"_blank\" itemprop=\"url\" href=\"https:\/\/numerabilis.u-paris.fr\/medica\/blog\/index.php\/cancerologie_retrospective_nouvelles_strategies\"><div class=\"schema_name\" itemprop=\"name\">Les m\u00e9dicaments des cancers : une approche pratique des m\u00e9dicaments \u00e0 notre disposition<\/div><\/a><div class=\"schema_description\" itemprop=\"description\">Anticancer drugs<\/div><div itemprop=\"author\" itemscope itemtype=\"http:\/\/schema.org\/Person\">Auteur: <span itemprop=\"name\">Tr\u00e9daniel, Jean<\/span><\/div><div itemprop=\"publisher\" itemscope itemtype=\"http:\/\/schema.org\/Organization\">Editeur: <span itemprop=\"name\">Eska<\/span><\/div><div class=\"bday\"><meta itemprop=\"datePublished\" content=\"2012-12-01\">Date de publication: 12\/01\/2012<\/div><div>ISBN: <span itemprop=\"isbn\">978-2-7472-1844-3<\/span><\/div><\/div><\/div><\/p>\n","protected":false},"excerpt":{"rendered":"<p>Alors que le 2\u00e8me Plan Cancer (2009-2013) est \u00e0 l\u2019heure du bilan et que le 3\u00e8me Plan Cancer (2014-2018) est entr\u00e9 dans sa phase finale d\u2019\u00e9laboration, deux ouvrages r\u00e9cents, parus tous les deux en septembre 2013, retracent l\u2019histoire de la canc\u00e9rologie et pr\u00e9sentent ses derni\u00e8res avanc\u00e9es. Le premier, une somme passionnante et tr\u00e8s document\u00e9e de &hellip; <a href=\"https:\/\/numerabilis.u-paris.fr\/medica\/blog\/index.php\/cancerologie-retrospective-nouvelles-strategies\/\" class=\"more-link\">Continuer la lecture<span class=\"screen-reader-text\"> de &laquo;&nbsp;Canc\u00e9rologie : r\u00e9trospective et nouvelles strat\u00e9gies th\u00e9rapeutiques&nbsp;&raquo;<\/span><\/a><\/p>\n","protected":false},"author":1,"featured_media":0,"comment_status":"open","ping_status":"open","sticky":false,"template":"","format":"standard","meta":{"_monsterinsights_skip_tracking":false,"_monsterinsights_sitenote_active":false,"_monsterinsights_sitenote_note":"","_monsterinsights_sitenote_category":0,"footnotes":""},"categories":[14,15],"tags":[73],"class_list":["post-3322","post","type-post","status-publish","format-standard","hentry","category-medecine-odontologie","category-pharmacie-biologie-cosmetologie","tag-cancer"],"_links":{"self":[{"href":"https:\/\/numerabilis.u-paris.fr\/medica\/blog\/index.php\/wp-json\/wp\/v2\/posts\/3322"}],"collection":[{"href":"https:\/\/numerabilis.u-paris.fr\/medica\/blog\/index.php\/wp-json\/wp\/v2\/posts"}],"about":[{"href":"https:\/\/numerabilis.u-paris.fr\/medica\/blog\/index.php\/wp-json\/wp\/v2\/types\/post"}],"author":[{"embeddable":true,"href":"https:\/\/numerabilis.u-paris.fr\/medica\/blog\/index.php\/wp-json\/wp\/v2\/users\/1"}],"replies":[{"embeddable":true,"href":"https:\/\/numerabilis.u-paris.fr\/medica\/blog\/index.php\/wp-json\/wp\/v2\/comments?post=3322"}],"version-history":[{"count":63,"href":"https:\/\/numerabilis.u-paris.fr\/medica\/blog\/index.php\/wp-json\/wp\/v2\/posts\/3322\/revisions"}],"predecessor-version":[{"id":11577,"href":"https:\/\/numerabilis.u-paris.fr\/medica\/blog\/index.php\/wp-json\/wp\/v2\/posts\/3322\/revisions\/11577"}],"wp:attachment":[{"href":"https:\/\/numerabilis.u-paris.fr\/medica\/blog\/index.php\/wp-json\/wp\/v2\/media?parent=3322"}],"wp:term":[{"taxonomy":"category","embeddable":true,"href":"https:\/\/numerabilis.u-paris.fr\/medica\/blog\/index.php\/wp-json\/wp\/v2\/categories?post=3322"},{"taxonomy":"post_tag","embeddable":true,"href":"https:\/\/numerabilis.u-paris.fr\/medica\/blog\/index.php\/wp-json\/wp\/v2\/tags?post=3322"}],"curies":[{"name":"wp","href":"https:\/\/api.w.org\/{rel}","templated":true}]}}