{"id":3470,"date":"2013-12-10T15:00:46","date_gmt":"2013-12-10T14:00:46","guid":{"rendered":"https:\/\/numerabilis.u-paris.fr\/medica\/blog\/?p=3470"},"modified":"2013-12-09T15:02:52","modified_gmt":"2013-12-09T14:02:52","slug":"fermeture-noel-2013","status":"publish","type":"post","link":"https:\/\/numerabilis.u-paris.fr\/medica\/blog\/index.php\/fermeture-noel-2013\/","title":{"rendered":"Fermetures de fin d&rsquo;ann\u00e9e"},"content":{"rendered":"<p>En raison des <strong>vacances<\/strong> universitaires de fin d\u2019ann\u00e9e, les deux sites de la BIU Sant\u00e9 seront ferm\u00e9s, ainsi que le <a title=\"Lien vers BIUMInfo\" href=\"http:\/\/www2.biusante.parisdescartes.fr\/biuminfo\/biuminfo_sais_fra.htm\" target=\"_blank\">service de questions-r\u00e9ponses en ligne <em>BIUMInfo<\/em><\/a> :<\/p>\n<p>&#8211; \u00e0 partir du <strong>samedi 21 d\u00e9cembre \u00e0 18h<\/strong> (<em>au lieu de 20h habituellement<\/em>) pour le p\u00f4le <strong>m\u00e9decine-odontologie<\/strong> (<em>12, rue de l\u2019\u00c9cole-de-M\u00e9decine<\/em>) ;<\/p>\n<p>&#8211; \u00e0 partir du <strong>vendredi 20 d\u00e9cembre \u00e0 20h<\/strong> pour le p\u00f4le <strong>pharmacie-biologie-cosm\u00e9tologie<\/strong> (<em>4, avenue de l\u2019Observatoire<\/em>).<\/p>\n<p><strong>Les deux sites rouvriront le lundi 6 janvier 2014 \u00e0 9h<\/strong>.<\/p>\n<p>En attendant, nous vous proposons en cadeau quelques visuels de saison, tir\u00e9s de la revue <strong><em>La Parfumerie moderne<\/em><\/strong> &#8211; revue dont les num\u00e9risations seront mises en ligne sur notre site pour No\u00ebl.<\/p>\n<div id='gallery-1' class='gallery galleryid-3470 gallery-columns-3 gallery-size-thumbnail'><figure class='gallery-item'>\n\t\t\t<div class='gallery-icon portrait'>\n\t\t\t\t<a href='https:\/\/numerabilis.u-paris.fr\/medica\/blog\/wp-content\/uploads\/1920.jpg'><img loading=\"lazy\" decoding=\"async\" width=\"150\" height=\"150\" src=\"https:\/\/numerabilis.u-paris.fr\/medica\/blog\/wp-content\/uploads\/1920-150x150.jpg\" class=\"attachment-thumbnail size-thumbnail\" alt=\"\" \/><\/a>\n\t\t\t<\/div><\/figure><figure class='gallery-item'>\n\t\t\t<div class='gallery-icon portrait'>\n\t\t\t\t<a href='https:\/\/numerabilis.u-paris.fr\/medica\/blog\/wp-content\/uploads\/1922.jpg'><img loading=\"lazy\" decoding=\"async\" width=\"150\" height=\"150\" src=\"https:\/\/numerabilis.u-paris.fr\/medica\/blog\/wp-content\/uploads\/1922-150x150.jpg\" class=\"attachment-thumbnail size-thumbnail\" alt=\"\" \/><\/a>\n\t\t\t<\/div><\/figure><figure class='gallery-item'>\n\t\t\t<div class='gallery-icon portrait'>\n\t\t\t\t<a href='https:\/\/numerabilis.u-paris.fr\/medica\/blog\/wp-content\/uploads\/1926.jpg'><img loading=\"lazy\" decoding=\"async\" width=\"150\" height=\"150\" src=\"https:\/\/numerabilis.u-paris.fr\/medica\/blog\/wp-content\/uploads\/1926-150x150.jpg\" class=\"attachment-thumbnail size-thumbnail\" alt=\"\" \/><\/a>\n\t\t\t<\/div><\/figure>\n\t\t<\/div>\n\n<p>&nbsp;<\/p>\n<p>La tr\u00eave des confiseurs sera l&rsquo;occasion de (re)d\u00e9couvrir nos services en ligne, disponibles 7 jours sur 7 et 24\/24h, m\u00eame en p\u00e9riode de f\u00eates :<\/p>\n<p>Pour les <em>historiens<\/em>, en <strong>acc\u00e8s libre<\/strong> : la biblioth\u00e8que num\u00e9rique <em><a href=\"https:\/\/www.biusante.parisdescartes.fr\/\/histmed\/medica.htm\" target=\"_blank\">Medic@<\/a><\/em>, la <a title=\"Banque d'images BIU Sant\u00e9\" href=\"http:\/\/www2.biusante.parisdescartes.fr\/img\/\" target=\"_blank\">Banque d&rsquo;images et de portraits<\/a>, et pourquoi pas une petite visite du c\u00f4t\u00e9 des <a href=\"https:\/\/www.biusante.parisdescartes.fr\/histmed\/expos.htm\" target=\"_blank\">expositions virtuelles<\/a>. Et n&rsquo;oubliez pas que vous avez<a title=\"Promo EOD\" href=\"https:\/\/numerabilis.u-paris.fr\/medica\/blog\/index.php\/ebooks-eod-10-euros\/\" target=\"_blank\"> jusqu&rsquo;au 15 d\u00e9cembre 2013 pour faire num\u00e9riser via EOD<\/a> les ouvrages anciens de notre biblioth\u00e8que, au tarif pr\u00e9f\u00e9rentiel de 10 euros seulement (quel que soit le nombre de pages). Un cadeau de No\u00ebl original, qui ne prend pas de place et que vous n&rsquo;aurez m\u00eame pas besoin d&#8217;emballer.<\/p>\n<p>Pour les <em>lecteurs de Paris Descartes<\/em>, les <strong>bases de donn\u00e9es<\/strong> en <a href=\"http:\/\/www2.biusante.parisdescartes.fr\/signets\/index.las?specif=bdd&amp;acces=payant&amp;med=oui&amp;tri=alp\" target=\"_blank\">m\u00e9decine<\/a> ou en <a href=\"http:\/\/www2.biusante.parisdescartes.fr\/signets_pha\/index.las?specif=bdd&amp;acces=payant&amp;pha=oui&amp;tri=alp\" target=\"_blank\">pharmacie<\/a>, les <a href=\"http:\/\/www2.biusante.parisdescartes.fr\/perio\/perio_pay.htm\" target=\"_blank\">revues \u00e9lectroniques<\/a> et les <strong>livres \u00e9lectroniques<\/strong> en <a href=\"http:\/\/www2.biusante.parisdescartes.fr\/signets\/index.las?specif=livelec&amp;acces=payant&amp;med=oui&amp;tri=alp&amp;form=o\" target=\"_blank\">m\u00e9decine<\/a> ou en <a href=\"http:\/\/www2.biusante.parisdescartes.fr\/signets_pha\/index.las?specif=livelec&amp;acces=payant&amp;pha=oui&amp;tri=alp&amp;form=o\" target=\"_blank\">pharmacie<\/a>.<\/p>\n<p>Et pour patienter en attendant le 24 d\u00e9cembre, vous pouvez consulter quelques <em>calendriers de l&rsquo;Avent originaux<\/em> :<\/p>\n<p>&#8211; sur le site de <a title=\"Calendrier Avent Cochrane\" href=\"http:\/\/evidentlycochrane.wordpress.com\/2013\/11\/29\/an-evidence-advent-calendar\/\" target=\"_blank\">la <em>Cochrane Library<\/em> (en anglais)<\/a> ;<\/p>\n<p>&#8211; <a title=\"Calendrier Avent Biens Communs\" href=\"http:\/\/www.aventdudomainepublic.org\/\" target=\"_blank\">le <em>calendrier de l&rsquo;Avent du domaine public<\/em><\/a>, pour d\u00e9couvrir quels auteurs passeront dans le domaine public en 2014.<\/p>\n<p>D&rsquo;ici l\u00e0, l\u2019\u00e9quipe de la BIU Sant\u00e9 vous souhaite \u00e0 tous de bonnes f\u00eates de fin d\u2019ann\u00e9e.<\/p>\n","protected":false},"excerpt":{"rendered":"<p>En raison des vacances universitaires de fin d\u2019ann\u00e9e, les deux sites de la BIU Sant\u00e9 seront ferm\u00e9s, ainsi que le service de questions-r\u00e9ponses en ligne BIUMInfo : &#8211; \u00e0 partir du samedi 21 d\u00e9cembre \u00e0 18h (au lieu de 20h habituellement) pour le p\u00f4le m\u00e9decine-odontologie (12, rue de l\u2019\u00c9cole-de-M\u00e9decine) ; &#8211; \u00e0 partir du vendredi &hellip; <a href=\"https:\/\/numerabilis.u-paris.fr\/medica\/blog\/index.php\/fermeture-noel-2013\/\" class=\"more-link\">Continuer la lecture<span class=\"screen-reader-text\"> de &laquo;&nbsp;Fermetures de fin d&rsquo;ann\u00e9e&nbsp;&raquo;<\/span><\/a><\/p>\n","protected":false},"author":1,"featured_media":0,"comment_status":"open","ping_status":"open","sticky":false,"template":"","format":"standard","meta":{"_monsterinsights_skip_tracking":false,"_monsterinsights_sitenote_active":false,"_monsterinsights_sitenote_note":"","_monsterinsights_sitenote_category":0,"footnotes":""},"categories":[7,14,15],"tags":[43,49,106],"class_list":["post-3470","post","type-post","status-publish","format-standard","hentry","category-histoiresante","category-medecine-odontologie","category-pharmacie-biologie-cosmetologie","tag-acces","tag-fermeture","tag-vacance"],"_links":{"self":[{"href":"https:\/\/numerabilis.u-paris.fr\/medica\/blog\/index.php\/wp-json\/wp\/v2\/posts\/3470"}],"collection":[{"href":"https:\/\/numerabilis.u-paris.fr\/medica\/blog\/index.php\/wp-json\/wp\/v2\/posts"}],"about":[{"href":"https:\/\/numerabilis.u-paris.fr\/medica\/blog\/index.php\/wp-json\/wp\/v2\/types\/post"}],"author":[{"embeddable":true,"href":"https:\/\/numerabilis.u-paris.fr\/medica\/blog\/index.php\/wp-json\/wp\/v2\/users\/1"}],"replies":[{"embeddable":true,"href":"https:\/\/numerabilis.u-paris.fr\/medica\/blog\/index.php\/wp-json\/wp\/v2\/comments?post=3470"}],"version-history":[{"count":31,"href":"https:\/\/numerabilis.u-paris.fr\/medica\/blog\/index.php\/wp-json\/wp\/v2\/posts\/3470\/revisions"}],"predecessor-version":[{"id":3551,"href":"https:\/\/numerabilis.u-paris.fr\/medica\/blog\/index.php\/wp-json\/wp\/v2\/posts\/3470\/revisions\/3551"}],"wp:attachment":[{"href":"https:\/\/numerabilis.u-paris.fr\/medica\/blog\/index.php\/wp-json\/wp\/v2\/media?parent=3470"}],"wp:term":[{"taxonomy":"category","embeddable":true,"href":"https:\/\/numerabilis.u-paris.fr\/medica\/blog\/index.php\/wp-json\/wp\/v2\/categories?post=3470"},{"taxonomy":"post_tag","embeddable":true,"href":"https:\/\/numerabilis.u-paris.fr\/medica\/blog\/index.php\/wp-json\/wp\/v2\/tags?post=3470"}],"curies":[{"name":"wp","href":"https:\/\/api.w.org\/{rel}","templated":true}]}}