{"id":349,"date":"2013-03-18T10:23:01","date_gmt":"2013-03-18T09:23:01","guid":{"rendered":"https:\/\/numerabilis.u-paris.fr\/medica\/blog\/?p=349"},"modified":"2016-07-25T16:29:23","modified_gmt":"2016-07-25T14:29:23","slug":"colloque-faillibilite-culture-erreur-medecine","status":"publish","type":"post","link":"https:\/\/numerabilis.u-paris.fr\/medica\/blog\/index.php\/colloque-faillibilite-culture-erreur-medecine\/","title":{"rendered":"Colloque : La faillibilit\u00e9 et la culture de l&rsquo;erreur dans la m\u00e9decine"},"content":{"rendered":"<p>[Rappel] Les <strong>21 et 22 mars 2013<\/strong> aura lieu le colloque international :<\/p>\n<p style=\"text-align: center;\"><strong>La faillibilit\u00e9 et la culture de l&rsquo;erreur dans la m\u00e9decine.<\/strong><br \/>\n<strong> Aspects historiques, \u00e9pist\u00e9mologiques et \u00e9thiques (1500-1650).<\/strong><\/p>\n<p>Le programme d\u00e9taill\u00e9 est consultable <a title=\"Programme colloque faillibilit\u00e9 et la culture de l'erreur dans la m\u00e9decine\" href=\"https:\/\/sites.google.com\/site\/ermedproject\/gallery\" target=\"_blank\">en cliquant sur ce lien<\/a>.<\/p>\n<figure id=\"attachment_488\" aria-describedby=\"caption-attachment-488\" style=\"width: 297px\" class=\"wp-caption alignright\"><a href=\"https:\/\/numerabilis.u-paris.fr\/medica\/blog\/wp-content\/uploads\/Martiniere1.jpg\"><img loading=\"lazy\" decoding=\"async\" class=\" wp-image-488 \" title=\"Martiniere\" src=\"https:\/\/numerabilis.u-paris.fr\/medica\/blog\/wp-content\/uploads\/Martiniere1.jpg\" alt=\"L'ombre d'Esculape d\u00e9couvrant les erreurs de plusieurs praticiens de la m\u00e9decine\" width=\"297\" height=\"505\" \/><\/a><figcaption id=\"caption-attachment-488\" class=\"wp-caption-text\">L&rsquo;ombre d&rsquo;Esculape d\u00e9couvrant les erreurs de plusieurs praticiens de la m\u00e9decine, 1664. Cote 39164&#215;03<\/figcaption><\/figure>\n<p>Cette manifestation, financ\u00e9e par l\u2019<a title=\"ANR\" href=\"http:\/\/www.agence-nationale-recherche.fr\/\" target=\"_blank\">ANR<\/a>, est organis\u00e9e par <a title=\"Roberto Poma\" href=\"http:\/\/lis.u-pec.fr\/membres\/enseignants-chercheurs\/poma-roberto-473047.kjsp?RH=1267794542888\" target=\"_blank\">Roberto POMA (Universit\u00e9 Paris-Est Cr\u00e9teil) <\/a>et <a title=\"Mariacarla Gadebusch Bondio\" href=\"http:\/\/www.gesch.med.tu-muenchen.de\/mitglieder_gadebusch.html\" target=\"_blank\">Mariacarla GADEBUSCH BONDIO (Technische Universit\u00e4t M\u00fcnchen).<\/a><\/p>\n<p>Elle aura lieu au REID HALL, Columbia Global Centers, 4, rue de Chevreuse, Paris 6e<br \/>\n(M\u00e9tro Vavin).<\/p>\n<p>La participation est libre sur inscription aupr\u00e8s de :<br \/>\n<a title=\"Adresse projet ERMED\" href=\"&#109;&#x61;&#105;&#x6c;&#116;&#x6f;&#58;&#x65;r&#x6d;e&#x64;c&#x6f;l&#108;&#x6f;&#113;&#x75;&#101;&#x40;&#103;&#x6d;&#97;&#x69;l&#x2e;c&#x6f;m\" target=\"_blank\">e&#114;&#109;&#x65;&#x64;&#x63;ol&#108;&#111;&#x71;&#x75;&#x65;&#64;&#103;&#109;&#97;&#x69;&#x6c;&#x2e;c&#111;&#109;<\/a><\/p>\n<p>&#8212;&#8211;<\/p>\n<p><a title=\"Page d'accueil du projet ERMED\" href=\"https:\/\/sites.google.com\/site\/ermedproject\/home\" target=\"_blank\">Page d\u2019accueil du projet ERMED<\/a><\/p>\n<p><!--more--><\/p>\n<div id=\"schema_block\" class=\"schema_event\"><div itemscope itemtype=\"http:\/\/schema.org\/EducationEvent\"><a class=\"schema_url\" target=\"_blank\" itemprop=\"url\" href=\"https:\/\/sites.google.com\/site\/ermedproject\/gallery\"><div class=\"schema_name\" itemprop=\"name\">La faillibilit\u00e9 et la culture de l'erreur dans la m\u00e9decine. Aspects historiques, \u00e9pist\u00e9mologiques et \u00e9thiques.<\/div><\/a><div class=\"schema_description\" itemprop=\"description\">Colloque international.<\/div><div><meta itemprop=\"startDate\" content=\"2013-03-21T9:00\">Debut: 03\/21\/2013 09:00 am<\/div><div><meta itemprop=\"endDate\" content=\"2013-03-22:00.000\">Fin: 03\/22\/2013<\/div><\/div><div itemprop=\"address\" itemscope itemtype=\"http:\/\/schema.org\/PostalAddress\"><div class=\"street\" itemprop=\"streetAddress\">REID HALL, Columbia Global Centers, 4 rue de Chevreuse<\/div><div class=\"city_state\"><span class=\"locale\" itemprop=\"addressLocality\">Paris<\/span>,<span class=\"region\" itemprop=\"addressRegion\"> \u00cele-de-France<\/span><\/div><div class=\"postalcode\" itemprop=\"postalCode\">75006<\/div><div class=\"country\" itemprop=\"addressCountry\">FR<\/div><\/div><\/div>\n<p>&nbsp;<\/p>\n","protected":false},"excerpt":{"rendered":"<p>[Rappel] Les 21 et 22 mars 2013 aura lieu le colloque international : La faillibilit\u00e9 et la culture de l&rsquo;erreur dans la m\u00e9decine. Aspects historiques, \u00e9pist\u00e9mologiques et \u00e9thiques (1500-1650). Le programme d\u00e9taill\u00e9 est consultable en cliquant sur ce lien. Cette manifestation, financ\u00e9e par l\u2019ANR, est organis\u00e9e par Roberto POMA (Universit\u00e9 Paris-Est Cr\u00e9teil) et Mariacarla GADEBUSCH &hellip; <a href=\"https:\/\/numerabilis.u-paris.fr\/medica\/blog\/index.php\/colloque-faillibilite-culture-erreur-medecine\/\" class=\"more-link\">Continuer la lecture<span class=\"screen-reader-text\"> de &laquo;&nbsp;Colloque : La faillibilit\u00e9 et la culture de l&rsquo;erreur dans la m\u00e9decine&nbsp;&raquo;<\/span><\/a><\/p>\n","protected":false},"author":1,"featured_media":0,"comment_status":"open","ping_status":"open","sticky":false,"template":"","format":"standard","meta":{"_monsterinsights_skip_tracking":false,"_monsterinsights_sitenote_active":false,"_monsterinsights_sitenote_note":"","_monsterinsights_sitenote_category":0,"footnotes":""},"categories":[7],"tags":[107,28],"class_list":["post-349","post","type-post","status-publish","format-standard","hentry","category-histoiresante","tag-colloque-congres-je","tag-histoire-de-la-medecine"],"_links":{"self":[{"href":"https:\/\/numerabilis.u-paris.fr\/medica\/blog\/index.php\/wp-json\/wp\/v2\/posts\/349"}],"collection":[{"href":"https:\/\/numerabilis.u-paris.fr\/medica\/blog\/index.php\/wp-json\/wp\/v2\/posts"}],"about":[{"href":"https:\/\/numerabilis.u-paris.fr\/medica\/blog\/index.php\/wp-json\/wp\/v2\/types\/post"}],"author":[{"embeddable":true,"href":"https:\/\/numerabilis.u-paris.fr\/medica\/blog\/index.php\/wp-json\/wp\/v2\/users\/1"}],"replies":[{"embeddable":true,"href":"https:\/\/numerabilis.u-paris.fr\/medica\/blog\/index.php\/wp-json\/wp\/v2\/comments?post=349"}],"version-history":[{"count":36,"href":"https:\/\/numerabilis.u-paris.fr\/medica\/blog\/index.php\/wp-json\/wp\/v2\/posts\/349\/revisions"}],"predecessor-version":[{"id":11578,"href":"https:\/\/numerabilis.u-paris.fr\/medica\/blog\/index.php\/wp-json\/wp\/v2\/posts\/349\/revisions\/11578"}],"wp:attachment":[{"href":"https:\/\/numerabilis.u-paris.fr\/medica\/blog\/index.php\/wp-json\/wp\/v2\/media?parent=349"}],"wp:term":[{"taxonomy":"category","embeddable":true,"href":"https:\/\/numerabilis.u-paris.fr\/medica\/blog\/index.php\/wp-json\/wp\/v2\/categories?post=349"},{"taxonomy":"post_tag","embeddable":true,"href":"https:\/\/numerabilis.u-paris.fr\/medica\/blog\/index.php\/wp-json\/wp\/v2\/tags?post=349"}],"curies":[{"name":"wp","href":"https:\/\/api.w.org\/{rel}","templated":true}]}}