{"id":3495,"date":"2013-12-09T14:45:09","date_gmt":"2013-12-09T13:45:09","guid":{"rendered":"https:\/\/numerabilis.u-paris.fr\/medica\/blog\/?p=3495"},"modified":"2016-07-12T14:32:21","modified_gmt":"2016-07-12T12:32:21","slug":"congres-societe-francaise-histoire-sciences-techniques","status":"publish","type":"post","link":"https:\/\/numerabilis.u-paris.fr\/medica\/blog\/index.php\/congres-societe-francaise-histoire-sciences-techniques\/","title":{"rendered":"Congr\u00e8s de la Soci\u00e9t\u00e9 Fran\u00e7aise d\u2019Histoire des Sciences et Techniques. Appel \u00e0 communication."},"content":{"rendered":"<p><em>Lyon, 28-30 avril 2014<\/em><\/p>\n<p>\u00c0\u00a0l\u2019occasion du <a href=\"http:\/\/sfhst2014lyon.sciencesconf.org\/\" target=\"_blank\">Congr\u00e8s de la Soci\u00e9t\u00e9 Fran\u00e7aise d\u2019Histoire des Sciences et Techniques<\/a>, le <a href=\"http:\/\/www.societechimiquedefrance.fr\/fr\/club-histoire-de-la-chimie.html\" target=\"_blank\">Club d&rsquo;histoire de la chimie<\/a> (SFC) organise une session sur le th\u00e8me suivant:<\/p>\n<p><strong>\u00ab\u00a0La chimie entre les deux guerres : l&rsquo;affirmation d&rsquo;une profession dans le contexte d&rsquo;une profonde recomposition industrielle\u00a0\u00bb<\/strong><\/p>\n<p><figure id=\"attachment_3496\" aria-describedby=\"caption-attachment-3496\" style=\"width: 300px\" class=\"wp-caption alignleft\"><a href=\"https:\/\/www.biusante.parisdescartes.fr\/ppn?037437062\" target=\"_blank\"><img loading=\"lazy\" decoding=\"async\" class=\"wp-image-3496 size-medium\" title=\"Rh\u00f4ne Poulenc\" src=\"https:\/\/numerabilis.u-paris.fr\/medica\/blog\/wp-content\/uploads\/0018-300x159.jpg\" alt=\"\" width=\"300\" height=\"159\" srcset=\"https:\/\/numerabilis.u-paris.fr\/medica\/blog\/wp-content\/uploads\/0018-300x159.jpg 300w, https:\/\/numerabilis.u-paris.fr\/medica\/blog\/wp-content\/uploads\/0018-1024x544.jpg 1024w\" sizes=\"(max-width: 300px) 85vw, 300px\" \/><\/a><figcaption id=\"caption-attachment-3496\" class=\"wp-caption-text\">Publicit\u00e9 pour les produits Rh\u00f4ne Poulenc. Dans : <em>Chimie et industrie<\/em>, n\u00b0 1, juillet 1933 [Cote BIU Sant\u00e9 Pharmacie : P 10100]<\/figcaption><\/figure>L&rsquo;apr\u00e8s Premi\u00e8re Guerre mondiale a \u00e9t\u00e9 un d\u00e9clencheur pour la professionnalisation de la chimie en France, parall\u00e8lement \u00e0 une recomposition importante de l&rsquo;industrie chimique dans un cadre \u00e9conomique profond\u00e9ment modifi\u00e9.<\/p>\n<p>Ainsi, les chimistes, \u00e0 travers leurs associations repr\u00e9sentatives, ont cherch\u00e9 \u00e0 mieux repr\u00e9senter et d\u00e9fendre leur m\u00e9tier. Les <em>organisations professionnelles<\/em>, et la<em> formation des chimistes<\/em>, notamment dans les <em>\u00e9coles d&rsquo;ing\u00e9nieurs<\/em>, seront <strong>un premier th\u00e8me<\/strong> \u00e0 examiner.<\/p>\n<p>Parall\u00e8lement, la modification du paysage industriel durant l&rsquo;effort de guerre a g\u00e9n\u00e9r\u00e9 la mise en <em>production massive de diff\u00e9rents\u00a0 produits<\/em>, entra\u00eenant un <em>d\u00e9veloppement important de certaines entreprises<\/em>. Et, apr\u00e8s la guerre, la prise des brevets allemands en a amen\u00e9 d&rsquo;autres (l&rsquo;azote par ex.).\u00a0 L&rsquo;\u00e9tude de ces \u00e9volutions ainsi que le d\u00e9veloppement des recherches acad\u00e9miques et industrielles (en pharmacie, catalyse, polym\u00e8res ou colorants) sera <strong>un second th\u00e8me<\/strong> \u00e0 aborder.<\/p>\n<p><a href=\"https:\/\/www.biusante.parisdescartes.fr\/ppn?037437062\"><img loading=\"lazy\" decoding=\"async\" class=\"alignright wp-image-3502 size-medium\" title=\"Chimie &amp; Industrie\" src=\"https:\/\/numerabilis.u-paris.fr\/medica\/blog\/wp-content\/uploads\/chimie-industrie-300x187.jpg\" alt=\"\" width=\"300\" height=\"187\" srcset=\"https:\/\/numerabilis.u-paris.fr\/medica\/blog\/wp-content\/uploads\/chimie-industrie-300x187.jpg 300w, https:\/\/numerabilis.u-paris.fr\/medica\/blog\/wp-content\/uploads\/chimie-industrie-1024x639.jpg 1024w\" sizes=\"(max-width: 300px) 85vw, 300px\" \/><\/a>D&rsquo;autres secteurs ont rencontr\u00e9 le m\u00eame souci de r\u00e9organisation apr\u00e8s la guerre. La chimie ayant \u00e9t\u00e9 amen\u00e9e \u00e0 r\u00e9pondre \u00e0 leurs demandes, qu&rsquo;en est-il par exemple des relations \u00e9tablies avec l&rsquo;a\u00e9ronautique, l&rsquo;automobile, l&rsquo;industrie \u00e9lectrique, ou le textile ? La <em>place de la r\u00e9gion lyonnaise<\/em> dans ces diff\u00e9rentes \u00e9volutions scientifiques et industrielles sera <strong>un dernier th\u00e8me<\/strong> \u00e0 mettre en valeur dans cette session.<\/p>\n<p>Les coll\u00e8gues int\u00e9ress\u00e9s sont invit\u00e9s \u00e0 proposer des communications \u00e0 cette session, aupr\u00e8s du site officiel du congr\u00e8s, comme indiqu\u00e9 ci-dessous : <a href=\"http:\/\/sfhst2014lyon.sciencesconf.org\/\" target=\"_blank\">http:\/\/sfhst2014lyon.sciencesconf.org\/<\/a><\/p>\n<p>Pour plus de renseignements, veuillez contacter <a href=\"&#109;&#x61;i&#x6c;t&#111;&#x3a;&#100;&#x61;n&#105;&#x65;&#108;&#x6c;e&#x2e;&#x66;&#97;&#x75;q&#x75;e&#64;&#x75;&#45;&#x70;s&#117;&#x64;&#46;&#x66;r\" target=\"_blank\">Danielle Fauque<\/a>.<\/p>\n<p>&nbsp;<\/p>\n<p><!--more--><\/p>\n<div id=\"schema_block\" class=\"schema_event\"><div itemscope itemtype=\"http:\/\/schema.org\/Event\"><a class=\"schema_url\" target=\"_blank\" itemprop=\"url\" href=\"http:\/\/sfhst2014lyon.sciencesconf.org\/\"><div class=\"schema_name\" itemprop=\"name\">Congr\u00e8s de la Soci\u00e9t\u00e9 Fran\u00e7aise d\u2019Histoire des Sciences et Techniques<\/div><\/a><div><meta itemprop=\"startDate\" content=\"2014-04-28\">Debut: 04\/28\/2014<\/div><div><meta itemprop=\"endDate\" content=\"2014-04-30:00.000\">Fin: 04\/30\/2014<\/div><\/div><div itemprop=\"address\" itemscope itemtype=\"http:\/\/schema.org\/PostalAddress\"><div class=\"city_state\"><span class=\"locale\" itemprop=\"addressLocality\">Lyon<\/span><\/div><div class=\"country\" itemprop=\"addressCountry\">FR<\/div><\/div><\/div>\n<p>&nbsp;<\/p>\n","protected":false},"excerpt":{"rendered":"<p>Lyon, 28-30 avril 2014 \u00c0\u00a0l\u2019occasion du Congr\u00e8s de la Soci\u00e9t\u00e9 Fran\u00e7aise d\u2019Histoire des Sciences et Techniques, le Club d&rsquo;histoire de la chimie (SFC) organise une session sur le th\u00e8me suivant: \u00ab\u00a0La chimie entre les deux guerres : l&rsquo;affirmation d&rsquo;une profession dans le contexte d&rsquo;une profonde recomposition industrielle\u00a0\u00bb L&rsquo;apr\u00e8s Premi\u00e8re Guerre mondiale a \u00e9t\u00e9 un d\u00e9clencheur &hellip; <a href=\"https:\/\/numerabilis.u-paris.fr\/medica\/blog\/index.php\/congres-societe-francaise-histoire-sciences-techniques\/\" class=\"more-link\">Continuer la lecture<span class=\"screen-reader-text\"> de &laquo;&nbsp;Congr\u00e8s de la Soci\u00e9t\u00e9 Fran\u00e7aise d\u2019Histoire des Sciences et Techniques. Appel \u00e0 communication.&nbsp;&raquo;<\/span><\/a><\/p>\n","protected":false},"author":1,"featured_media":0,"comment_status":"open","ping_status":"open","sticky":false,"template":"","format":"standard","meta":{"_monsterinsights_skip_tracking":false,"_monsterinsights_sitenote_active":false,"_monsterinsights_sitenote_note":"","_monsterinsights_sitenote_category":0,"footnotes":""},"categories":[7,15],"tags":[83,107],"class_list":["post-3495","post","type-post","status-publish","format-standard","hentry","category-histoiresante","category-pharmacie-biologie-cosmetologie","tag-chimie","tag-colloque-congres-je"],"_links":{"self":[{"href":"https:\/\/numerabilis.u-paris.fr\/medica\/blog\/index.php\/wp-json\/wp\/v2\/posts\/3495"}],"collection":[{"href":"https:\/\/numerabilis.u-paris.fr\/medica\/blog\/index.php\/wp-json\/wp\/v2\/posts"}],"about":[{"href":"https:\/\/numerabilis.u-paris.fr\/medica\/blog\/index.php\/wp-json\/wp\/v2\/types\/post"}],"author":[{"embeddable":true,"href":"https:\/\/numerabilis.u-paris.fr\/medica\/blog\/index.php\/wp-json\/wp\/v2\/users\/1"}],"replies":[{"embeddable":true,"href":"https:\/\/numerabilis.u-paris.fr\/medica\/blog\/index.php\/wp-json\/wp\/v2\/comments?post=3495"}],"version-history":[{"count":22,"href":"https:\/\/numerabilis.u-paris.fr\/medica\/blog\/index.php\/wp-json\/wp\/v2\/posts\/3495\/revisions"}],"predecessor-version":[{"id":11357,"href":"https:\/\/numerabilis.u-paris.fr\/medica\/blog\/index.php\/wp-json\/wp\/v2\/posts\/3495\/revisions\/11357"}],"wp:attachment":[{"href":"https:\/\/numerabilis.u-paris.fr\/medica\/blog\/index.php\/wp-json\/wp\/v2\/media?parent=3495"}],"wp:term":[{"taxonomy":"category","embeddable":true,"href":"https:\/\/numerabilis.u-paris.fr\/medica\/blog\/index.php\/wp-json\/wp\/v2\/categories?post=3495"},{"taxonomy":"post_tag","embeddable":true,"href":"https:\/\/numerabilis.u-paris.fr\/medica\/blog\/index.php\/wp-json\/wp\/v2\/tags?post=3495"}],"curies":[{"name":"wp","href":"https:\/\/api.w.org\/{rel}","templated":true}]}}