{"id":3556,"date":"2013-12-13T15:30:51","date_gmt":"2013-12-13T14:30:51","guid":{"rendered":"https:\/\/numerabilis.u-paris.fr\/medica\/blog\/?p=3556"},"modified":"2013-12-20T11:45:18","modified_gmt":"2013-12-20T10:45:18","slug":"formations-2014","status":"publish","type":"post","link":"https:\/\/numerabilis.u-paris.fr\/medica\/blog\/index.php\/formations-2014\/","title":{"rendered":"Formations 2014"},"content":{"rendered":"<h2>Le nouveau calendrier des formations est en ligne !<\/h2>\n<p><strong>Le calendrier des formations<\/strong> propos\u00e9es pour le <em>premier semestre 2014 <\/em>est en ligne sur le site de la BIU Sant\u00e9.<\/p>\n<p><a title=\"Formations BIU Sant\u00e9\" href=\"http:\/\/www2.biusante.parisdescartes.fr\/formations\/?do=init\" target=\"_blank\">Vous pouvez le consulter et vous inscrire en cliquant ici.<\/a><\/p>\n<figure id=\"attachment_3587\" aria-describedby=\"caption-attachment-3587\" style=\"width: 900px\" class=\"wp-caption aligncenter\"><a href=\"https:\/\/www.biusante.parisdescartes.fr\/histmed\/image?20079\"><img loading=\"lazy\" decoding=\"async\" width=\"900\" height=\"701\" class=\"size-full wp-image-3587\" title=\"20079\" src=\"https:\/\/numerabilis.u-paris.fr\/medica\/blog\/wp-content\/uploads\/20079.jpg\" srcset=\"https:\/\/numerabilis.u-paris.fr\/medica\/blog\/wp-content\/uploads\/20079.jpg 900w, https:\/\/numerabilis.u-paris.fr\/medica\/blog\/wp-content\/uploads\/20079-300x233.jpg 300w\" sizes=\"(max-width: 709px) 85vw, (max-width: 909px) 67vw, (max-width: 1362px) 62vw, 840px\" \/><\/a><figcaption id=\"caption-attachment-3587\" class=\"wp-caption-text\">Une formation Zotero \u00e0 la BIU Sant\u00e9 en 1384.<\/figcaption><\/figure>\n<p>Les formations sont gratuites et s\u2019adressent aux lecteurs inscrits \u00e0 la biblioth\u00e8que, ainsi qu\u2019\u00e0 tous les professionnels de sant\u00e9 et \u00e9tudiants en m\u00e9decine, odontologie et sciences param\u00e9dicales, \u00e0 partir de la troisi\u00e8me ann\u00e9e d\u2019\u00e9tude.<\/p>\n<p>L\u2019inscription aux s\u00e9ances se fait directement en ligne pour les lecteurs inscrits et par courriel \u00e0 l\u2019adresse <a href=\"&#109;&#x61;&#105;&#x6c;&#116;&#x6f;&#58;&#x66;&#111;&#x72;&#109;&#x61;t&#x69;o&#x6e;&#64;&#x62;i&#x75;s&#x61;n&#116;&#x65;&#46;&#x70;&#97;&#x72;&#105;&#x73;&#100;&#x65;&#115;&#x63;&#97;&#x72;t&#x65;s&#x2e;f&#x72;\">&#x66;&#111;r&#x6d;&#97;t&#x69;&#x6f;&#110;&#x40;&#x62;&#105;u&#x73;&#97;n&#x74;&#x65;&#46;&#x70;&#x61;&#114;i&#x73;&#100;e&#x73;&#x63;&#97;&#x72;&#x74;&#101;s&#x2e;&#102;r<\/a> pour ceux qui ne le sont pas encore.<\/p>\n<p>Des formations mensuelles sont propos\u00e9es pour ma\u00eetriser <strong><em>PubMed<\/em><\/strong>, la base de r\u00e9f\u00e9rence en m\u00e9decine, et <strong><em>Zotero<\/em><\/strong>, un logiciel de gestion de r\u00e9f\u00e9rences bibliographiques qui deviendra vite indispensable \u00e0 vos r\u00e9dactions de th\u00e8ses et de m\u00e9moires. Une s\u00e9ance est \u00e9galement programm\u00e9e pour faire le point sur le concept d&rsquo;<strong><em>Evidence-Based Medicine<\/em><\/strong> (EBM).<\/p>\n<p>De nouvelles formations seront annonc\u00e9es au cours de l&rsquo;ann\u00e9e sur ce blog\u00a0: pourquoi ne pas le mettre dans vos favoris ? Ou suivez-nous sur les r\u00e9seaux sociaux pour \u00eatre tenu au courant.<\/p>\n<p><em>Nous esp\u00e9rons vous retrouver nombreux dans nos formations !<\/em><\/p>\n<p style=\"text-align: right;\"><em><a title=\"Adresse Alexandre Boutet\" href=\"&#109;&#x61;&#105;&#x6c;t&#111;&#x3a;&#97;&#x6c;e&#x78;a&#110;&#x64;&#114;&#x65;&#46;&#x62;&#x6f;&#117;&#x74;e&#x74;&#64;&#98;&#x69;&#117;&#x73;a&#x6e;t&#101;&#x2e;&#112;&#x61;r&#105;&#x73;&#100;&#x65;s&#x63;a&#114;&#x74;&#101;&#x73;&#46;&#x66;&#x72;\" target=\"_blank\">Alexandre Boutet<\/a> et <a title=\"Adresse de Benjamin Mac\u00e9\" href=\"&#x6d;&#x61;&#105;l&#x74;&#x6f;&#58;&#98;e&#x6e;&#x6a;&#97;&#109;i&#x6e;&#x2e;&#109;ac&#x65;&#x40;&#98;i&#x75;&#x73;&#97;&#110;t&#x65;&#x2e;&#112;&#97;r&#x69;&#x73;&#100;es&#x63;&#x61;&#114;t&#x65;&#x73;&#46;&#102;r\" target=\"_blank\">Benjamin Mac\u00e9<\/a><\/em><\/p>\n","protected":false},"excerpt":{"rendered":"<p>Le nouveau calendrier des formations est en ligne ! Le calendrier des formations propos\u00e9es pour le premier semestre 2014 est en ligne sur le site de la BIU Sant\u00e9. Vous pouvez le consulter et vous inscrire en cliquant ici. Les formations sont gratuites et s\u2019adressent aux lecteurs inscrits \u00e0 la biblioth\u00e8que, ainsi qu\u2019\u00e0 tous les &hellip; <a href=\"https:\/\/numerabilis.u-paris.fr\/medica\/blog\/index.php\/formations-2014\/\" class=\"more-link\">Continuer la lecture<span class=\"screen-reader-text\"> de &laquo;&nbsp;Formations 2014&nbsp;&raquo;<\/span><\/a><\/p>\n","protected":false},"author":1,"featured_media":3587,"comment_status":"open","ping_status":"open","sticky":false,"template":"","format":"standard","meta":{"_monsterinsights_skip_tracking":false,"_monsterinsights_sitenote_active":false,"_monsterinsights_sitenote_note":"","_monsterinsights_sitenote_category":0,"footnotes":""},"categories":[14,15],"tags":[22],"class_list":["post-3556","post","type-post","status-publish","format-standard","has-post-thumbnail","hentry","category-medecine-odontologie","category-pharmacie-biologie-cosmetologie","tag-formation"],"_links":{"self":[{"href":"https:\/\/numerabilis.u-paris.fr\/medica\/blog\/index.php\/wp-json\/wp\/v2\/posts\/3556"}],"collection":[{"href":"https:\/\/numerabilis.u-paris.fr\/medica\/blog\/index.php\/wp-json\/wp\/v2\/posts"}],"about":[{"href":"https:\/\/numerabilis.u-paris.fr\/medica\/blog\/index.php\/wp-json\/wp\/v2\/types\/post"}],"author":[{"embeddable":true,"href":"https:\/\/numerabilis.u-paris.fr\/medica\/blog\/index.php\/wp-json\/wp\/v2\/users\/1"}],"replies":[{"embeddable":true,"href":"https:\/\/numerabilis.u-paris.fr\/medica\/blog\/index.php\/wp-json\/wp\/v2\/comments?post=3556"}],"version-history":[{"count":18,"href":"https:\/\/numerabilis.u-paris.fr\/medica\/blog\/index.php\/wp-json\/wp\/v2\/posts\/3556\/revisions"}],"predecessor-version":[{"id":3598,"href":"https:\/\/numerabilis.u-paris.fr\/medica\/blog\/index.php\/wp-json\/wp\/v2\/posts\/3556\/revisions\/3598"}],"wp:featuredmedia":[{"embeddable":true,"href":"https:\/\/numerabilis.u-paris.fr\/medica\/blog\/index.php\/wp-json\/wp\/v2\/media\/3587"}],"wp:attachment":[{"href":"https:\/\/numerabilis.u-paris.fr\/medica\/blog\/index.php\/wp-json\/wp\/v2\/media?parent=3556"}],"wp:term":[{"taxonomy":"category","embeddable":true,"href":"https:\/\/numerabilis.u-paris.fr\/medica\/blog\/index.php\/wp-json\/wp\/v2\/categories?post=3556"},{"taxonomy":"post_tag","embeddable":true,"href":"https:\/\/numerabilis.u-paris.fr\/medica\/blog\/index.php\/wp-json\/wp\/v2\/tags?post=3556"}],"curies":[{"name":"wp","href":"https:\/\/api.w.org\/{rel}","templated":true}]}}