{"id":3625,"date":"2014-01-30T12:00:17","date_gmt":"2014-01-30T11:00:17","guid":{"rendered":"https:\/\/numerabilis.u-paris.fr\/medica\/blog\/?p=3625"},"modified":"2016-04-14T10:00:47","modified_gmt":"2016-04-14T08:00:47","slug":"contraintes-budgetaires-desabonnements-2014","status":"publish","type":"post","link":"https:\/\/numerabilis.u-paris.fr\/medica\/blog\/index.php\/contraintes-budgetaires-desabonnements-2014\/","title":{"rendered":"Contraintes budg\u00e9taires et d\u00e9sabonnements 2014"},"content":{"rendered":"<p>[<em>Billet original publi\u00e9 le 7 janvier 2014<\/em>]<\/p>\n<p>En raison des <strong>restrictions budg\u00e9taires 2014<\/strong>,\u00a0nous sommes contraints d&rsquo;interrompre un grand nombre d&rsquo;abonnements (ressources \u00e9lectroniques et imprim\u00e9es).<\/p>\n<figure id=\"attachment_3629\" aria-describedby=\"caption-attachment-3629\" style=\"width: 360px\" class=\"wp-caption alignright\"><img loading=\"lazy\" decoding=\"async\" class=\"wp-image-3629 \" title=\"1654-2\" src=\"https:\/\/numerabilis.u-paris.fr\/medica\/blog\/wp-content\/uploads\/1654-2.jpg\" alt=\"\" width=\"360\" height=\"217\" srcset=\"https:\/\/numerabilis.u-paris.fr\/medica\/blog\/wp-content\/uploads\/1654-2.jpg 600w, https:\/\/numerabilis.u-paris.fr\/medica\/blog\/wp-content\/uploads\/1654-2-300x180.jpg 300w\" sizes=\"(max-width: 360px) 85vw, 360px\" \/><figcaption id=\"caption-attachment-3629\" class=\"wp-caption-text\">Certains droits r\u00e9serv\u00e9s &#x63;&#x61;&#x70;&#x6c;&#x40;&#x77;&#x61;&#x73;&#x68;&#x6a;&#x65;&#x66;&#x66;&#x2e;&#x65;&#x64;&#x75;<\/figcaption><\/figure>\n<p>Vous trouverez dans les fichiers ci-dessous la <strong>liste des acc\u00e8s concern\u00e9s<\/strong> :<\/p>\n<p>&#8211; <a title=\"Ressources supprim\u00e9es 2014\" href=\"https:\/\/numerabilis.u-paris.fr\/medica\/blog\/wp-content\/uploads\/ressources-supprimees-en-2014.pdf\" target=\"_blank\"><em>Toutes les ressources concern\u00e9es, \u00e9lectroniques et imprim\u00e9es<\/em> (PDF, 175 Ko)<\/a> ;<\/p>\n<p>&#8211; <a title=\"Ressources supprim\u00e9es 2014\" href=\"https:\/\/numerabilis.u-paris.fr\/medica\/blog\/wp-content\/uploads\/revues-supprimees-en-20141.pdf\" target=\"_blank\"><em>Revues imprim\u00e9es concern\u00e9es\u00a0<\/em> (PDF, 500 Ko)<\/a>.<\/p>\n<p>Certains acc\u00e8s ont d\u00e9j\u00e0 \u00e9t\u00e9 interrompus (par ex. <em>Conf+<\/em>, que nous aurions d\u00fb prolonger en 2014), les autres devraient l\u2019\u00eatre progressivement dans les semaines qui viennent.<\/p>\n<p>Gr\u00e2ce \u00e0 la <strong>g\u00e9n\u00e9rosit\u00e9<\/strong> de certains \u00e9diteurs, <a title=\"Dons \u00e9diteurs\" href=\"https:\/\/numerabilis.u-paris.fr\/medica\/blog\/index.php\/editeurs-soutiennent-biu-sante\/\" target=\"_blank\"><em>certaines ressources ont pu \u00eatre maintenues<\/em><\/a>, sous forme papier ou \u00e9lectronique (<a title=\"Dons \u00e9diteurs\" href=\"https:\/\/numerabilis.u-paris.fr\/medica\/blog\/index.php\/editeurs-soutiennent-biu-sante\/\" target=\"_blank\">cliquez ici pour le d\u00e9tail des acc\u00e8s concern\u00e9s<\/a>).<\/p>\n<p>En cas de besoin nous vous proposons, \u00e0 titre provisoire, <a title=\"PEB\" href=\"https:\/\/www.biusante.parisdescartes.fr\/peb_fra.htm\" target=\"_blank\">la solution du Pr\u00eat Entre Biblioth\u00e8ques (PEB \/ cliquez sur ce lien)<\/a>.<\/p>\n<p><em>Nous sommes d\u00e9sol\u00e9s de ne plus pouvoir assurer un service adapt\u00e9 \u00e0 vos besoins.<\/em><\/p>\n<p>Pour tout renseignement compl\u00e9mentaire, <a title=\"Adresse Claire Nguyen\" href=\"&#x6d;&#x61;&#x69;&#108;&#116;o:&#x63;&#x6c;&#x61;&#x69;&#114;&#101;&#46;n&#x67;&#x75;&#x79;&#101;&#110;&#64;bi&#x75;&#x73;&#x61;&#110;&#116;e&#46;&#x70;&#x61;&#x72;&#x69;&#115;&#100;es&#x63;&#x61;&#x72;&#116;&#101;&#115;&#46;f&#x72;\" target=\"_blank\">n&rsquo;h\u00e9sitez pas \u00e0 nous contacter<\/a>.<\/p>\n<p><strong>Vous pouvez aussi nous faire part de vos r\u00e9actions ou poser vos questions dans les commentaires ci-dessous.<br \/>\n<\/strong><\/p>\n<h4><strong>[Mise \u00e0 jour par Guy Cobolet, directeur de la BIU Sant\u00e9]<\/strong><\/h4>\n<p>Le 15 janvier 2014,<\/p>\n<p>Pour r\u00e9pondre \u00e0 certains des commentaires post\u00e9s sur ce blog, je puis apporter les \u00e9l\u00e9ments d&rsquo;information suivants :<\/p>\n<p><strong><em>1. les difficult\u00e9s r\u00e9sultent de plusieurs facteurs, qui se combinent :<\/em><\/strong><\/p>\n<p>* <strong>un probl\u00e8me structurel<\/strong>, li\u00e9 au mod\u00e8le \u00e9conomique de l&rsquo;information \u00e9lectronique adopt\u00e9 par les \u00e9diteurs \u00e0 la fin des ann\u00e9es 90. Mod\u00e8le fond\u00e9 depuis toujours sur le chiffre d&rsquo;affaires papier. Notre biblioth\u00e8que, tr\u00e8s ancienne, poss\u00e9dant la collection de revues la plus importante de toutes les universit\u00e9s fran\u00e7aises, paie donc les ressources \u00e9lectroniques deux ou trois fois plus cher que la plupart des \u00e9tablissements comparables.<\/p>\n<p>* par ailleurs, <strong>\u00e9tant <a title=\"CADIST\" href=\"http:\/\/fr.wikipedia.org\/wiki\/Centre_d%27acquisition_et_de_diffusion_de_l%27information_scientifique_et_technique\" target=\"_blank\">CADIST<\/a><\/strong>, la biblioth\u00e8que doit (c&rsquo;est l&rsquo;une de ses missions nationales parmi d&rsquo;autres) continuer d&rsquo;acqu\u00e9rir des revues imprim\u00e9es, les diffuser et les conserver, de mani\u00e8re \u00e0 ce que les autres \u00e9tablissements soient exempt\u00e9s de cette t\u00e2che et qu&rsquo;il existe, dans le pays, une collection de r\u00e9f\u00e9rence et de sauvegarde.<\/p>\n<p>* comme vous le savez, l&rsquo;<strong>inflation annuelle du co\u00fbt de la litt\u00e9rature scientifique<\/strong> varie entre 5 et 15% selon les titres, les disciplines, les pays de publication. Avec un budget stagnant depuis des ann\u00e9es et en diminution depuis 2013 (-5%), il est bien \u00e9vident qu&rsquo;un jour le syst\u00e8me ne fonctionne plus.<\/p>\n<p>De <strong>2007 \u00e0 2013<\/strong>, nous avions, pour maintenir l&rsquo;essentiel, d\u00fb r\u00e9silier 650 abonnements \u00e0 des revues, et avons donc supprim\u00e9 les titres les moins importants, les moins consult\u00e9s.<\/p>\n<p>Aujourd&rsquo;hui, vu les contraintes budg\u00e9taires, c&rsquo;est <strong>le c\u0153ur de la collection<\/strong> qui est atteint, car il constitue la seule variable d&rsquo;ajustement possible qui reste (pour pr\u00e9server l&rsquo;offre documentaire, tous les autres postes budg\u00e9taires ont \u00e9t\u00e9 d\u00e9j\u00e0 rogn\u00e9s dans le pass\u00e9 : informatique, mat\u00e9riels, papier photocopie, travaux, d\u00e9placements, fournitures&#8230;).<\/p>\n<p>Dans ce c\u0153ur de collection, figurent des titres que la biblioth\u00e8que poss\u00e9dait<strong> depuis le n\u00b01 du 19e si\u00e8cle<\/strong> : <em>Jama<\/em> (1883), <em>New England Journal of Medicine<\/em> (1928), <em>PNAS<\/em> (1915), <em>Nature<\/em> (1869),<em> l&rsquo;Ann\u00e9e psychologique<\/em> (1895) et des centaines d&rsquo;autres. Des titres complets depuis leur origine, qui constituent un patrimoine scientifique unique en France.<\/p>\n<p>* enfin, pour le budget primitif 2014, l&rsquo; Universit\u00e9 Paris Descartes fait face \u00e0 des <strong>contraintes budg\u00e9taires tr\u00e8s fortes<\/strong> et doit faire 22 M\u20ac d&rsquo;\u00e9conomies. Le budget primitif de la BIU a \u00e9t\u00e9 r\u00e9duit de 800.000\u20ac, celui du Service commun de la documentation de 500.000\u20ac, et c&rsquo;est donc 1,3 M\u20ac de ressources qu&rsquo;il fallait supprimer au 1er janvier 2014 (24% du budget demand\u00e9, qui reconduisait le budget 2013).<\/p>\n<p><em><strong>2. Les crit\u00e8res de suppression :<\/strong><\/em><\/p>\n<p>* ont d\u00fb \u00eatre conserv\u00e9s des bouquets de titres pour lesquels on s&rsquo;\u00e9tait engag\u00e9 dans le cadre de <strong>contrats pluri-annuels<\/strong> : <em>Springer<\/em>, <em>Elsevier<\/em>, <em>CAS-ACS<\/em> pour un total de 1,47 M\u20ac. Les deux revues mineures cit\u00e9es par M. Warlin font partie de ces bouquets.<\/p>\n<p>* le <strong>solde disponible<\/strong> (70.000\u20ac, une fois pourvus tous les autres postes budg\u00e9taires incompressibles) a ensuite \u00e9t\u00e9 consacr\u00e9 \u00e0 l&rsquo;acquisition de quelques ressources (revues et bases de donn\u00e9es) dans les domaines couverts par la biblioth\u00e8que (m\u00e9decine, pharmacie et odontologie en priorit\u00e9, mais aussi psychologie, soins infirmiers et param\u00e9dical), en conservant aussi quelques ressources pour les \u00e9tudiants, qui seront les chercheurs ou les praticiens de demain. Et l&rsquo;on a tent\u00e9 de pr\u00e9server un certain niveau d&rsquo;achat d&rsquo;ouvrages.<\/p>\n<p><strong><em>3. \u00c0 la lumi\u00e8re de ces faits qui, esp\u00e9rons-le, ne sont pas irr\u00e9versibles et peuvent \u00eatre amend\u00e9s, la vraie question que l&rsquo;on peut se poser, me semble-t-il, est la suivante :<\/em><\/strong><\/p>\n<p><em>Quelle est la place de l&rsquo;information scientifique, de la documentation et des biblioth\u00e8ques dans l&rsquo;universit\u00e9, ici comme ailleurs ? Rel\u00e8vent-elles du potentiel de recherche, et\/ou du potentiel p\u00e9dagogique, ou d&rsquo;autres secteurs plus ou moins n\u00e9cessaires ?<\/em><\/p>\n<p>Des r\u00e9ponses apport\u00e9es \u00e0 ces questions d\u00e9coulent les financements.<\/p>\n<p style=\"text-align: right;\"><strong>Guy Cobolet, directeur<\/strong><\/p>\n<h4 id=\"20140131\"><strong><strong>[Mise \u00e0 jour <\/strong>par Guy Cobolet, directeur de la BIU Sant\u00e9]<\/strong><\/h4>\n<p>[Voir ci-dessus pour le billet original sur les d\u00e9sabonnements en cours]<\/p>\n<p>Le 30 janvier 2014,<\/p>\n<p><strong><em>Quelques autres \u00e9l\u00e9ments d\u2019information :<\/em><\/strong><\/p>\n<p>\u00c0 la suite des messages re\u00e7us et publi\u00e9s sur ce blog depuis le 15 janvier [<em>voir ci-dessous<\/em>], il me semble n\u00e9cessaire d\u2019apporter des <strong>pr\u00e9cisions<\/strong> compl\u00e9mentaires sur les points suivants :<\/p>\n<p><strong><em>1. L\u2019Open Access<\/em><\/strong> : tout le monde en parle, et la question a \u00e9t\u00e9 abord\u00e9e <a title=\"Epid\u00e9mie dans les biblioth\u00e8ques de m\u00e9decine\" href=\"https:\/\/numerabilis.u-paris.fr\/medica\/blog\/index.php\/epidemie-bibliotheques-medecine\/\" target=\"_blank\">sur le blog de la biblioth\u00e8que<\/a>.<\/p>\n<p>Nous en avons pr\u00e9sent\u00e9 tr\u00e8s rapidement l\u2019<em>\u00e9conomie g\u00e9n\u00e9rale<\/em>, en effleurant la question des <strong>co\u00fbts<\/strong>, qui pourtant est bien r\u00e9elle, car l\u2019\u00e9dition a un co\u00fbt.<br \/>\nLa <strong><em>formule Gold<\/em><\/strong>, o\u00f9 le chercheur paie pour \u00eatre publi\u00e9 (1.000, 2.000, 3.000 euros l\u2019article) et qui se d\u00e9veloppe \u00e0 grands pas depuis quelque temps, m\u00e9rite d\u2019\u00eatre \u00e9tudi\u00e9e s\u00e9rieusement.<br \/>\nVous l\u2019avez compris : aujourd\u2019hui, une revue est financ\u00e9e par <em>deux sources principales<\/em> : les <strong>abonnements annuels<\/strong> (souscrits par les particuliers et surtout par les institutions, notamment les biblioth\u00e8ques) et les <strong>chercheurs\/laboratoires<\/strong>.<\/p>\n<p>Pour appr\u00e9hender ce que repr\u00e9sente en totalit\u00e9 le poste budg\u00e9taire de la documentation et de l\u2019information scientifique, il me semble utile et n\u00e9cessaire que l\u2019universit\u00e9 connaisse toutes les d\u00e9penses des uns et des autres, si elle veut se doter d\u2019une politique efficiente en la mati\u00e8re. Avec le <strong><em>Gold Open Access<\/em><\/strong>, des transferts de charges (<em>ou des additions de charges ?<\/em>) sont en cours, mais personne ne conna\u00eet exactement le total des sommes consacr\u00e9es \u00e0 l\u2019acte de publication. C\u2019est bien dommage, et il est temps de se doter des outils indispensables et pertinents pour mesurer la chose.<\/p>\n<p><em><strong>2.<\/strong><\/em> Le temps est aussi venu, je crois, de revoir la <strong>politique d\u2019achat<\/strong> qui pr\u00e9vaut en France (et ailleurs) depuis 15 ans, celle des \u00ab <strong><em>big deals<\/em><\/strong> \u00bb, o\u00f9 l\u2019on ach\u00e8te des <strong>bouquets de titres<\/strong> (en g\u00e9n\u00e9ral tous les titres \u00e9lectroniques d\u2019un \u00e9diteur, vendus en bloc), quel que soit leur contenu, au motif (av\u00e9r\u00e9, mais uniquement fond\u00e9 sur des pratiques commerciales discutables) qu\u2019un <em>big deal<\/em> est moins co\u00fbteux que l\u2019achat s\u00e9lectif des quelques titres pertinents qui correspondent aux recherches et formations dispens\u00e9es dans l\u2019institution.<br \/>\nUn exemple, pris parmi d\u2019autres : \u00e0 Paris Descartes (comme partout ailleurs), nous sommes abonn\u00e9s au bouquet <strong><em>Science Direct<\/em><\/strong> d\u2019Elsevier, qui donne acc\u00e8s \u00e0 2.000 revues.<\/p>\n<p>Voici les <strong>statistiques<\/strong> d\u2019usage de ce portefeuille dans notre universit\u00e9 :<\/p>\n<ul>\n<li><strong>96<\/strong> revues font l\u2019objet de <strong>50%<\/strong> de toutes les consultations ;<\/li>\n<li><strong>264<\/strong> revues font l\u2019objet de <strong>75%<\/strong> de toutes les consultations ;<\/li>\n<li><strong>519<\/strong> revues font l\u2019objet de <strong>90%<\/strong> de toutes les consultations.<\/li>\n<\/ul>\n<p>Et je pourrais multiplier les exemples\u2026<br \/>\n<strong><em>Faut-il continuer ainsi ? Stop ou encore ?<\/em><\/strong><\/p>\n<p><strong><em>3.<\/em><\/strong> Je crois, pour en finir, que la seule solution n\u2019est pas la r\u00e9volution, mais ne pourra proc\u00e9der que d\u2019un <strong>partage d\u2019id\u00e9es<\/strong>, d\u2019un vrai <strong>d\u00e9bat<\/strong> dans la communaut\u00e9 acad\u00e9mique et d\u2019une action conjugu\u00e9e entre tous les acteurs concern\u00e9s au sein des universit\u00e9s et de la n\u00f4tre, qui tous jouent un r\u00f4le d\u00e9terminant en la mati\u00e8re : les <strong>chercheurs<\/strong> qui publient et\/ou participent aux comit\u00e9s de lecture, les <strong>biblioth\u00e9caires<\/strong> qui g\u00e8rent les acquisitions et les acc\u00e8s, en fonction d&rsquo;une politique \u00e0 long terme, les <strong>usagers<\/strong> qui ont des besoins et leur mot \u00e0 dire, et les <strong>d\u00e9cideurs<\/strong> qui doivent d\u00e9finir une politique fond\u00e9e sur des bases solides, justifi\u00e9es, adapt\u00e9es et pertinentes.<\/p>\n<p>Lisez <a title=\"Communiqu\u00e9 Montr\u00e9al\" href=\"http:\/\/www.bib.umontreal.ca\/communiques\/20140115-DB-annulation-periodiques-wiley.htm\" target=\"_blank\">le message du directeur g\u00e9n\u00e9ral des biblioth\u00e8ques de l\u2019universit\u00e9 de Montr\u00e9al<\/a>, qui s\u2019est \u00e9mu des suppressions d\u2019abonnements que nous avons op\u00e9r\u00e9es en janvier et dont je partage enti\u00e8rement la philosophie.<\/p>\n<p>Lisez aussi <a title=\"Interview Paul Thirion\" href=\"http:\/\/www.lettresnumeriques.be\/2013\/12\/06\/lopen-access-a-lulg-un-modele-qui-fait-ses-preuves\/\" target=\"_blank\">cette interview de Paul Thirion<\/a>, directeur g\u00e9n\u00e9ral du r\u00e9seau des biblioth\u00e8ques de l\u2019universit\u00e9 de Li\u00e8ge &#8211; universit\u00e9 qui a \u00e9t\u00e9 l&rsquo;une des premi\u00e8res \u00e0 imposer le d\u00e9p\u00f4t en <em>Open Access<\/em> pour tous les articles r\u00e9dig\u00e9s par ses membres.<\/p>\n<p style=\"text-align: right;\"><strong>Guy Cobolet, directeur<\/strong><\/p>\n<p><strong>N&rsquo;h\u00e9sitez pas \u00e0 faire part de vos r\u00e9actions ou poser vos questions dans les commentaires ci-dessous.<\/strong><\/p>\n","protected":false},"excerpt":{"rendered":"<p>[Billet original publi\u00e9 le 7 janvier 2014] En raison des restrictions budg\u00e9taires 2014,\u00a0nous sommes contraints d&rsquo;interrompre un grand nombre d&rsquo;abonnements (ressources \u00e9lectroniques et imprim\u00e9es). Vous trouverez dans les fichiers ci-dessous la liste des acc\u00e8s concern\u00e9s : &#8211; Toutes les ressources concern\u00e9es, \u00e9lectroniques et imprim\u00e9es (PDF, 175 Ko) ; &#8211; Revues imprim\u00e9es concern\u00e9es\u00a0 (PDF, 500 Ko). &hellip; <a href=\"https:\/\/numerabilis.u-paris.fr\/medica\/blog\/index.php\/contraintes-budgetaires-desabonnements-2014\/\" class=\"more-link\">Continuer la lecture<span class=\"screen-reader-text\"> de &laquo;&nbsp;Contraintes budg\u00e9taires et d\u00e9sabonnements 2014&nbsp;&raquo;<\/span><\/a><\/p>\n","protected":false},"author":1,"featured_media":0,"comment_status":"open","ping_status":"open","sticky":false,"template":"","format":"standard","meta":{"_monsterinsights_skip_tracking":false,"_monsterinsights_sitenote_active":false,"_monsterinsights_sitenote_note":"","_monsterinsights_sitenote_category":0,"footnotes":""},"categories":[14,15],"tags":[43,19,360,36],"class_list":["post-3625","post","type-post","status-publish","format-standard","hentry","category-medecine-odontologie","category-pharmacie-biologie-cosmetologie","tag-acces","tag-base-de-donnees","tag-ebooks","tag-revues"],"_links":{"self":[{"href":"https:\/\/numerabilis.u-paris.fr\/medica\/blog\/index.php\/wp-json\/wp\/v2\/posts\/3625"}],"collection":[{"href":"https:\/\/numerabilis.u-paris.fr\/medica\/blog\/index.php\/wp-json\/wp\/v2\/posts"}],"about":[{"href":"https:\/\/numerabilis.u-paris.fr\/medica\/blog\/index.php\/wp-json\/wp\/v2\/types\/post"}],"author":[{"embeddable":true,"href":"https:\/\/numerabilis.u-paris.fr\/medica\/blog\/index.php\/wp-json\/wp\/v2\/users\/1"}],"replies":[{"embeddable":true,"href":"https:\/\/numerabilis.u-paris.fr\/medica\/blog\/index.php\/wp-json\/wp\/v2\/comments?post=3625"}],"version-history":[{"count":52,"href":"https:\/\/numerabilis.u-paris.fr\/medica\/blog\/index.php\/wp-json\/wp\/v2\/posts\/3625\/revisions"}],"predecessor-version":[{"id":10306,"href":"https:\/\/numerabilis.u-paris.fr\/medica\/blog\/index.php\/wp-json\/wp\/v2\/posts\/3625\/revisions\/10306"}],"wp:attachment":[{"href":"https:\/\/numerabilis.u-paris.fr\/medica\/blog\/index.php\/wp-json\/wp\/v2\/media?parent=3625"}],"wp:term":[{"taxonomy":"category","embeddable":true,"href":"https:\/\/numerabilis.u-paris.fr\/medica\/blog\/index.php\/wp-json\/wp\/v2\/categories?post=3625"},{"taxonomy":"post_tag","embeddable":true,"href":"https:\/\/numerabilis.u-paris.fr\/medica\/blog\/index.php\/wp-json\/wp\/v2\/tags?post=3625"}],"curies":[{"name":"wp","href":"https:\/\/api.w.org\/{rel}","templated":true}]}}