{"id":3661,"date":"2013-12-20T15:02:40","date_gmt":"2013-12-20T14:02:40","guid":{"rendered":"https:\/\/numerabilis.u-paris.fr\/medica\/blog\/?p=3661"},"modified":"2013-12-20T15:02:40","modified_gmt":"2013-12-20T14:02:40","slug":"big-pharma-fabrique-folies-2013","status":"publish","type":"post","link":"https:\/\/numerabilis.u-paris.fr\/medica\/blog\/index.php\/big-pharma-fabrique-folies-2013\/","title":{"rendered":"Big Pharma et Fabrique des folies (2013)"},"content":{"rendered":"<p>Quelques <strong>suggestions de lecture<\/strong> pour les vacances de fin d&rsquo;ann\u00e9e :<\/p>\n<p><a title=\"Borch-Jacobsen sur Wikip\u00e9dia\" href=\"http:\/\/fr.wikipedia.org\/wiki\/Mikkel_Borch-Jacobsen\" target=\"_blank\">Mikkel Borch-Jacobsen<\/a> est philosophe de formation, historien de la psychanalyse et professeur de litt\u00e9rature compar\u00e9e \u00e0 l&rsquo;universit\u00e9 de Washington (Seattle). Il faisait partie des principaux auteurs du <em><a title=\"Livre noir de la psychanalyse\" href=\"https:\/\/www.biusante.parisdescartes.fr\/ppn?09221116X\" target=\"_blank\">Livre noir de la psychanalyse<\/a><\/em> publi\u00e9 en 2005 sous la direction de <strong>Catherine Meyer<\/strong>. Cet ouvrage pol\u00e9mique avait suscit\u00e9 de nombreux d\u00e9bats lors de sa parution. Vous pouvez le consulter au p\u00f4le m\u00e9decine de la BIU Sant\u00e9, ainsi que les r\u00e9ponses qu&rsquo;il suscita (<em><a title=\"Anti-livre noir de la psychanalyse\" href=\"https:\/\/www.biusante.parisdescartes.fr\/ppn?098124781\" target=\"_blank\">L&rsquo;anti-livre noir de la psychanalyse<\/a><\/em> et <em><a title=\"pourquoi tant de haine ?\" href=\"https:\/\/www.biusante.parisdescartes.fr\/ppn?094937079\" target=\"_blank\">Pourquoi tant de haine ? : anatomie du \u00ab\u00a0Livre noir de la psychanalyse\u00a0\u00bb<\/a>)<\/em>. Il a \u00e9t\u00e9 r\u00e9\u00e9dit\u00e9 cette ann\u00e9e au format poche dans une version abr\u00e9g\u00e9e (\u00c9ditions 10-18).<\/p>\n<p><img loading=\"lazy\" decoding=\"async\" class=\"alignright\" style=\"border: 1px solid black;\" title=\"bigpharma\" src=\"https:\/\/numerabilis.u-paris.fr\/medica\/blog\/wp-content\/uploads\/bigpharma.jpg\" alt=\"\" width=\"184\" height=\"273\" \/>Notre p\u00f4le pharmacie vient justement d&rsquo;acqu\u00e9rir le dernier ouvrage coordonn\u00e9 par Mikkel Borch-Jacobsen : <a href=\"http:\/\/www.sudoc.fr\/171814711\" target=\"_blank\"><em>Big Pharma, une industrie toute-puissante qui joue avec notre sant\u00e9<\/em><\/a> publi\u00e9 en septembre 2013 aux \u00c9ditions les Ar\u00e8nes.<\/p>\n<p>\u00c0 ses c\u00f4t\u00e9s, douze universitaires, experts internationaux, lanceurs d&rsquo;alerte ou journalistes, passent en revue <strong>m\u00e9dicaments<\/strong> et <strong>traitements<\/strong>. \u00ab <em>Un livre choc et salutaire pour ne plus \u00eatre les cobayes d&rsquo;une industrie devenue folle et redonner \u00e0 la m\u00e9decine son visage humain<\/em>.\u00a0\u00bb C&rsquo;est ce que promet la quatri\u00e8me de couverture.\u00a0\u00c0 vous de vous faire votre propre opinion en consultant ou empruntant ce livre dans les collections du p\u00f4le pharmacie.<\/p>\n<p>On y trouve notamment un chapitre intitul\u00e9 \u00ab <em>D\u00e9sinformer sur Internet : la \u201cstrat\u00e9gie <strong>Wikip\u00e9dia<\/strong>\u201d<\/em> \u00bb. L&rsquo;auteur y \u00e9voque l&rsquo;enjeu strat\u00e9gique que constitue la c\u00e9l\u00e8bre &#8211; mais vuln\u00e9rable &#8211; encyclop\u00e9die participative, en mati\u00e8re d&rsquo;information m\u00e9dicale, pour les d\u00e9partements marketing de certaines compagnies pharmaceutiques ; et comment certaines firmes tentent parfois de d\u00e9tourner \u00e0 leur profit le succ\u00e8s de ce projet collaboratif en modifiant habilement le contenu d&rsquo;articles, \u00e0 leur avantage ou au d\u00e9triment de leurs concurrents.<\/p>\n<p>De tels agissements avaient pu \u00eatre mis en \u00e9vidence en <strong>2006-2007<\/strong>, gr\u00e2ce \u00e0 l&rsquo;outil <a title=\"WikiScanner sur Wikip\u00e9dia\" href=\"http:\/\/fr.wikipedia.org\/wiki\/WikiScanner\" target=\"_blank\">WikiScanner<\/a>, qui permettait d&rsquo;identifier les \u00ab conflits d&rsquo;int\u00e9r\u00eat\u00a0\u00bb (pour ne pas dire davantage) de certains r\u00e9dacteurs de l&rsquo;encyclop\u00e9die. De nouveaux sites, comme <a title=\"WikiWatchdog\" href=\"http:\/\/wikiwatchdog.com\/\" target=\"_blank\">WikiWatchdog<\/a>, ont pris le relais depuis lors pour contr\u00f4ler plus efficacement l&rsquo;objectivit\u00e9 des modifications op\u00e9r\u00e9es en ligne.<\/p>\n<p>D&rsquo;autres ouvrages de cet auteur sont aussi disponibles au p\u00f4le <img loading=\"lazy\" decoding=\"async\" class=\"alignleft\" style=\"border: 1px solid black;\" title=\"fabriquefolies\" src=\"https:\/\/numerabilis.u-paris.fr\/medica\/blog\/wp-content\/uploads\/images4.jpg\" alt=\"\" width=\"160\" height=\"251\" \/>m\u00e9decine, notamment le controvers\u00e9 <em><a title=\"La fabrique des folies\" href=\"https:\/\/www.biusante.parisdescartes.fr\/ppn?167543245\" target=\"_blank\">La fabrique des folies : de la psychanalyse au psychopharmarketing<\/a><\/em> publi\u00e9 en janvier 2013 aux \u00c9ditions Sciences humaines. Y sont abord\u00e9s les troubles mentaux sous l&rsquo;angle de l&rsquo;histoire et des disparit\u00e9s g\u00e9ographiques, sans oublier le d\u00e9bat sur les traitements propos\u00e9s par l&rsquo;industrie pharmaceutique.<\/p>\n<p>De quoi r\u00e9fl\u00e9chir sur notre sant\u00e9, physique et mentale..<em>. B<\/em><em>onnes lectures et bonnes f\u00eates de fin d&rsquo;ann\u00e9e \u00e0 tous !<\/em><\/p>\n<p><img decoding=\"async\" title=\"Lire la suite\u2026\" src=\"https:\/\/numerabilis.u-paris.fr\/medica\/blog\/wp-includes\/js\/tinymce\/plugins\/wordpress\/img\/trans.gif\" alt=\"\" \/><\/p>\n<p style=\"text-align: right;\"><a title=\"Adresse David Benoist\" href=\"&#x6d;&#x61;&#x69;&#x6c;&#x74;&#x6f;&#x3a;&#x64;&#x61;&#x76;&#x69;&#x64;&#x2e;&#x62;&#x65;&#x6e;&#x6f;&#x69;&#x73;&#x74;&#x40;&#x62;&#105;&#117;&#115;&#97;&#110;&#116;&#101;&#46;&#112;&#97;&#114;&#105;&#115;&#100;&#101;scartes&#46;fr\" target=\"_blank\">David Benoist<\/a>, <a title=\"Adresse Alain Delaforge\" href=\"ma&#105;&#108;&#116;&#111;&#x3a;&#x61;&#x6c;&#x61;&#x69;n&#46;&#100;&#101;&#108;&#97;&#x66;&#x6f;&#x72;&#x67;&#x65;&#64;b&#105;&#117;&#115;&#97;&#x6e;&#x74;&#x65;&#x2e;&#x70;ari&#115;&#100;&#101;&#x73;&#x63;&#x61;&#x72;&#x74;es&#46;&#102;&#114;\" target=\"_blank\">Alain Delaforge<\/a> et <a title=\"Adresse J\u00e9r\u00e9my Schreiber\" href=\"&#x6d;&#x61;&#x69;&#x6c;&#x74;&#x6f;&#x3a;&#x6a;&#101;&#114;&#101;&#109;&#121;&#46;&#115;chre&#x69;&#x62;&#x65;&#x72;&#x40;&#x62;&#x69;&#x75;&#x73;&#97;&#110;&#116;&#101;&#46;&#112;&#97;risd&#x65;&#x73;&#x63;&#x61;&#x72;&#x74;&#x65;&#x73;&#x2e;&#102;&#114;\" target=\"_blank\">Jeremy Schreiber<\/a><\/p>\n<p><!--more--><\/p>\n<div id=\"schema_block\" class=\"schema_book\"><div itemscope itemtype=\"http:\/\/schema.org\/Book\"><div class=\"schema_name\" itemprop=\"name\">Big pharma : une industrie toute-puissante qui joue avec notre sant\u00e9<\/div><div itemprop=\"author\" itemscope itemtype=\"http:\/\/schema.org\/Person\">Auteur: <span itemprop=\"name\">Borch-Jacobsen, Mikkel, Coordinateur. Abramson, John; Applbaum, Kalman. Greene, Jeremy A. Healy, David. Heath, Iona. Kirsch, Irving. Pignarre, Philippe. Vial, Antoine. Wakefield, Jerome C. Weiss, Hans. Whitehouse, Peter J. Wodarg, Wolfang.  Bury, Laurent (traducteur). Malkani, Fabrice (traducteur)<\/span><\/div><div itemprop=\"publisher\" itemscope itemtype=\"http:\/\/schema.org\/Organization\">Editeur: <span itemprop=\"name\">Paris , Les Ar\u00e8nes<\/span><\/div><div class=\"bday\"><meta itemprop=\"datePublished\" content=\"2013-09-05\">Date de publication: 09\/05\/2013<\/div><div>ISBN: <span itemprop=\"isbn\">978-2-35204-259-4<\/span><\/div><\/div><\/div>\n<div id=\"schema_block\" class=\"schema_book\"><div itemscope itemtype=\"http:\/\/schema.org\/Book\"><div class=\"schema_name\" itemprop=\"name\">La fabrique des folies : de la psychanalyse au psychopharmarketing<\/div><div itemprop=\"author\" itemscope itemtype=\"http:\/\/schema.org\/Person\">Auteur: <span itemprop=\"name\">Borch-Jacobsen, Mikkel<\/span><\/div><div itemprop=\"publisher\" itemscope itemtype=\"http:\/\/schema.org\/Organization\">Editeur: <span itemprop=\"name\">Paris, Sciences Humaines<\/span><\/div><div class=\"bday\"><meta itemprop=\"datePublished\" content=\"2013-01-24\">Date de publication: 01\/24\/2013<\/div><div>ISBN: <span itemprop=\"isbn\">978-2-36106-033-6<\/span><\/div><\/div><\/div>\n","protected":false},"excerpt":{"rendered":"<p>Quelques suggestions de lecture pour les vacances de fin d&rsquo;ann\u00e9e : Mikkel Borch-Jacobsen est philosophe de formation, historien de la psychanalyse et professeur de litt\u00e9rature compar\u00e9e \u00e0 l&rsquo;universit\u00e9 de Washington (Seattle). Il faisait partie des principaux auteurs du Livre noir de la psychanalyse publi\u00e9 en 2005 sous la direction de Catherine Meyer. Cet ouvrage pol\u00e9mique &hellip; <a href=\"https:\/\/numerabilis.u-paris.fr\/medica\/blog\/index.php\/big-pharma-fabrique-folies-2013\/\" class=\"more-link\">Continuer la lecture<span class=\"screen-reader-text\"> de &laquo;&nbsp;Big Pharma et Fabrique des folies (2013)&nbsp;&raquo;<\/span><\/a><\/p>\n","protected":false},"author":1,"featured_media":5008,"comment_status":"open","ping_status":"open","sticky":false,"template":"","format":"standard","meta":{"_monsterinsights_skip_tracking":false,"_monsterinsights_sitenote_active":false,"_monsterinsights_sitenote_note":"","_monsterinsights_sitenote_category":0,"footnotes":""},"categories":[14,15],"tags":[175,64,110],"class_list":["post-3661","post","type-post","status-publish","format-standard","has-post-thumbnail","hentry","category-medecine-odontologie","category-pharmacie-biologie-cosmetologie","tag-medicaments","tag-psychiatrie","tag-wikipedia"],"_links":{"self":[{"href":"https:\/\/numerabilis.u-paris.fr\/medica\/blog\/index.php\/wp-json\/wp\/v2\/posts\/3661"}],"collection":[{"href":"https:\/\/numerabilis.u-paris.fr\/medica\/blog\/index.php\/wp-json\/wp\/v2\/posts"}],"about":[{"href":"https:\/\/numerabilis.u-paris.fr\/medica\/blog\/index.php\/wp-json\/wp\/v2\/types\/post"}],"author":[{"embeddable":true,"href":"https:\/\/numerabilis.u-paris.fr\/medica\/blog\/index.php\/wp-json\/wp\/v2\/users\/1"}],"replies":[{"embeddable":true,"href":"https:\/\/numerabilis.u-paris.fr\/medica\/blog\/index.php\/wp-json\/wp\/v2\/comments?post=3661"}],"version-history":[{"count":31,"href":"https:\/\/numerabilis.u-paris.fr\/medica\/blog\/index.php\/wp-json\/wp\/v2\/posts\/3661\/revisions"}],"predecessor-version":[{"id":3711,"href":"https:\/\/numerabilis.u-paris.fr\/medica\/blog\/index.php\/wp-json\/wp\/v2\/posts\/3661\/revisions\/3711"}],"wp:featuredmedia":[{"embeddable":true,"href":"https:\/\/numerabilis.u-paris.fr\/medica\/blog\/index.php\/wp-json\/wp\/v2\/media\/5008"}],"wp:attachment":[{"href":"https:\/\/numerabilis.u-paris.fr\/medica\/blog\/index.php\/wp-json\/wp\/v2\/media?parent=3661"}],"wp:term":[{"taxonomy":"category","embeddable":true,"href":"https:\/\/numerabilis.u-paris.fr\/medica\/blog\/index.php\/wp-json\/wp\/v2\/categories?post=3661"},{"taxonomy":"post_tag","embeddable":true,"href":"https:\/\/numerabilis.u-paris.fr\/medica\/blog\/index.php\/wp-json\/wp\/v2\/tags?post=3661"}],"curies":[{"name":"wp","href":"https:\/\/api.w.org\/{rel}","templated":true}]}}