{"id":3669,"date":"2013-12-19T15:19:33","date_gmt":"2013-12-19T14:19:33","guid":{"rendered":"https:\/\/numerabilis.u-paris.fr\/medica\/blog\/?p=3669"},"modified":"2013-12-20T11:41:44","modified_gmt":"2013-12-20T10:41:44","slug":"parmentier-bicentenaire-ceremonie","status":"publish","type":"post","link":"https:\/\/numerabilis.u-paris.fr\/medica\/blog\/index.php\/parmentier-bicentenaire-ceremonie\/","title":{"rendered":"Parmentier est mort ! C\u2019\u00e9tait un 17 d\u00e9cembre !"},"content":{"rendered":"<p style=\"text-align: left;\"><strong>\u00c0\u00a0l\u2019occasion du 200e anniversaire de la mort d\u2019Antoine-Augustin Parmentier (1737-1813), le Comit\u00e9 national a souhait\u00e9 rendre un dernier hommage \u00e0 cette importante figure de la pharmacie fran\u00e7aise.<\/strong> Rendez-vous a donc \u00e9t\u00e9 donn\u00e9, mardi 17 d\u00e9cembre 2013 \u2013 jour anniversaire, devant le tombeau du grand homme au cimeti\u00e8re du <em>P\u00e8re-Lachaise<\/em>. C\u2019est dans la 39e Division, proche de la Transversale n\u00b0 1, que se trouve aujourd\u2019hui encore ce tombeau, un tombeau qui r\u00e9unissait, il y a deux si\u00e8cles d\u00e9j\u00e0, un petit groupe d\u2019amis rest\u00e9s fid\u00e8les \u00e0 la m\u00e9moire du \u00ab <em>bourru bienfaisant<\/em> \u00bb.<\/p>\n<p><a href=\"http:\/\/www2.biusante.parisdescartes.fr\/img\/index.las?mod=s&amp;tout=tombeau+parmentier\" target=\"_blank\"><img loading=\"lazy\" decoding=\"async\" width=\"6256\" height=\"2824\" class=\"aligncenter size-full wp-image-3672\" title=\"Parmentier-Bicentenaire-c\u00e9r\u00e9monie\" src=\"https:\/\/numerabilis.u-paris.fr\/medica\/blog\/wp-content\/uploads\/bicentenaire-parmentier.jpg\" alt=\"\" srcset=\"https:\/\/numerabilis.u-paris.fr\/medica\/blog\/wp-content\/uploads\/bicentenaire-parmentier.jpg 6256w, https:\/\/numerabilis.u-paris.fr\/medica\/blog\/wp-content\/uploads\/bicentenaire-parmentier-300x135.jpg 300w, https:\/\/numerabilis.u-paris.fr\/medica\/blog\/wp-content\/uploads\/bicentenaire-parmentier-1024x462.jpg 1024w\" sizes=\"(max-width: 709px) 85vw, (max-width: 909px) 67vw, (max-width: 1362px) 62vw, 840px\" \/><\/a><br \/>\nEn cette belle matin\u00e9e d\u2019automne, trois discours ont successivement \u00e9t\u00e9 prononc\u00e9s : le premier par <strong>Martine A\u00efach<\/strong>, pr\u00e9sidente du Comit\u00e9 national de la c\u00e9l\u00e9bration de la mort d\u2019Antoine-Augustin Parmentier (<a href=\"http:\/\/bicentenaire-parmentier.fr\/\" target=\"_blank\">voir le site du bicentenaire<\/a>) ; le second par <strong>Anne Muratori-Philip<\/strong>, historienne et biographe du grand homme (<a href=\"https:\/\/www.biusante.parisdescartes.fr\/parmentier\/DEBUT.htm\" target=\"_blank\">voir l\u2019exposition virtuelle de la BIU Sant\u00e9<\/a>) ; le dernier par <strong>Fran\u00e7ois Chast<\/strong>, pr\u00e9sident honoraire de l\u2019<a title=\"Acad\u00e9mie nationale de pharmacie\" href=\"http:\/\/www.acadpharm.org\/\" target=\"_blank\">Acad\u00e9mie nationale de pharmacie<\/a> et membre de la <a title=\"Soci\u00e9t\u00e9 d'histoire de la pharmacie\" href=\"http:\/\/www.shp-asso.org\/\" target=\"_blank\">Soci\u00e9t\u00e9 d\u2019histoire de la pharmacie<\/a> (<a href=\"http:\/\/www.academie-sciences.fr\/activite\/conf\/interacad_161013.pdf\" target=\"_blank\">voir le programme de la s\u00e9ance inter-acad\u00e9mique consacr\u00e9e \u00e0 Parmentier<\/a>).<\/p>\n<p>Une gerbe d\u2019un genre un peu particulier a \u00e9t\u00e9 r\u00e9alis\u00e9e pour l\u2019occasion. Elle est l\u2019\u0153uvre d\u2019<strong>Odile Ouagne<\/strong>, une cr\u00e9atrice sp\u00e9cialis\u00e9e dans la sculpture sur l\u00e9gume (<a href=\"http:\/\/www.odisculpture.com\/\" target=\"_blank\">voir le site Odisculpture<\/a>). Il s\u2019agit d\u2019une composition fleurie r\u00e9alis\u00e9e \u00e0 partir de sculptures de pommes de terre et de courgettes, donnant l\u2019illusion d\u2019un bouquet de roses et de tulipes.<\/p>\n<p style=\"text-align: left;\">Retrouvez d&rsquo;autres photographies du tombeau de Parmentier dans la <a href=\"http:\/\/www2.biusante.parisdescartes.fr\/img\/index.las?mod=s&amp;tout=tombeau+parmentier\" target=\"_blank\">banque d&rsquo;images et de portraits<\/a> de la BIU Sant\u00e9.<\/p>\n<p style=\"text-align: right;\"><a href=\"&#109;a&#x69;l&#x74;o&#x3a;p&#x68;i&#x6c;i&#x70;&#112;&#x65;&#46;&#x67;&#97;&#x6c;&#97;&#x6e;&#111;&#x70;&#111;&#x75;&#108;o&#x73;&#64;&#x62;i&#x75;s&#x61;n&#x74;e&#x2e;&#112;&#x61;&#114;&#x69;&#115;&#x64;&#101;&#x73;&#99;&#x61;&#114;&#x74;&#101;s&#x2e;f&#x72;\" target=\"_blank\">Philippe Galanopoulos<\/a><\/p>\n","protected":false},"excerpt":{"rendered":"<p>\u00c0\u00a0l\u2019occasion du 200e anniversaire de la mort d\u2019Antoine-Augustin Parmentier (1737-1813), le Comit\u00e9 national a souhait\u00e9 rendre un dernier hommage \u00e0 cette importante figure de la pharmacie fran\u00e7aise. Rendez-vous a donc \u00e9t\u00e9 donn\u00e9, mardi 17 d\u00e9cembre 2013 \u2013 jour anniversaire, devant le tombeau du grand homme au cimeti\u00e8re du P\u00e8re-Lachaise. C\u2019est dans la 39e Division, proche &hellip; <a href=\"https:\/\/numerabilis.u-paris.fr\/medica\/blog\/index.php\/parmentier-bicentenaire-ceremonie\/\" class=\"more-link\">Continuer la lecture<span class=\"screen-reader-text\"> de &laquo;&nbsp;Parmentier est mort ! C\u2019\u00e9tait un 17 d\u00e9cembre !&nbsp;&raquo;<\/span><\/a><\/p>\n","protected":false},"author":1,"featured_media":3672,"comment_status":"open","ping_status":"open","sticky":false,"template":"","format":"standard","meta":{"_monsterinsights_skip_tracking":false,"_monsterinsights_sitenote_active":false,"_monsterinsights_sitenote_note":"","_monsterinsights_sitenote_category":0,"footnotes":""},"categories":[7,15],"tags":[],"class_list":["post-3669","post","type-post","status-publish","format-standard","has-post-thumbnail","hentry","category-histoiresante","category-pharmacie-biologie-cosmetologie"],"_links":{"self":[{"href":"https:\/\/numerabilis.u-paris.fr\/medica\/blog\/index.php\/wp-json\/wp\/v2\/posts\/3669"}],"collection":[{"href":"https:\/\/numerabilis.u-paris.fr\/medica\/blog\/index.php\/wp-json\/wp\/v2\/posts"}],"about":[{"href":"https:\/\/numerabilis.u-paris.fr\/medica\/blog\/index.php\/wp-json\/wp\/v2\/types\/post"}],"author":[{"embeddable":true,"href":"https:\/\/numerabilis.u-paris.fr\/medica\/blog\/index.php\/wp-json\/wp\/v2\/users\/1"}],"replies":[{"embeddable":true,"href":"https:\/\/numerabilis.u-paris.fr\/medica\/blog\/index.php\/wp-json\/wp\/v2\/comments?post=3669"}],"version-history":[{"count":9,"href":"https:\/\/numerabilis.u-paris.fr\/medica\/blog\/index.php\/wp-json\/wp\/v2\/posts\/3669\/revisions"}],"predecessor-version":[{"id":3692,"href":"https:\/\/numerabilis.u-paris.fr\/medica\/blog\/index.php\/wp-json\/wp\/v2\/posts\/3669\/revisions\/3692"}],"wp:featuredmedia":[{"embeddable":true,"href":"https:\/\/numerabilis.u-paris.fr\/medica\/blog\/index.php\/wp-json\/wp\/v2\/media\/3672"}],"wp:attachment":[{"href":"https:\/\/numerabilis.u-paris.fr\/medica\/blog\/index.php\/wp-json\/wp\/v2\/media?parent=3669"}],"wp:term":[{"taxonomy":"category","embeddable":true,"href":"https:\/\/numerabilis.u-paris.fr\/medica\/blog\/index.php\/wp-json\/wp\/v2\/categories?post=3669"},{"taxonomy":"post_tag","embeddable":true,"href":"https:\/\/numerabilis.u-paris.fr\/medica\/blog\/index.php\/wp-json\/wp\/v2\/tags?post=3669"}],"curies":[{"name":"wp","href":"https:\/\/api.w.org\/{rel}","templated":true}]}}