{"id":3762,"date":"2014-01-10T17:38:46","date_gmt":"2014-01-10T16:38:46","guid":{"rendered":"https:\/\/numerabilis.u-paris.fr\/medica\/blog\/?p=3762"},"modified":"2014-01-13T09:09:46","modified_gmt":"2014-01-13T08:09:46","slug":"grand-prix-litteraire-2013","status":"publish","type":"post","link":"https:\/\/numerabilis.u-paris.fr\/medica\/blog\/index.php\/grand-prix-litteraire-2013\/","title":{"rendered":"\u00c8ve de Castro : Grand Prix litt\u00e9raire 2013 de l&rsquo;Acad\u00e9mie nationale de pharmacie"},"content":{"rendered":"<p><strong>\u00c0 l&rsquo;occasion de la s\u00e9ance solennelle du 8 janvier 2014, <a title=\"Acad\u00e9mie nationale de pharmacie\" href=\"http:\/\/www.acadpharm.org\/prix\/index.php?zn=50&amp;lang=fr&amp;rub=303&amp;id=&amp;ref=Palmar%E8s\" target=\"_blank\">l&rsquo;Acad\u00e9mie nationale de pharmacie<\/a> a remis son Grand Prix litt\u00e9raire 2013. L&rsquo;heureuse laur\u00e9ate est <a title=\"Eve de Castro sur Wikip\u00e9dia\" href=\"http:\/\/fr.wikipedia.org\/wiki\/%C3%88ve_de_Castro\" target=\"_blank\">\u00c8ve de Castro<\/a> pour son roman <em>Le roi des ombres<\/em><\/strong>.<\/p>\n<p>Il y a un peu plus d&rsquo;un an, Fran\u00e7ois Busnel recevait la romanci\u00e8re dans son \u00e9mission litt\u00e9raire <em><a title=\"Grande librairie\" href=\"http:\/\/www.france5.fr\/emissions\/la-grande-librairie\/livres\/le-roi-des-ombres-eve-de-castro_101693\" target=\"_blank\">La Grande Librairie<\/a><\/em>. \u00c8ve de Castro y \u00e9voquait alors les grandes lignes de son intrigue et les recherches qu&rsquo;elle avait d\u00fb mener dans les domaines de l&rsquo;histoire de la sant\u00e9 et de l&rsquo;hygi\u00e8ne.<\/p>\n<p><a title=\"Roi des ombres\" href=\"https:\/\/www.biusante.parisdescartes.fr\/ppn?165756926\" target=\"_blank\"><img loading=\"lazy\" decoding=\"async\" class=\"alignleft  wp-image-3773\" style=\"border: 1px solid black;\" title=\"Le Roi des ombres\" src=\"https:\/\/numerabilis.u-paris.fr\/medica\/blog\/wp-content\/uploads\/roi-des-ombres.jpg\" alt=\"\" width=\"407\" height=\"641\" srcset=\"https:\/\/numerabilis.u-paris.fr\/medica\/blog\/wp-content\/uploads\/roi-des-ombres-190x300.jpg 190w, https:\/\/numerabilis.u-paris.fr\/medica\/blog\/wp-content\/uploads\/roi-des-ombres-651x1024.jpg 651w\" sizes=\"(max-width: 407px) 85vw, 407px\" \/><\/a>Le quatri\u00e8me de\u00a0 couverture du <strong><em>Roi des ombres <\/em><\/strong>(Robert Laffont &#8211; 18 octobre 2012) r\u00e9sume l&rsquo;histoire en ces termes : \u00ab<em> Le Versailles de Louis XIV est un th\u00e9\u00e2tre o\u00f9 la monarchie absolue se construit en se donnant en spectacle. C&rsquo;est aussi un panier de crabes o\u00f9 vingt mille personnes, du plus haut au plus bas de l&rsquo;\u00e9chelle sociale, s&rsquo;agitent dans les ors et les gravats, l&rsquo;inconfort et la puanteur, les complots et les coucheries, avec pour tous le r\u00eave de grimper vers la lumi\u00e8re. Le Roi des Ombres est l&rsquo;aventure de ceux dont personne n&rsquo;a jamais parl\u00e9. Les petits, les obscurs. Les ombres qui creusent la terre, dressent les murs, soufflent la poudre sur les perruques, massent les pieds. Celles qui, dans la boue du futur Grand Canal ou dans la chambre du Roi, regardent le si\u00e8cle \u00e0 genoux. Louis XIV et son fr\u00e8re Philippe d&rsquo;Orl\u00e9ans c\u00f4toient sans les voir ces ombres qui servent leur plaisir et leur gloire. Talentueuse et risque-tout, Nine La Vienne veut \u00e9chapper au sort commun des femmes. Vaurien autodidacte, Batiste Le Jongleur se rend indispensable aux b\u00e2tisseurs du ch\u00e2teau. Ensemble, pour sortir du n\u00e9ant, ils vont d\u00e9fier les lois de leur temps<\/em>. \u00bb<\/p>\n<p><span style=\"text-decoration: underline;\">Les autres romans propos\u00e9s pour le prix \u00e9taient<\/span> : <strong><em>Mutation : l&rsquo;\u00e9toile de Natan<\/em> <\/strong>de<strong> Sophie S\u00e9ronie-Vivien<\/strong> (Tertium \u00e9ditions &#8211; 14 mai 2012) ; <strong><em>Les enfants p\u00e2les<\/em><\/strong> de<strong> Laurent Delmont<\/strong> (Les \u00e9ditions du Bord du Lot &#8211; 11 septembre 2012) ; <strong><em>La rebelle : Femme m\u00e9decin au moyen \u00e2ge<\/em><\/strong> de <strong>Valeria Montaldi<\/strong> (Pygmalion &#8211; 22 mai 2012).<\/p>\n<p><a href=\"https:\/\/numerabilis.u-paris.fr\/medica\/blog\/index.php\/grand-prix-litteraire-2013\/prix_litteraire\/\" rel=\"attachment wp-att-3780\" target=\"_blank\"><img loading=\"lazy\" decoding=\"async\" class=\"aligncenter size-full wp-image-3780\" title=\"Grand prix litt\u00e9raire 2013\" src=\"https:\/\/numerabilis.u-paris.fr\/medica\/blog\/wp-content\/uploads\/prix_litteraire.jpg\" alt=\"\" width=\"907\" height=\"473\" srcset=\"https:\/\/numerabilis.u-paris.fr\/medica\/blog\/wp-content\/uploads\/prix_litteraire.jpg 907w, https:\/\/numerabilis.u-paris.fr\/medica\/blog\/wp-content\/uploads\/prix_litteraire-300x156.jpg 300w\" sizes=\"(max-width: 709px) 85vw, (max-width: 909px) 67vw, (max-width: 1362px) 62vw, 840px\" \/><\/a><\/p>\n<p>La BIU Sant\u00e9 remercie l&rsquo;Acad\u00e9mie nationale de pharmacie pour le don g\u00e9n\u00e9reux d&rsquo;un exemplaire de chacun de ces quatre romans. Ils sont d\u00e9sormais consultables et empruntables au <a href=\"https:\/\/www.biusante.parisdescartes.fr\/pharmacie\/debut.htm\" target=\"_blank\">P\u00f4le Pharmacie Biologie et Cosm\u00e9tologie<\/a>, sous les cotes suivantes :<\/p>\n<ul>\n<li><a title=\"La Rebelle\" href=\"https:\/\/www.biusante.parisdescartes.fr\/ppn?161946178\" target=\"_blank\">Valeria Montaldi <em>La Rebelle<\/em> : 215674<\/a><\/li>\n<li><a title=\"Roi des ombres\" href=\"https:\/\/www.biusante.parisdescartes.fr\/ppn?165756926\" target=\"_blank\">\u00c8ve de Castro <em>Le Roi des ombres<\/em> : 215675<\/a><\/li>\n<li><a title=\"Enfants p\u00e2les\" href=\"https:\/\/www.biusante.parisdescartes.fr\/ppn?165219955\" target=\"_blank\">Laurent Delmont <em>Les enfants p\u00e2les<\/em> : 215676<\/a><\/li>\n<li><a title=\"Mutation\" href=\"https:\/\/www.biusante.parisdescartes.fr\/ppn?166559172\" target=\"_blank\">Sophie S\u00e9ronie-Vivien <em>Mutation<\/em> : 215677<\/a><\/li>\n<\/ul>\n<p style=\"text-align: right;\"><a href=\"&#109;a&#x69;l&#x74;o&#x3a;p&#x68;&#105;&#x6c;&#105;&#x70;&#112;&#x65;&#46;g&#97;l&#x61;n&#x6f;p&#x6f;&#117;&#x6c;&#111;&#x73;&#64;&#x62;&#105;&#x75;&#115;a&#110;t&#x65;&#46;&#x70;a&#x72;&#105;&#x73;&#100;&#x65;&#115;&#x63;&#97;&#x72;&#116;e&#x73;&#46;&#x66;r\" target=\"_blank\">Philippe Galanopoulos<\/a><\/p>\n<p style=\"text-align: right;\"><!--more--><\/p>\n<p style=\"text-align: right;\"><div id=\"schema_block\" class=\"schema_book\"><div itemscope itemtype=\"http:\/\/schema.org\/Book\"><div class=\"schema_name\" itemprop=\"name\">La rebelle : roman<\/div><div itemprop=\"author\" itemscope itemtype=\"http:\/\/schema.org\/Person\">Auteur: <span itemprop=\"name\">Valeria Montaldi<\/span><\/div><div itemprop=\"publisher\" itemscope itemtype=\"http:\/\/schema.org\/Organization\">Editeur: <span itemprop=\"name\">Paris , Pygmalion<\/span><\/div><div>ISBN: <span itemprop=\"isbn\">978-2-7564-0684-8<\/span><\/div><\/div><\/div><\/p>\n<p style=\"text-align: right;\"><div id=\"schema_block\" class=\"schema_book\"><div itemscope itemtype=\"http:\/\/schema.org\/Book\"><div class=\"schema_name\" itemprop=\"name\">Le roi des ombres : roman<\/div><div itemprop=\"author\" itemscope itemtype=\"http:\/\/schema.org\/Person\">Auteur: <span itemprop=\"name\">Eve de Castro<\/span><\/div><div itemprop=\"publisher\" itemscope itemtype=\"http:\/\/schema.org\/Organization\">Editeur: <span itemprop=\"name\">Paris , R. Laffont <\/span><\/div><div>ISBN: <span itemprop=\"isbn\">978-2-221-11228-1<\/span><\/div><\/div><\/div><\/p>\n<p style=\"text-align: right;\"><div id=\"schema_block\" class=\"schema_book\"><div itemscope itemtype=\"http:\/\/schema.org\/Book\"><div class=\"schema_name\" itemprop=\"name\">Les enfants p\u00e2les : roman<\/div><div itemprop=\"author\" itemscope itemtype=\"http:\/\/schema.org\/Person\">Auteur: <span itemprop=\"name\">Laurent Delmont<\/span><\/div><div itemprop=\"publisher\" itemscope itemtype=\"http:\/\/schema.org\/Organization\">Editeur: <span itemprop=\"name\">Villeneuve-sur-Lot , les \u00c9d. du Bord du Lot<\/span><\/div><div>ISBN: <span itemprop=\"isbn\">978-2-35208-097-8<\/span><\/div><\/div><\/div><\/p>\n<p style=\"text-align: right;\"><div id=\"schema_block\" class=\"schema_book\"><div itemscope itemtype=\"http:\/\/schema.org\/Book\"><div class=\"schema_name\" itemprop=\"name\">Mutation : l'\u00e9toile de Natan<\/div><div itemprop=\"author\" itemscope itemtype=\"http:\/\/schema.org\/Person\">Auteur: <span itemprop=\"name\">Sophie S\u00e9ronie-Vivien<\/span><\/div><div itemprop=\"publisher\" itemscope itemtype=\"http:\/\/schema.org\/Organization\">Editeur: <span itemprop=\"name\">Vayrac , Tertium \u00e9d.<\/span><\/div><div>ISBN: <span itemprop=\"isbn\">978-2-916132-46-4<\/span><\/div><\/div><\/div><\/p>\n","protected":false},"excerpt":{"rendered":"<p>\u00c0 l&rsquo;occasion de la s\u00e9ance solennelle du 8 janvier 2014, l&rsquo;Acad\u00e9mie nationale de pharmacie a remis son Grand Prix litt\u00e9raire 2013. L&rsquo;heureuse laur\u00e9ate est \u00c8ve de Castro pour son roman Le roi des ombres. Il y a un peu plus d&rsquo;un an, Fran\u00e7ois Busnel recevait la romanci\u00e8re dans son \u00e9mission litt\u00e9raire La Grande Librairie. \u00c8ve &hellip; <a href=\"https:\/\/numerabilis.u-paris.fr\/medica\/blog\/index.php\/grand-prix-litteraire-2013\/\" class=\"more-link\">Continuer la lecture<span class=\"screen-reader-text\"> de &laquo;&nbsp;\u00c8ve de Castro : Grand Prix litt\u00e9raire 2013 de l&rsquo;Acad\u00e9mie nationale de pharmacie&nbsp;&raquo;<\/span><\/a><\/p>\n","protected":false},"author":1,"featured_media":3773,"comment_status":"open","ping_status":"open","sticky":false,"template":"","format":"standard","meta":{"_monsterinsights_skip_tracking":false,"_monsterinsights_sitenote_active":false,"_monsterinsights_sitenote_note":"","_monsterinsights_sitenote_category":0,"footnotes":""},"categories":[7,15],"tags":[12,75],"class_list":["post-3762","post","type-post","status-publish","format-standard","has-post-thumbnail","hentry","category-histoiresante","category-pharmacie-biologie-cosmetologie","tag-histoire-de-la-pharmacie","tag-livre"],"_links":{"self":[{"href":"https:\/\/numerabilis.u-paris.fr\/medica\/blog\/index.php\/wp-json\/wp\/v2\/posts\/3762"}],"collection":[{"href":"https:\/\/numerabilis.u-paris.fr\/medica\/blog\/index.php\/wp-json\/wp\/v2\/posts"}],"about":[{"href":"https:\/\/numerabilis.u-paris.fr\/medica\/blog\/index.php\/wp-json\/wp\/v2\/types\/post"}],"author":[{"embeddable":true,"href":"https:\/\/numerabilis.u-paris.fr\/medica\/blog\/index.php\/wp-json\/wp\/v2\/users\/1"}],"replies":[{"embeddable":true,"href":"https:\/\/numerabilis.u-paris.fr\/medica\/blog\/index.php\/wp-json\/wp\/v2\/comments?post=3762"}],"version-history":[{"count":22,"href":"https:\/\/numerabilis.u-paris.fr\/medica\/blog\/index.php\/wp-json\/wp\/v2\/posts\/3762\/revisions"}],"predecessor-version":[{"id":3796,"href":"https:\/\/numerabilis.u-paris.fr\/medica\/blog\/index.php\/wp-json\/wp\/v2\/posts\/3762\/revisions\/3796"}],"wp:featuredmedia":[{"embeddable":true,"href":"https:\/\/numerabilis.u-paris.fr\/medica\/blog\/index.php\/wp-json\/wp\/v2\/media\/3773"}],"wp:attachment":[{"href":"https:\/\/numerabilis.u-paris.fr\/medica\/blog\/index.php\/wp-json\/wp\/v2\/media?parent=3762"}],"wp:term":[{"taxonomy":"category","embeddable":true,"href":"https:\/\/numerabilis.u-paris.fr\/medica\/blog\/index.php\/wp-json\/wp\/v2\/categories?post=3762"},{"taxonomy":"post_tag","embeddable":true,"href":"https:\/\/numerabilis.u-paris.fr\/medica\/blog\/index.php\/wp-json\/wp\/v2\/tags?post=3762"}],"curies":[{"name":"wp","href":"https:\/\/api.w.org\/{rel}","templated":true}]}}