{"id":3840,"date":"2014-01-21T16:39:52","date_gmt":"2014-01-21T15:39:52","guid":{"rendered":"https:\/\/numerabilis.u-paris.fr\/medica\/blog\/?p=3840"},"modified":"2014-01-21T16:42:41","modified_gmt":"2014-01-21T15:42:41","slug":"corps-pour-les-vivants-philippe-charlier-rencontre-dhippocrate","status":"publish","type":"post","link":"https:\/\/numerabilis.u-paris.fr\/medica\/blog\/index.php\/corps-pour-les-vivants-philippe-charlier-rencontre-dhippocrate\/","title":{"rendered":"Des corps pour les vivants (rencontre d&rsquo;Hippocrate le 11 f\u00e9vrier)"},"content":{"rendered":"<h2><strong><em>Des corps pour les vivants<br \/>\n<\/em><\/strong><\/h2>\n<p><img loading=\"lazy\" decoding=\"async\" class=\"aligncenter\" title=\"Rencontres d'Hippocrate\" src=\"https:\/\/numerabilis.u-paris.fr\/medica\/blog\/wp-content\/uploads\/RH21-300x102.jpg\" alt=\"Logo rencontres d'Hippocrate\" width=\"452\" height=\"153\" \/>La prochaine \u00ab\u00a0<a title=\"Rencontres d'Hippocrate\" href=\"http:\/\/www.medecine.parisdescartes.fr\/?page_id=6672\" target=\"_blank\">Rencontre d&rsquo;Hippocrate<\/a>\u00a0\u00bb aura lieu le <strong>mardi 11 f\u00e9vrier 2014<\/strong>,<\/p>\n<p>sur le th\u00e8me \u00ab <strong><em>Des corps pour les vivants <\/em><\/strong>\u00bb<em><\/em><\/p>\n<p>Conf\u00e9rence prononc\u00e9e par M. <a title=\"Philippe Charlier sur Wikip\u00e9dia\" href=\"http:\/\/fr.wikipedia.org\/wiki\/Philippe_Charlier\" target=\"_blank\"><strong>Philippe Charlier<\/strong><\/a>, m\u00e9decin l\u00e9giste \u00e0 l\u2019<a title=\"Universit\u00e9 Paris Descartes\" href=\"http:\/\/www.univ-paris5.fr\/\" target=\"_blank\">universit\u00e9 Paris Descartes<\/a>.<\/p>\n<p>Avec les participations de M. <a title=\"Pierre Le Coz sur Wikip\u00e9dia\" href=\"http:\/\/fr.wikipedia.org\/wiki\/Pierre_Le_Coz\" target=\"_blank\">Pierre Le Coz<\/a> et M. <a title=\"Bertrand Ludes\" href=\"http:\/\/www.anthropobiologie.fr\/content.php?itemId=32&amp;id=6\" target=\"_blank\">Bertrand Ludes<\/a>.<\/p>\n<p>La conf\u00e9rence aura lieu dans <strong>l&rsquo;amphith\u00e9\u00e2tre Richet<\/strong> (<em>15, rue de l&rsquo;\u00c9cole-de-M\u00e9decine, site des Cordeliers, 2e \u00e9tage<\/em>) de 18h \u00e0 20h30. Elle sera film\u00e9e puis mise en ligne <a title=\"Rencontres d'Hippocrate\" href=\"http:\/\/www.medecine.parisdescartes.fr\/?page_id=6672\" target=\"_blank\">\u00e0 l&rsquo;adresse suivante<\/a>.<\/p>\n<p>L&rsquo;acc\u00e8s \u00e0 ces rencontres est libre et ne n\u00e9cessite pas d&rsquo;inscription.<\/p>\n<p>Retrouvez le programme 2013-2014 et les vid\u00e9os des sessions pr\u00e9c\u00e9dentes <a title=\"Rencontres d'Hippocrate\" href=\"http:\/\/www.medecine.parisdescartes.fr\/?page_id=6672\" target=\"_blank\">en cliquant sur ce lien<\/a>.<\/p>\n<p><img decoding=\"async\" title=\"Lire la suite\u2026\" src=\"https:\/\/numerabilis.u-paris.fr\/medica\/blog\/wp-includes\/js\/tinymce\/plugins\/wordpress\/img\/trans.gif\" alt=\"\" \/><!--more--><\/p>\n<div id=\"schema_block\" class=\"schema_event\"><div itemscope itemtype=\"http:\/\/schema.org\/EducationEvent\"><a class=\"schema_url\" target=\"_blank\" itemprop=\"url\" href=\"http:\/\/www.medecine.parisdescartes.fr\/?page_id=6672\"><div class=\"schema_name\" itemprop=\"name\">Des corps pour les vivants<\/div><\/a><div class=\"schema_description\" itemprop=\"description\">Rencontres d&#039;Hippocrate : Des corps pour les vivants<\/div><div><meta itemprop=\"startDate\" content=\"2014-02-11T18:00\">Debut: 02\/11\/2014 06:00 pm<\/div><\/div><div itemprop=\"address\" itemscope itemtype=\"http:\/\/schema.org\/PostalAddress\"><div class=\"street\" itemprop=\"streetAddress\">15, rue de l'Ecole-de-M\u00e9decine<\/div><div class=\"city_state\"><span class=\"locale\" itemprop=\"addressLocality\">Paris<\/span>,<span class=\"region\" itemprop=\"addressRegion\"> \u00cele-de-France<\/span><\/div><div class=\"postalcode\" itemprop=\"postalCode\">75006<\/div><div class=\"country\" itemprop=\"addressCountry\">FR<\/div><\/div><\/div>\n","protected":false},"excerpt":{"rendered":"<p>Des corps pour les vivants La prochaine \u00ab\u00a0Rencontre d&rsquo;Hippocrate\u00a0\u00bb aura lieu le mardi 11 f\u00e9vrier 2014, sur le th\u00e8me \u00ab Des corps pour les vivants \u00bb Conf\u00e9rence prononc\u00e9e par M. Philippe Charlier, m\u00e9decin l\u00e9giste \u00e0 l\u2019universit\u00e9 Paris Descartes. Avec les participations de M. Pierre Le Coz et M. Bertrand Ludes. La conf\u00e9rence aura lieu dans &hellip; <a href=\"https:\/\/numerabilis.u-paris.fr\/medica\/blog\/index.php\/corps-pour-les-vivants-philippe-charlier-rencontre-dhippocrate\/\" class=\"more-link\">Continuer la lecture<span class=\"screen-reader-text\"> de &laquo;&nbsp;Des corps pour les vivants (rencontre d&rsquo;Hippocrate le 11 f\u00e9vrier)&nbsp;&raquo;<\/span><\/a><\/p>\n","protected":false},"author":1,"featured_media":5010,"comment_status":"open","ping_status":"open","sticky":false,"template":"","format":"standard","meta":{"_monsterinsights_skip_tracking":false,"_monsterinsights_sitenote_active":false,"_monsterinsights_sitenote_note":"","_monsterinsights_sitenote_category":0,"footnotes":""},"categories":[7,14],"tags":[112,23,113],"class_list":["post-3840","post","type-post","status-publish","format-standard","has-post-thumbnail","hentry","category-histoiresante","category-medecine-odontologie","tag-anthropologie","tag-conference","tag-medecine-legale"],"_links":{"self":[{"href":"https:\/\/numerabilis.u-paris.fr\/medica\/blog\/index.php\/wp-json\/wp\/v2\/posts\/3840"}],"collection":[{"href":"https:\/\/numerabilis.u-paris.fr\/medica\/blog\/index.php\/wp-json\/wp\/v2\/posts"}],"about":[{"href":"https:\/\/numerabilis.u-paris.fr\/medica\/blog\/index.php\/wp-json\/wp\/v2\/types\/post"}],"author":[{"embeddable":true,"href":"https:\/\/numerabilis.u-paris.fr\/medica\/blog\/index.php\/wp-json\/wp\/v2\/users\/1"}],"replies":[{"embeddable":true,"href":"https:\/\/numerabilis.u-paris.fr\/medica\/blog\/index.php\/wp-json\/wp\/v2\/comments?post=3840"}],"version-history":[{"count":7,"href":"https:\/\/numerabilis.u-paris.fr\/medica\/blog\/index.php\/wp-json\/wp\/v2\/posts\/3840\/revisions"}],"predecessor-version":[{"id":3846,"href":"https:\/\/numerabilis.u-paris.fr\/medica\/blog\/index.php\/wp-json\/wp\/v2\/posts\/3840\/revisions\/3846"}],"wp:featuredmedia":[{"embeddable":true,"href":"https:\/\/numerabilis.u-paris.fr\/medica\/blog\/index.php\/wp-json\/wp\/v2\/media\/5010"}],"wp:attachment":[{"href":"https:\/\/numerabilis.u-paris.fr\/medica\/blog\/index.php\/wp-json\/wp\/v2\/media?parent=3840"}],"wp:term":[{"taxonomy":"category","embeddable":true,"href":"https:\/\/numerabilis.u-paris.fr\/medica\/blog\/index.php\/wp-json\/wp\/v2\/categories?post=3840"},{"taxonomy":"post_tag","embeddable":true,"href":"https:\/\/numerabilis.u-paris.fr\/medica\/blog\/index.php\/wp-json\/wp\/v2\/tags?post=3840"}],"curies":[{"name":"wp","href":"https:\/\/api.w.org\/{rel}","templated":true}]}}