{"id":3949,"date":"2014-02-03T13:46:55","date_gmt":"2014-02-03T12:46:55","guid":{"rendered":"https:\/\/numerabilis.u-paris.fr\/medica\/blog\/?p=3949"},"modified":"2014-02-03T13:47:31","modified_gmt":"2014-02-03T12:47:31","slug":"fermeture-salle-landouzy-vendredi-7-fevrier","status":"publish","type":"post","link":"https:\/\/numerabilis.u-paris.fr\/medica\/blog\/index.php\/fermeture-salle-landouzy-vendredi-7-fevrier\/","title":{"rendered":"Salle Landouzy ferm\u00e9e vendredi matin"},"content":{"rendered":"<p><strong><em>Attention<\/em><\/strong>, <strong>vendredi prochain 7 f\u00e9vrier 2014<\/strong>, la salle <strong>Landouzy<\/strong> (<em>au p\u00f4le m\u00e9decine-odontologie<\/em>) demeurera <strong>ferm\u00e9e jusqu&rsquo;\u00e0 12h<\/strong>. Certaines ressources imprim\u00e9es en <strong>odontologie<\/strong> seront donc inaccessibles pendant quelques heures.<\/p>\n<p>La grande salle sera ouverte comme \u00e0 l&rsquo;accoutum\u00e9e, vous pourrez donc venir travailler au 12, rue de l&rsquo;\u00c9cole-de-M\u00e9decine.<\/p>\n<p style=\"text-align: right;\"><em>Nous vous prions de nous excuser pour la g\u00eane occasionn\u00e9e<\/em>.<\/p>\n<p><img loading=\"lazy\" decoding=\"async\" class=\"aligncenter size-full wp-image-2350\" title=\"Landouzy600\" src=\"https:\/\/numerabilis.u-paris.fr\/medica\/blog\/wp-content\/uploads\/Landouzy600.jpg\" alt=\"Salle Landouzy\" width=\"600\" height=\"390\" srcset=\"https:\/\/numerabilis.u-paris.fr\/medica\/blog\/wp-content\/uploads\/Landouzy600.jpg 600w, https:\/\/numerabilis.u-paris.fr\/medica\/blog\/wp-content\/uploads\/Landouzy600-300x195.jpg 300w\" sizes=\"(max-width: 709px) 85vw, (max-width: 909px) 67vw, (max-width: 984px) 61vw, (max-width: 1362px) 45vw, 600px\" \/><\/p>\n","protected":false},"excerpt":{"rendered":"<p>Attention, vendredi prochain 7 f\u00e9vrier 2014, la salle Landouzy (au p\u00f4le m\u00e9decine-odontologie) demeurera ferm\u00e9e jusqu&rsquo;\u00e0 12h. Certaines ressources imprim\u00e9es en odontologie seront donc inaccessibles pendant quelques heures. La grande salle sera ouverte comme \u00e0 l&rsquo;accoutum\u00e9e, vous pourrez donc venir travailler au 12, rue de l&rsquo;\u00c9cole-de-M\u00e9decine. Nous vous prions de nous excuser pour la g\u00eane occasionn\u00e9e.<\/p>\n","protected":false},"author":1,"featured_media":2350,"comment_status":"open","ping_status":"open","sticky":false,"template":"","format":"standard","meta":{"_monsterinsights_skip_tracking":false,"_monsterinsights_sitenote_active":false,"_monsterinsights_sitenote_note":"","_monsterinsights_sitenote_category":0,"footnotes":""},"categories":[14],"tags":[43,84],"class_list":["post-3949","post","type-post","status-publish","format-standard","has-post-thumbnail","hentry","category-medecine-odontologie","tag-acces","tag-odontologie"],"_links":{"self":[{"href":"https:\/\/numerabilis.u-paris.fr\/medica\/blog\/index.php\/wp-json\/wp\/v2\/posts\/3949"}],"collection":[{"href":"https:\/\/numerabilis.u-paris.fr\/medica\/blog\/index.php\/wp-json\/wp\/v2\/posts"}],"about":[{"href":"https:\/\/numerabilis.u-paris.fr\/medica\/blog\/index.php\/wp-json\/wp\/v2\/types\/post"}],"author":[{"embeddable":true,"href":"https:\/\/numerabilis.u-paris.fr\/medica\/blog\/index.php\/wp-json\/wp\/v2\/users\/1"}],"replies":[{"embeddable":true,"href":"https:\/\/numerabilis.u-paris.fr\/medica\/blog\/index.php\/wp-json\/wp\/v2\/comments?post=3949"}],"version-history":[{"count":3,"href":"https:\/\/numerabilis.u-paris.fr\/medica\/blog\/index.php\/wp-json\/wp\/v2\/posts\/3949\/revisions"}],"predecessor-version":[{"id":3952,"href":"https:\/\/numerabilis.u-paris.fr\/medica\/blog\/index.php\/wp-json\/wp\/v2\/posts\/3949\/revisions\/3952"}],"wp:featuredmedia":[{"embeddable":true,"href":"https:\/\/numerabilis.u-paris.fr\/medica\/blog\/index.php\/wp-json\/wp\/v2\/media\/2350"}],"wp:attachment":[{"href":"https:\/\/numerabilis.u-paris.fr\/medica\/blog\/index.php\/wp-json\/wp\/v2\/media?parent=3949"}],"wp:term":[{"taxonomy":"category","embeddable":true,"href":"https:\/\/numerabilis.u-paris.fr\/medica\/blog\/index.php\/wp-json\/wp\/v2\/categories?post=3949"},{"taxonomy":"post_tag","embeddable":true,"href":"https:\/\/numerabilis.u-paris.fr\/medica\/blog\/index.php\/wp-json\/wp\/v2\/tags?post=3949"}],"curies":[{"name":"wp","href":"https:\/\/api.w.org\/{rel}","templated":true}]}}