{"id":3953,"date":"2014-03-11T10:42:39","date_gmt":"2014-03-11T09:42:39","guid":{"rendered":"https:\/\/numerabilis.u-paris.fr\/medica\/blog\/?p=3953"},"modified":"2016-03-24T14:57:51","modified_gmt":"2016-03-24T13:57:51","slug":"aventures-medecine-coeur-homme","status":"publish","type":"post","link":"https:\/\/numerabilis.u-paris.fr\/medica\/blog\/index.php\/aventures-medecine-coeur-homme\/","title":{"rendered":"Aventures de m\u00e9decine : au coeur de l&rsquo;homme"},"content":{"rendered":"<p>Ce soir \u00e0 <strong>20h45<\/strong> sur <strong>France 2<\/strong>, \u00e9mission \u00ab <em><a title=\"Aventures de m\u00e9decine\" href=\"http:\/\/www.france2.fr\/emission\/aventures-de-medecine\/diffusion-du-11-03-2014-20h45\" target=\"_blank\">Aventures de m\u00e9decine : au coeur de l&rsquo;homme<\/a><\/em> \u00bb (replay disponible en ligne jusqu&rsquo;au 18 mars).<\/p>\n<p>Pr\u00e9sent\u00e9e par <strong>Michel Cymes<\/strong>, cette \u00e9mission reviendra sur la longue s\u00e9rie de progr\u00e8s qui ont abouti \u00e0 cette prouesse scientifique qu&rsquo;est le remplacement d&rsquo;un c\u0153ur humain : de <strong>Galien<\/strong> \u00e0 <strong>Harvey<\/strong>, jusqu&rsquo;\u00e0 <strong>Christian Barnard<\/strong> et la premi\u00e8re transplantation en 1967.<\/p>\n<p><img loading=\"lazy\" decoding=\"async\" class=\"aligncenter size-full wp-image-4254\" title=\"aventures\" src=\"https:\/\/numerabilis.u-paris.fr\/medica\/blog\/wp-content\/uploads\/aventures.jpg\" alt=\"\" width=\"600\" height=\"338\" srcset=\"https:\/\/numerabilis.u-paris.fr\/medica\/blog\/wp-content\/uploads\/aventures.jpg 600w, https:\/\/numerabilis.u-paris.fr\/medica\/blog\/wp-content\/uploads\/aventures-300x169.jpg 300w\" sizes=\"(max-width: 709px) 85vw, (max-width: 909px) 67vw, (max-width: 984px) 61vw, (max-width: 1362px) 45vw, 600px\" \/><\/p>\n<p>On y assistera \u00e0 une greffe r\u00e9alis\u00e9e de nos jours \u00e0 l&rsquo;h\u00f4pital de la <strong>Piti\u00e9-Salp\u00eatri\u00e8re<\/strong>. Il y sera aussi question de la pose r\u00e9cente d&rsquo;un c\u0153ur artificiel \u00e0 l&rsquo;h\u00f4pital europ\u00e9en <strong>Georges-Pompidou<\/strong> &#8211; dont le patient <a title=\"D\u00e9c\u00e8s coeur artificiel\" href=\"http:\/\/abonnes.lemonde.fr\/sante\/article\/2014\/03\/03\/mort-du-malade-ayant-beneficie-de-la-premiere-implantation-d-un-c-ur-artificiel-carmat_4376988_1651302.html\" target=\"_blank\">vient malheureusement de d\u00e9c\u00e9der 75 jours apr\u00e8s l&rsquo;op\u00e9ration<\/a>.<\/p>\n<p>La BIU Sant\u00e9 a particip\u00e9 \u00e0 l&rsquo;organisation de certaines des <strong>interviews<\/strong> qui seront diffus\u00e9es &#8211; entretiens dont certains ont d&rsquo;ailleurs \u00e9t\u00e9 film\u00e9s dans l&rsquo;une des salles de lecture de notre p\u00f4le m\u00e9decine.<\/p>\n<p>Plus d&rsquo;informations sur cette \u00e9mission <a title=\"Aventures de m\u00e9decine\" href=\"http:\/\/www.coulisses-tv.fr\/index.php?option=com_k2&amp;view=item&amp;id=3030:%E2%80%9Caventures-de-m%C3%A9decine%E2%80%9D-michel-cymes-au-c%C5%93ur-de-l-homme-mardi-11-mars-sur-france-2&amp;Itemid=403\" target=\"_blank\">en cliquant ici<\/a>.<br \/>\n<em>\u00ab La m\u00e9decine a marqu\u00e9, marque et marquera toujours nos soci\u00e9t\u00e9s\u2026 <strong>Aventures de m\u00e9decine<\/strong> est une collection documentaire qui plonge le t\u00e9l\u00e9spectateur dans les coulisses de l\u2019Histoire de ces r\u00e9volutions m\u00e9dicales, dans les blocs op\u00e9ratoires d\u2019aujourd\u2019hui, dans les laboratoires des pionniers de la science et gr\u00e2ce \u00e0 des images de synth\u00e8se in\u00e9dites, dans l\u2019intimit\u00e9 du corps humain. <strong>Michel Cymes<\/strong>, fil rouge de la s\u00e9rie, nous guide dans ces voyages dans le temps fait d\u2019aventures bouleversantes, \u00e0 la fois scientifiques et humaines.<\/em><br \/>\n<em> Une production : <strong>Pulsations<\/strong><\/em><br \/>\n<em> Sur une id\u00e9e originale de <strong>Michel Cymes<\/strong><\/em><br \/>\n<em> Un film de <strong>Claire Feinstein<\/strong> et <strong>Ga\u00ebl Chauvin<\/strong><\/em><br \/>\n<em> R\u00e9alis\u00e9 par <strong>Bernard Faroux<\/strong> et <strong>Claire Feinstein<\/strong><\/em><br \/>\n<em> Produit par <strong>Christian Gerin<\/strong><\/em><br \/>\n<em> Direction scientifique : Monsieur le Professeur <strong>Jean-No\u00ebl Fabiani<\/strong><\/em><br \/>\n<em> Avec la participation du CNC et de France T\u00e9l\u00e9visions. <\/em>\u00bb<\/p>\n<p><!--more--><\/p>\n<div id=\"schema_block\" class=\"schema_movie\"><div itemscope itemtype=\"http:\/\/schema.org\/Movie\"><a class=\"schema_url\" target=\"_blank\" itemprop=\"url\" href=\"http:\/\/www.france2.fr\/emission\/aventures-de-medecine\"><div class=\"schema_name\" itemprop=\"name\">AVENTURES DE M\u00c9DECINE Au coeur de l'homme<\/div><\/a><div itemprop=\"director\" itemscope itemtype=\"http:\/\/schema.org\/Person\">Realise par : <span itemprop=\"name\">Bernard Faroux et Claire Feinstein<\/span><\/div><div itemprop=\"producer\" itemscope itemtype=\"http:\/\/schema.org\/Person\">Une production : <span itemprop=\"name\">Pulsations<\/span><\/div><\/div><\/div>\n<p>&nbsp;<\/p>\n<p>&nbsp;<\/p>\n","protected":false},"excerpt":{"rendered":"<p>Ce soir \u00e0 20h45 sur France 2, \u00e9mission \u00ab Aventures de m\u00e9decine : au coeur de l&rsquo;homme \u00bb (replay disponible en ligne jusqu&rsquo;au 18 mars). Pr\u00e9sent\u00e9e par Michel Cymes, cette \u00e9mission reviendra sur la longue s\u00e9rie de progr\u00e8s qui ont abouti \u00e0 cette prouesse scientifique qu&rsquo;est le remplacement d&rsquo;un c\u0153ur humain : de Galien \u00e0 &hellip; <a href=\"https:\/\/numerabilis.u-paris.fr\/medica\/blog\/index.php\/aventures-medecine-coeur-homme\/\" class=\"more-link\">Continuer la lecture<span class=\"screen-reader-text\"> de &laquo;&nbsp;Aventures de m\u00e9decine : au coeur de l&rsquo;homme&nbsp;&raquo;<\/span><\/a><\/p>\n","protected":false},"author":1,"featured_media":0,"comment_status":"open","ping_status":"open","sticky":false,"template":"","format":"standard","meta":{"_monsterinsights_skip_tracking":false,"_monsterinsights_sitenote_active":false,"_monsterinsights_sitenote_note":"","_monsterinsights_sitenote_category":0,"footnotes":""},"categories":[7,14],"tags":[136,135,28],"class_list":["post-3953","post","type-post","status-publish","format-standard","hentry","category-histoiresante","category-medecine-odontologie","tag-cardiologie","tag-emission","tag-histoire-de-la-medecine"],"_links":{"self":[{"href":"https:\/\/numerabilis.u-paris.fr\/medica\/blog\/index.php\/wp-json\/wp\/v2\/posts\/3953"}],"collection":[{"href":"https:\/\/numerabilis.u-paris.fr\/medica\/blog\/index.php\/wp-json\/wp\/v2\/posts"}],"about":[{"href":"https:\/\/numerabilis.u-paris.fr\/medica\/blog\/index.php\/wp-json\/wp\/v2\/types\/post"}],"author":[{"embeddable":true,"href":"https:\/\/numerabilis.u-paris.fr\/medica\/blog\/index.php\/wp-json\/wp\/v2\/users\/1"}],"replies":[{"embeddable":true,"href":"https:\/\/numerabilis.u-paris.fr\/medica\/blog\/index.php\/wp-json\/wp\/v2\/comments?post=3953"}],"version-history":[{"count":19,"href":"https:\/\/numerabilis.u-paris.fr\/medica\/blog\/index.php\/wp-json\/wp\/v2\/posts\/3953\/revisions"}],"predecessor-version":[{"id":4260,"href":"https:\/\/numerabilis.u-paris.fr\/medica\/blog\/index.php\/wp-json\/wp\/v2\/posts\/3953\/revisions\/4260"}],"wp:attachment":[{"href":"https:\/\/numerabilis.u-paris.fr\/medica\/blog\/index.php\/wp-json\/wp\/v2\/media?parent=3953"}],"wp:term":[{"taxonomy":"category","embeddable":true,"href":"https:\/\/numerabilis.u-paris.fr\/medica\/blog\/index.php\/wp-json\/wp\/v2\/categories?post=3953"},{"taxonomy":"post_tag","embeddable":true,"href":"https:\/\/numerabilis.u-paris.fr\/medica\/blog\/index.php\/wp-json\/wp\/v2\/tags?post=3953"}],"curies":[{"name":"wp","href":"https:\/\/api.w.org\/{rel}","templated":true}]}}