{"id":4057,"date":"2014-02-21T16:05:13","date_gmt":"2014-02-21T15:05:13","guid":{"rendered":"https:\/\/numerabilis.u-paris.fr\/medica\/blog\/?p=4057"},"modified":"2014-02-21T17:08:58","modified_gmt":"2014-02-21T16:08:58","slug":"nouvelles-pratiques-medecine-legale-personne-ethique-corps","status":"publish","type":"post","link":"https:\/\/numerabilis.u-paris.fr\/medica\/blog\/index.php\/nouvelles-pratiques-medecine-legale-personne-ethique-corps\/","title":{"rendered":"Nouvelles pratiques en m\u00e9decine l\u00e9gale : la personne, l\u2019\u00e9thique et le corps"},"content":{"rendered":"<p>Les <strong>20e journ\u00e9es scientifiques de la Soci\u00e9t\u00e9 m\u00e9diterran\u00e9enne de m\u00e9decine l\u00e9gale<\/strong> se d\u00e9rouleront lundi et mardi prochain, <strong>24 et 25 f\u00e9vrier<\/strong> au 15, rue de l\u2019\u00c9cole-de-M\u00e9decine 75006 Paris.<\/p>\n<p><img loading=\"lazy\" decoding=\"async\" class=\"aligncenter size-full wp-image-4059\" title=\"medecine-legale\" src=\"https:\/\/numerabilis.u-paris.fr\/medica\/blog\/wp-content\/uploads\/medecine-legale.jpg\" alt=\"\" width=\"650\" height=\"403\" srcset=\"https:\/\/numerabilis.u-paris.fr\/medica\/blog\/wp-content\/uploads\/medecine-legale.jpg 650w, https:\/\/numerabilis.u-paris.fr\/medica\/blog\/wp-content\/uploads\/medecine-legale-300x186.jpg 300w\" sizes=\"(max-width: 709px) 85vw, (max-width: 909px) 67vw, (max-width: 984px) 61vw, (max-width: 1362px) 45vw, 600px\" \/><\/p>\n<p>Le sujet central de ces journ\u00e9es est le rapport de la personne, de l&rsquo;\u00e9galit\u00e9 homme\/femme, en sa dignit\u00e9 et la violence quotidienne. La <em>premi\u00e8re journ\u00e9e<\/em> est plus particuli\u00e8rement consacr\u00e9e \u00e0 la personne humaine, \u00e0 la maltraitance des personnes et \u00e0 la violence. La <em>deuxi\u00e8me journ\u00e9e<\/em> recense comment le m\u00e9decin de m\u00e9decine l\u00e9gale participe dans l&rsquo;autopsie, dans les nouvelles techniques de m\u00e9decine l\u00e9gale en rapport avec la justice et la soci\u00e9t\u00e9.<\/p>\n<p>Il est encore possible de s&rsquo;inscrire \u00e0 ces journ\u00e9es et notamment au d\u00eener au restaurant au palais du Luxembourg, o\u00f9 se d\u00e9roulera un d\u00eener-d\u00e9bat sur ces th\u00e8mes de <strong>l\u2019\u00e9galit\u00e9 hommes\/femmes<\/strong> et de la <strong>dignit\u00e9 de la personne humaine<\/strong>.<\/p>\n<p>Pour ce faire, <a title=\"D\u00eener journ\u00e9e m\u00e9decine l\u00e9gale\" href=\"http:\/\/www.ethique.sorbonne-paris-cite.fr\/?q=node\/2255\" target=\"_blank\">vous devez vous connecter sur le lien suivant<\/a>.<\/p>\n<p>La <a title=\"SFML\" href=\"http:\/\/www.smlc.asso.fr\/\" target=\"_blank\">Soci\u00e9t\u00e9 fran\u00e7aise de m\u00e9decine l\u00e9gale<\/a>, la <a title=\"SFFEM\" href=\"http:\/\/www.ethique.sorbonne-paris-cite.fr\/?q=sffem\" target=\"_blank\">Soci\u00e9t\u00e9 fran\u00e7aise et francophone d\u2019\u00e9thique m\u00e9dicale<\/a>, <a title=\"Universit\u00e9 Paris Descartes\" href=\"http:\/\/www.parisdescartes.fr\/\" target=\"_blank\">l&rsquo;universit\u00e9 Paris Descartes<\/a>, la <a title=\"MACSF\" href=\"http:\/\/www.macsf.fr\" target=\"_blank\">fondation MACSF<\/a> et Isofroid sont les partenaires de ces journ\u00e9es.<\/p>\n<p>Plus d&rsquo;informations <a title=\"Journ\u00e9e m\u00e9decine l\u00e9gale\" href=\"http:\/\/www.ethique.sorbonne-paris-cite.fr\/?q=node\/2250\" target=\"_blank\">en cliquant sur ce lien<\/a>.<\/p>\n<p><!--more--><\/p>\n<div id=\"schema_block\" class=\"schema_event\"><div itemscope itemtype=\"http:\/\/schema.org\/Event\"><a class=\"schema_url\" target=\"_blank\" itemprop=\"url\" href=\"http:\/\/www.ethique.sorbonne-paris-cite.fr\/?q=node\/2250\"><div class=\"schema_name\" itemprop=\"name\">XX\u00e8mes Journ\u00e9es Internationales M\u00e9diterrann\u00e9ennes de M\u00e9decine L\u00e9gale : nouvelles pratiques en m\u00e9decine l\u00e9gale : La personne, l\u2019Ethique et le corps<\/div><\/a><div><meta itemprop=\"startDate\" content=\"2014-02-24\">Debut: 02\/24\/2014<\/div><div><meta itemprop=\"endDate\" content=\"2014-02-25:00.000\">Fin: 02\/25\/2014<\/div><\/div><div itemprop=\"address\" itemscope itemtype=\"http:\/\/schema.org\/PostalAddress\"><div class=\"street\" itemprop=\"streetAddress\">15 rue de l\u2019\u00c9cole de M\u00e9decine<\/div><div class=\"city_state\"><span class=\"locale\" itemprop=\"addressLocality\">Paris<\/span><\/div><div class=\"postalcode\" itemprop=\"postalCode\">75006<\/div><div class=\"country\" itemprop=\"addressCountry\">FR<\/div><\/div><\/div>\n","protected":false},"excerpt":{"rendered":"<p>Les 20e journ\u00e9es scientifiques de la Soci\u00e9t\u00e9 m\u00e9diterran\u00e9enne de m\u00e9decine l\u00e9gale se d\u00e9rouleront lundi et mardi prochain, 24 et 25 f\u00e9vrier au 15, rue de l\u2019\u00c9cole-de-M\u00e9decine 75006 Paris. Le sujet central de ces journ\u00e9es est le rapport de la personne, de l&rsquo;\u00e9galit\u00e9 homme\/femme, en sa dignit\u00e9 et la violence quotidienne. La premi\u00e8re journ\u00e9e est plus &hellip; <a href=\"https:\/\/numerabilis.u-paris.fr\/medica\/blog\/index.php\/nouvelles-pratiques-medecine-legale-personne-ethique-corps\/\" class=\"more-link\">Continuer la lecture<span class=\"screen-reader-text\"> de &laquo;&nbsp;Nouvelles pratiques en m\u00e9decine l\u00e9gale : la personne, l\u2019\u00e9thique et le corps&nbsp;&raquo;<\/span><\/a><\/p>\n","protected":false},"author":1,"featured_media":4059,"comment_status":"open","ping_status":"open","sticky":false,"template":"","format":"standard","meta":{"_monsterinsights_skip_tracking":false,"_monsterinsights_sitenote_active":false,"_monsterinsights_sitenote_note":"","_monsterinsights_sitenote_category":0,"footnotes":""},"categories":[14],"tags":[107,113],"class_list":["post-4057","post","type-post","status-publish","format-standard","has-post-thumbnail","hentry","category-medecine-odontologie","tag-colloque-congres-je","tag-medecine-legale"],"_links":{"self":[{"href":"https:\/\/numerabilis.u-paris.fr\/medica\/blog\/index.php\/wp-json\/wp\/v2\/posts\/4057"}],"collection":[{"href":"https:\/\/numerabilis.u-paris.fr\/medica\/blog\/index.php\/wp-json\/wp\/v2\/posts"}],"about":[{"href":"https:\/\/numerabilis.u-paris.fr\/medica\/blog\/index.php\/wp-json\/wp\/v2\/types\/post"}],"author":[{"embeddable":true,"href":"https:\/\/numerabilis.u-paris.fr\/medica\/blog\/index.php\/wp-json\/wp\/v2\/users\/1"}],"replies":[{"embeddable":true,"href":"https:\/\/numerabilis.u-paris.fr\/medica\/blog\/index.php\/wp-json\/wp\/v2\/comments?post=4057"}],"version-history":[{"count":8,"href":"https:\/\/numerabilis.u-paris.fr\/medica\/blog\/index.php\/wp-json\/wp\/v2\/posts\/4057\/revisions"}],"predecessor-version":[{"id":4115,"href":"https:\/\/numerabilis.u-paris.fr\/medica\/blog\/index.php\/wp-json\/wp\/v2\/posts\/4057\/revisions\/4115"}],"wp:featuredmedia":[{"embeddable":true,"href":"https:\/\/numerabilis.u-paris.fr\/medica\/blog\/index.php\/wp-json\/wp\/v2\/media\/4059"}],"wp:attachment":[{"href":"https:\/\/numerabilis.u-paris.fr\/medica\/blog\/index.php\/wp-json\/wp\/v2\/media?parent=4057"}],"wp:term":[{"taxonomy":"category","embeddable":true,"href":"https:\/\/numerabilis.u-paris.fr\/medica\/blog\/index.php\/wp-json\/wp\/v2\/categories?post=4057"},{"taxonomy":"post_tag","embeddable":true,"href":"https:\/\/numerabilis.u-paris.fr\/medica\/blog\/index.php\/wp-json\/wp\/v2\/tags?post=4057"}],"curies":[{"name":"wp","href":"https:\/\/api.w.org\/{rel}","templated":true}]}}