{"id":4067,"date":"2014-02-20T16:34:50","date_gmt":"2014-02-20T15:34:50","guid":{"rendered":"https:\/\/numerabilis.u-paris.fr\/medica\/blog\/?p=4067"},"modified":"2016-07-12T14:25:55","modified_gmt":"2016-07-12T12:25:55","slug":"sphm-medias-sante","status":"publish","type":"post","link":"https:\/\/numerabilis.u-paris.fr\/medica\/blog\/index.php\/sphm-medias-sante\/","title":{"rendered":"SPHM, appel \u00e0 articles \u00ab Comment s\u2019informe-t-on sur la sant\u00e9 ? \u00bb"},"content":{"rendered":"<p>La <a href=\"http:\/\/www.histoiredesmedias.com\/\" target=\"_blank\">Soci\u00e9t\u00e9 pour l&rsquo;histoire des m\u00e9dias<\/a> recherche des contributions pour un num\u00e9ro de sa revue <em>Le<\/em> <em>Temps des m\u00e9dias<\/em> consacr\u00e9 au th\u00e8me \u00ab Comment s\u2019informe-t-on sur la sant\u00e9 ? \u00bb<\/p>\n<p>Voici leur annonce diffus\u00e9e sur leur site Internet, accessible en <a href=\"http:\/\/www.histoiredesmedias.com\/Appel-a-articles-Comment-s-informe.html\" target=\"_blank\">cliquant ici<\/a>.<\/p>\n<p><strong>Appel \u00e0 articles \u00ab Comment s\u2019informe-t-on sur la sant\u00e9 ? \u00bb, Le Temps des m\u00e9dias (n\u00b023, automne 2014), 7 mars 2014.<\/strong><\/p>\n<p><a href=\"http:\/\/www.histoiredesmedias.com\/Appel-a-articles-Comment-s-informe.html\" target=\"_blank\"><img loading=\"lazy\" decoding=\"async\" class=\"wp-image-4069 alignleft\" title=\"arton5081\" src=\"https:\/\/numerabilis.u-paris.fr\/medica\/blog\/wp-content\/uploads\/arton5081-1024x785.jpg\" alt=\"\" width=\"321\" height=\"246\" srcset=\"https:\/\/numerabilis.u-paris.fr\/medica\/blog\/wp-content\/uploads\/arton5081-1024x785.jpg 1024w, https:\/\/numerabilis.u-paris.fr\/medica\/blog\/wp-content\/uploads\/arton5081-300x230.jpg 300w\" sizes=\"(max-width: 321px) 85vw, 321px\" \/><\/a>De tous temps, les m\u00e9dias, du premier d\u2019entre eux &#8211; le bouche \u00e0 oreille &#8211; aux plus contemporains, ont parl\u00e9 de maladies, mis en images le monde de la m\u00e9decine et des soins. Comment se d\u00e9ploient ces discours, sous quelles contraintes et avec quels impacts sur les publics, que ceux-ci soient concern\u00e9s par la maladie ou simplement curieux de s\u2019informer ? Entre l\u2019expertise des savants et celles des patients, les m\u00e9dias (sous toutes leurs formes, de la chanson \u00e0 Internet, du manuscrit \u00e0 la BD\u2026) ajoutent un interm\u00e9diaire qui met en place ses propres d\u00e9finitions de la bonne sant\u00e9 et de la maladie, mais qui a aussi ses propres contraintes et ses propres r\u00e8gles.<br \/>\nCe num\u00e9ro du Temps des M\u00e9dias s\u2019int\u00e9ressera aux discours produits sur la sant\u00e9, mais aussi \u00e0 leur circulation dans la population, \u00e0 la mani\u00e8re dont ils agissent en retour sur les organismes et professionnels du soin. Toutes les p\u00e9riodes et tous les m\u00e9dias pourront \u00eatre \u00e9tudi\u00e9s : presse, radio et t\u00e9l\u00e9vision, mais aussi cin\u00e9ma, affiches, photos, chanson, web, libelles\u2026<\/p>\n<p><strong>De nombreux th\u00e8mes peuvent \u00eatre abord\u00e9s, par exemple :<\/strong><\/p>\n<ul>\n<li>Connaissances profanes des maladies et informations ;<\/li>\n<li>Les rumeurs autour d\u2019\u00e9pid\u00e9mie, de maladies ;<\/li>\n<li>Carri\u00e8re et formation des \u00ab sp\u00e9cialistes \u00bb sant\u00e9 dans les m\u00e9dias ;<\/li>\n<li>R\u00f4le des m\u00e9dias dans la propagation des peurs sanitaires ;<\/li>\n<li>Monographie d\u2019une \u00e9mission ou d\u2019un journal ;<\/li>\n<li>Les contraintes \u00e9conomiques des informations sur la sant\u00e9 ;<\/li>\n<li>\u00c9volution du journalisme sant\u00e9 ;<\/li>\n<li>L\u2019intervention de la puissance publique ; les campagnes de pr\u00e9vention ;<\/li>\n<li>Photographier la maladie ;<\/li>\n<li>De la grippe espagnole au H1N1. Red\u00e9finitions de la maladie ;<\/li>\n<li>Les approches non savantes ou profanes de la sant\u00e9 ;<\/li>\n<li>Les pr\u00e9toires comme lieu de red\u00e9finition de la sant\u00e9 mentale ;<\/li>\n<li>Etc.<\/li>\n<\/ul>\n<p><strong>Proposition :<\/strong><br \/>\nLes propositions ne doivent pas d\u00e9passer 5 000 caract\u00e8res. Elles doivent \u00eatre envoy\u00e9es aux trois rapporteurs (<a href=\"&#109;&#x61;&#105;&#x6c;&#116;&#x6f;&#58;&#x70;&#97;&#x73;&#99;&#x61;&#108;&#x65;&#46;&#x6d;&#97;&#x6e;&#115;&#x69;&#101;&#x72;&#64;&#x63;&#110;&#x72;s&#x2e;f&#x72;\" target=\"_blank\">&#x70;&#97;&#x73;&#x63;&#97;&#x6c;&#101;&#46;&#x6d;&#97;n&#x73;&#105;e&#x72;&#64;c&#x6e;&#114;&#x73;&#x2e;&#102;&#x72;<\/a>, <a href=\"m&#97;&#105;&#x6c;&#x74;o:&#99;&#101;&#x63;&#x69;le&#46;&#109;&#x65;&#x61;de&#108;&#x40;&#x6d;&#x69;n&#101;&#115;&#x2d;&#x70;&#x61;r&#105;&#115;&#x74;&#x65;&#x63;h&#46;&#102;&#x72;\" target=\"_blank\">&#x63;&#101;c&#x69;&#x6c;&#101;&#46;&#x6d;&#x65;&#97;d&#x65;&#108;&#64;&#x6d;&#x69;&#110;e&#x73;&#x2d;&#112;a&#x72;&#105;&#115;&#x74;&#x65;&#99;h&#x2e;&#x66;&#114;<\/a>, <a href=\"&#109;&#x61;&#x69;l&#116;&#x6f;:&#99;&#x6c;a&#105;&#x72;e&#46;&#x73;&#x65;&#99;&#x61;&#x69;l&#64;&#x63;n&#114;&#x73;&#46;&#102;&#x72;\" target=\"_blank\">&#x63;&#x6c;&#97;&#105;re&#x2e;&#x73;&#x65;&#99;ai&#x6c;&#x40;&#x63;&#110;&#114;s&#x2e;&#x66;&#x72;<\/a>) au plus tard le <strong>7 mars 2014<\/strong>.<\/p>\n<p><strong>Calendrier pr\u00e9visionnel :<\/strong><br \/>\n14 f\u00e9vrier 2014 : Diffusion de l\u2019appel<br \/>\n7 mars 2014 : Date limite d\u2019envoi des propositions<br \/>\n17 mars 2014 : R\u00e9ponses aux auteurs<br \/>\n16 juin 2014 : Envoi des articles<br \/>\n7 juillet 2014 : Retour aux auteurs \/ Corrections<br \/>\n1er sept. 2014 : Envoi des versions d\u00e9finitives des articles<br \/>\nAutomne 2014 : Parution du num\u00e9ro 23 du <em>Temps des m\u00e9dias<\/em><\/p>\n<p><strong>Coordination du num\u00e9ro<\/strong><br \/>\nPascal MANSIER, INSERM \/ Laboratoire Communication et Politique (CNRS)<br \/>\nC\u00e9cile M\u00c9ADEL, Centre de Sociologie de l\u2019Innovation (Mines ParisTech &#8211; CNRS)<br \/>\nClaire S\u00c9CAIL, Laboratoire Communication et Politique (CNRS)<\/p>\n<p>Voir normes de publication : <a href=\"http:\/\/www.histoiredesmedias.com\/-Normes-de-publication-.html\" target=\"_blank\">http:\/\/www.histoiredesmedias.com\/-Normes-de-publication-.html<\/a><\/p>\n","protected":false},"excerpt":{"rendered":"<p>La Soci\u00e9t\u00e9 pour l&rsquo;histoire des m\u00e9dias recherche des contributions pour un num\u00e9ro de sa revue Le Temps des m\u00e9dias consacr\u00e9 au th\u00e8me \u00ab Comment s\u2019informe-t-on sur la sant\u00e9 ? \u00bb Voici leur annonce diffus\u00e9e sur leur site Internet, accessible en cliquant ici. Appel \u00e0 articles \u00ab Comment s\u2019informe-t-on sur la sant\u00e9 ? \u00bb, Le Temps &hellip; <a href=\"https:\/\/numerabilis.u-paris.fr\/medica\/blog\/index.php\/sphm-medias-sante\/\" class=\"more-link\">Continuer la lecture<span class=\"screen-reader-text\"> de &laquo;&nbsp;SPHM, appel \u00e0 articles \u00ab Comment s\u2019informe-t-on sur la sant\u00e9 ? \u00bb&nbsp;&raquo;<\/span><\/a><\/p>\n","protected":false},"author":1,"featured_media":0,"comment_status":"open","ping_status":"open","sticky":false,"template":"","format":"standard","meta":{"_monsterinsights_skip_tracking":false,"_monsterinsights_sitenote_active":false,"_monsterinsights_sitenote_note":"","_monsterinsights_sitenote_category":0,"footnotes":""},"categories":[7],"tags":[],"class_list":["post-4067","post","type-post","status-publish","format-standard","hentry","category-histoiresante"],"_links":{"self":[{"href":"https:\/\/numerabilis.u-paris.fr\/medica\/blog\/index.php\/wp-json\/wp\/v2\/posts\/4067"}],"collection":[{"href":"https:\/\/numerabilis.u-paris.fr\/medica\/blog\/index.php\/wp-json\/wp\/v2\/posts"}],"about":[{"href":"https:\/\/numerabilis.u-paris.fr\/medica\/blog\/index.php\/wp-json\/wp\/v2\/types\/post"}],"author":[{"embeddable":true,"href":"https:\/\/numerabilis.u-paris.fr\/medica\/blog\/index.php\/wp-json\/wp\/v2\/users\/1"}],"replies":[{"embeddable":true,"href":"https:\/\/numerabilis.u-paris.fr\/medica\/blog\/index.php\/wp-json\/wp\/v2\/comments?post=4067"}],"version-history":[{"count":8,"href":"https:\/\/numerabilis.u-paris.fr\/medica\/blog\/index.php\/wp-json\/wp\/v2\/posts\/4067\/revisions"}],"predecessor-version":[{"id":4101,"href":"https:\/\/numerabilis.u-paris.fr\/medica\/blog\/index.php\/wp-json\/wp\/v2\/posts\/4067\/revisions\/4101"}],"wp:attachment":[{"href":"https:\/\/numerabilis.u-paris.fr\/medica\/blog\/index.php\/wp-json\/wp\/v2\/media?parent=4067"}],"wp:term":[{"taxonomy":"category","embeddable":true,"href":"https:\/\/numerabilis.u-paris.fr\/medica\/blog\/index.php\/wp-json\/wp\/v2\/categories?post=4067"},{"taxonomy":"post_tag","embeddable":true,"href":"https:\/\/numerabilis.u-paris.fr\/medica\/blog\/index.php\/wp-json\/wp\/v2\/tags?post=4067"}],"curies":[{"name":"wp","href":"https:\/\/api.w.org\/{rel}","templated":true}]}}