{"id":4103,"date":"2014-02-24T13:51:19","date_gmt":"2014-02-24T12:51:19","guid":{"rendered":"https:\/\/numerabilis.u-paris.fr\/medica\/blog\/?p=4103"},"modified":"2014-02-24T13:51:19","modified_gmt":"2014-02-24T12:51:19","slug":"naissance-petite-enfance-cour-france","status":"publish","type":"post","link":"https:\/\/numerabilis.u-paris.fr\/medica\/blog\/index.php\/naissance-petite-enfance-cour-france\/","title":{"rendered":"Naissance et petite enfance \u00e0 la cour de France"},"content":{"rendered":"<p style=\"text-align: left;\" align=\"center\">Nous vous en parlions <a title=\"Annonce naissance et petite enfance cour de France\" href=\"https:\/\/numerabilis.u-paris.fr\/medica\/blog\/index.php\/naissance-petite-enfance-cour-de-france\/\" target=\"_blank\">sur ce blog en avril 2013<\/a> : la journ\u00e9e d&rsquo;\u00e9tude internationale<strong> Naissance et petite enfance \u00e0 la cour de France<\/strong> aura lieu cette semaine, les <strong>27 et 28 f\u00e9vrier<\/strong>.<\/p>\n<p style=\"text-align: left;\" align=\"center\">Elle est organis\u00e9e par <a title=\"Cour-de-France.fr\" href=\"http:\/\/cour-de-france.fr\/\" target=\"_blank\">Cour de France.fr<\/a> en collaboration avec la <a title=\"Maison des Sciences de l'Homme\" href=\"http:\/\/www.mshparisnord.fr\/\" target=\"_blank\">Maison des Sciences de l\u2019Homme Paris Nord<\/a> ; avec le soutien du programme interuniversitaire <a title=\"Formes du savoir\" href=\"http:\/\/www.msha.fr\/formesdusavoir\/\" target=\"_blank\">\u00ab Formes du savoir de 1400 \u00e0 1750 \u00bb (Maison des Sciences de l\u2019Homme Aquitaine)<\/a>, <a title=\"Universit\u00e9 Paris 13\" href=\"http:\/\/www.univ-paris13.fr\/\" target=\"_blank\">l\u2019universit\u00e9 Paris 13<\/a> et l<a title=\"CRESC\" href=\"http:\/\/www.univ-paris13.fr\/cresc\/\" target=\"_blank\">e CRESC (Centre de recherche sur les espaces, les soci\u00e9t\u00e9s et les cultures)<\/a>.<\/p>\n<p><a title=\"De la conservation des enfans...\" href=\"https:\/\/www.biusante.parisdescartes.fr\/histmed\/image?01476\" target=\"_blank\"><img loading=\"lazy\" decoding=\"async\" class=\"aligncenter size-full wp-image-4110\" title=\"01476\" src=\"https:\/\/numerabilis.u-paris.fr\/medica\/blog\/wp-content\/uploads\/014761.jpg\" alt=\"\" width=\"500\" height=\"809\" srcset=\"https:\/\/numerabilis.u-paris.fr\/medica\/blog\/wp-content\/uploads\/014761.jpg 500w, https:\/\/numerabilis.u-paris.fr\/medica\/blog\/wp-content\/uploads\/014761-185x300.jpg 185w\" sizes=\"(max-width: 500px) 85vw, 500px\" \/><\/a><\/p>\n<p><strong><\/strong>Cette journ\u00e9e se tiendra \u00e0 la <a title=\"Maison des Sciences de l'Homme\" href=\"http:\/\/www.mshparisnord.fr\/fr\/la-msh-paris-nord\/contacts\/acceder-a-la-msh-pn.html\" target=\"_blank\">Maison des Sciences de l\u2019Homme Paris Nord<\/a>.<\/p>\n<p><a title=\"Naissance et petite enfance \u00e0 la cour de France\" href=\"http:\/\/cour-de-france.fr\/article2758.html\" target=\"_blank\">Pour consulter le programme complet, cliquez ici<\/a>.<\/p>\n<p>Y interviendront notamment :<\/p>\n<p>&#8211; <strong>Jacqueline Vons<\/strong> : \u00ab <em>Maladies, morts et jalousies dans <\/em>La sant\u00e9 du<br \/>\nprince ou le soing qu\u2019on y doit observer<em> de Rodolphe<\/em><br \/>\n<em> Le Maistre (1616)<\/em> \u00bb ;<\/p>\n<p>&#8211; <strong>Bernadette Molitor<\/strong>, de la BIU Sant\u00e9 : \u00ab <em>L&rsquo;\u00e9mergence de la p\u00e9diatrie \u00e0 la Cour et la Maison m\u00e9dicale des enfants de France au XVIIIe si\u00e8cle<\/em>. \u00bb<\/p>\n<p>&nbsp;<\/p>\n<p><!--more--><\/p>\n<div id=\"schema_block\" class=\"schema_event\"><div itemscope itemtype=\"http:\/\/schema.org\/EducationEvent\"><a class=\"schema_url\" target=\"_blank\" itemprop=\"url\" href=\"http:\/\/cour-de-france.fr\/article2758.html\"><div class=\"schema_name\" itemprop=\"name\">Naissance et petite enfance \u00e0 la cour de France (Moyen \u00c2ge \u2013 XIXe si\u00e8cle)<\/div><\/a><div class=\"schema_description\" itemprop=\"description\">Journ\u00e9e d\u2019\u00e9tude internationale organis\u00e9e par Cour de France.fr en collaboration avec la Maison des Sciences de l\u2019Homme Paris Nord et le programme interuniversitaire \u00ab Formes du savoir de 1400 \u00e0 1750 \u00bb (Maison des Sciences de l\u2019Homme Aquitaine).<\/div><div><meta itemprop=\"startDate\" content=\"2014-02-27\">Debut: 02\/27\/2014<\/div><div><meta itemprop=\"endDate\" content=\"2014-02-28:00.000\">Fin: 02\/28\/2014<\/div><\/div><div itemprop=\"address\" itemscope itemtype=\"http:\/\/schema.org\/PostalAddress\"><div class=\"street\" itemprop=\"streetAddress\">4, rue de la Croix Faron Plaine Saint-Denis <\/div><div class=\"city_state\"><span class=\"locale\" itemprop=\"addressLocality\">Saint-Denis<\/span>,<span class=\"region\" itemprop=\"addressRegion\"> \u00cele-de-France<\/span><\/div><div class=\"postalcode\" itemprop=\"postalCode\">93210 <\/div><div class=\"country\" itemprop=\"addressCountry\">FR<\/div><\/div><\/div>\n<p>&nbsp;<\/p>\n","protected":false},"excerpt":{"rendered":"<p>Nous vous en parlions sur ce blog en avril 2013 : la journ\u00e9e d&rsquo;\u00e9tude internationale Naissance et petite enfance \u00e0 la cour de France aura lieu cette semaine, les 27 et 28 f\u00e9vrier. Elle est organis\u00e9e par Cour de France.fr en collaboration avec la Maison des Sciences de l\u2019Homme Paris Nord ; avec le soutien &hellip; <a href=\"https:\/\/numerabilis.u-paris.fr\/medica\/blog\/index.php\/naissance-petite-enfance-cour-france\/\" class=\"more-link\">Continuer la lecture<span class=\"screen-reader-text\"> de &laquo;&nbsp;Naissance et petite enfance \u00e0 la cour de France&nbsp;&raquo;<\/span><\/a><\/p>\n","protected":false},"author":1,"featured_media":4110,"comment_status":"open","ping_status":"open","sticky":false,"template":"","format":"standard","meta":{"_monsterinsights_skip_tracking":false,"_monsterinsights_sitenote_active":false,"_monsterinsights_sitenote_note":"","_monsterinsights_sitenote_category":0,"footnotes":""},"categories":[7],"tags":[28,121,123,122],"class_list":["post-4103","post","type-post","status-publish","format-standard","has-post-thumbnail","hentry","category-histoiresante","tag-histoire-de-la-medecine","tag-pediatrie","tag-xviie-s","tag-xviiie-s"],"_links":{"self":[{"href":"https:\/\/numerabilis.u-paris.fr\/medica\/blog\/index.php\/wp-json\/wp\/v2\/posts\/4103"}],"collection":[{"href":"https:\/\/numerabilis.u-paris.fr\/medica\/blog\/index.php\/wp-json\/wp\/v2\/posts"}],"about":[{"href":"https:\/\/numerabilis.u-paris.fr\/medica\/blog\/index.php\/wp-json\/wp\/v2\/types\/post"}],"author":[{"embeddable":true,"href":"https:\/\/numerabilis.u-paris.fr\/medica\/blog\/index.php\/wp-json\/wp\/v2\/users\/1"}],"replies":[{"embeddable":true,"href":"https:\/\/numerabilis.u-paris.fr\/medica\/blog\/index.php\/wp-json\/wp\/v2\/comments?post=4103"}],"version-history":[{"count":13,"href":"https:\/\/numerabilis.u-paris.fr\/medica\/blog\/index.php\/wp-json\/wp\/v2\/posts\/4103\/revisions"}],"predecessor-version":[{"id":4128,"href":"https:\/\/numerabilis.u-paris.fr\/medica\/blog\/index.php\/wp-json\/wp\/v2\/posts\/4103\/revisions\/4128"}],"wp:featuredmedia":[{"embeddable":true,"href":"https:\/\/numerabilis.u-paris.fr\/medica\/blog\/index.php\/wp-json\/wp\/v2\/media\/4110"}],"wp:attachment":[{"href":"https:\/\/numerabilis.u-paris.fr\/medica\/blog\/index.php\/wp-json\/wp\/v2\/media?parent=4103"}],"wp:term":[{"taxonomy":"category","embeddable":true,"href":"https:\/\/numerabilis.u-paris.fr\/medica\/blog\/index.php\/wp-json\/wp\/v2\/categories?post=4103"},{"taxonomy":"post_tag","embeddable":true,"href":"https:\/\/numerabilis.u-paris.fr\/medica\/blog\/index.php\/wp-json\/wp\/v2\/tags?post=4103"}],"curies":[{"name":"wp","href":"https:\/\/api.w.org\/{rel}","templated":true}]}}