{"id":4159,"date":"2014-03-06T14:53:28","date_gmt":"2014-03-06T13:53:28","guid":{"rendered":"https:\/\/numerabilis.u-paris.fr\/medica\/blog\/?p=4159"},"modified":"2014-04-17T17:53:19","modified_gmt":"2014-04-17T15:53:19","slug":"medicaments-generiques","status":"publish","type":"post","link":"https:\/\/numerabilis.u-paris.fr\/medica\/blog\/index.php\/medicaments-generiques\/","title":{"rendered":"M\u00e9dicaments g\u00e9n\u00e9riques : une passion fran\u00e7aise"},"content":{"rendered":"<p style=\"text-align: left;\">La proc\u00e9dure d&rsquo;inscription du <strong>parac\u00e9tamol<\/strong> sur la <a href=\"http:\/\/ansm.sante.fr\/Mediatheque\/Publications\/Listes-et-repertoires-Repertoire-des-medicaments-generiques\/%28language%29\/fre-FR\" target=\"_blank\">liste des g\u00e9n\u00e9riques<\/a> a \u00e9t\u00e9 lanc\u00e9e en d\u00e9cembre 2013 par l&rsquo;<a href=\"http:\/\/ansm.sante.fr\/\" target=\"_blank\">Agence nationale de s\u00e9curit\u00e9 du m\u00e9dicament et des produits de sant\u00e9<\/a> (ANSM). Objet de controverses, la d\u00e9cision est attendue dans les semaines qui viennent. L&rsquo;<strong>enjeu \u00e9conomique<\/strong> est important pour la S\u00e9curit\u00e9 sociale, mais aussi pour les laboratoires et les usines de fabrication fran\u00e7aises : Sanofi-Aventis pour le Doliprane\u00ae (usine de Lisieux) et l&rsquo;am\u00e9ricain Bristol-Myers Squibb (BMS) pour l&rsquo;Efferalgan\u00ae et le Daffalgan\u00ae (usine UPSA \u00e0 Agen). Marina Torre, journaliste \u00e0 <em>La Tribune<\/em>, rappelait ces enjeux dans son <a href=\"http:\/\/www.latribune.fr\/entreprises-finance\/industrie\/chimie-pharmacie\/20140217trib000815808\/le-futur-paracetamol-en-generique-donne-mal-a-la-tete-aux-laboratoires-et-aux-elus.html\" target=\"_blank\">article du 17 f\u00e9vrier 2014<\/a>.<\/p>\n<p>De mani\u00e8re plus g\u00e9n\u00e9rale, les <a href=\"http:\/\/fr.wikipedia.org\/wiki\/M%C3%A9dicament_g%C3%A9n%C3%A9rique\" target=\"_blank\">m\u00e9dicaments g\u00e9n\u00e9riques<\/a> suscitent depuis leur introduction des <strong>interrogations dans l&rsquo;opinion publique fran\u00e7aise<\/strong>, relay\u00e9es par des d\u00e9bats au sein m\u00eame des professions de sant\u00e9 et de leurs acad\u00e9mies.<\/p>\n<p>Dans ce contexte l&rsquo;\u00e9mission \u00ab\u00a0<a href=\"http:\/\/www.allodocteurs.fr\/enquete-de-sante.asp\" target=\"_blank\">Enqu\u00eate de sant\u00e9<\/a>\u00a0\u00bb (France 5) du mardi 4 mars sur les m\u00e9dicaments g\u00e9n\u00e9riques apportait des \u00e9l\u00e9ments de r\u00e9flexion utiles. Vous pouvez la revoir jusqu&rsquo;au lundi 10 mars sur <a href=\"http:\/\/pluzz.francetv.fr\/videos\/enquete_de_sante.html\" target=\"_blank\">Pluzz<\/a>.<\/p>\n<p>Pour aller plus loin, vous pouvez retrouver les documents \u00e9voqu\u00e9s au cours de cette \u00e9mission au p\u00f4le Pharmacie en <strong>libre acc\u00e8s regroup\u00e9s sous la cote 615.1 GEN<\/strong> :<\/p>\n<ul>\n<li><a href=\"http:\/\/www.sudoc.fr\/176712143\" target=\"_blank\">Rapport de l&rsquo;Acad\u00e9mie nationale de m\u00e9decine (f\u00e9vrier 2012)<\/a> : <em>Place des g\u00e9n\u00e9riques dans la prescription.\u00a0<\/em>Ce rapport fut adopt\u00e9 par 50 voix pour, 10 contre, et 10 abstentions.<\/li>\n<\/ul>\n<ul>\n<li><a href=\"http:\/\/www.sudoc.fr\/17666534X\" target=\"_blank\">Rapport de l&rsquo;Inspection g\u00e9n\u00e9rale des affaires sociales (septembre 2012)<\/a> : <em>\u00c9valuation de la politique fran\u00e7aise des m\u00e9dicaments g\u00e9n\u00e9riques.<\/em><\/li>\n<\/ul>\n<ul>\n<li><a href=\"http:\/\/www.sudoc.fr\/176667849\" target=\"_blank\">Rapport de l&rsquo;Acad\u00e9mie nationale de pharmacie (octobre 2012)<\/a> : <em>M\u00e9dicaments<\/em> <em>g\u00e9n\u00e9riques<\/em>. Chaque chapitre de ce rapport est accompagn\u00e9 d&rsquo;une riche bibliographie.<em> <\/em><\/li>\n<\/ul>\n<ul>\n<li><a href=\"https:\/\/www.biusante.parisdescartes.fr\/ppn?168878216\" target=\"_blank\"> <em>M\u00e9dicaments g\u00e9n\u00e9riques : la grande arnaque<\/em><\/a> \/ Dr Sauveur Boukris, 2013.<\/li>\n<\/ul>\n<p><a href=\"http:\/\/www.sudoc.fr\/176667849\" rel=\"attachment wp-att-4172\" target=\"_blank\"><img loading=\"lazy\" decoding=\"async\" class=\"wp-image-4172 aligncenter\" style=\"border: 1px solid black;\" title=\"Rapport de l'Acad\u00e9mie nationale de pharmacie\" src=\"https:\/\/numerabilis.u-paris.fr\/medica\/blog\/wp-content\/uploads\/medgene.jpg\" alt=\"\" width=\"280\" height=\"489\" \/><\/a>Les m\u00e9dicaments g\u00e9n\u00e9riques font r\u00e9guli\u00e8rement l&rsquo;objet de <strong>travaux universitaires<\/strong>, par exemple :<br \/>\n<em>\u00c9volution des strat\u00e9gies marketing des laboratoires pharmaceutiques face \u00e0 l&rsquo;\u00e9mergence des g\u00e9n\u00e9riques sur la march\u00e9 de ville en France<\/em> \/ Laureline Pouteau ; sous la direction de Patrick Fallet ; <a href=\"http:\/\/www.sudoc.fr\/147732077\" target=\"_blank\">th\u00e8se d&rsquo;exercice soutenue \u00e0 la Facult\u00e9 de pharmacie de Ch\u00e2tenay-Malabry (Universit\u00e9 Paris-sud) en 2010<\/a> [cote BIU Sant\u00e9 Pharmacie TPHA 12714].<\/p>\n<p style=\"text-align: right;\"><a href=\"&#109;&#x61;&#105;&#x6c;&#116;&#x6f;:&#x61;l&#97;&#x69;&#110;&#x2e;&#100;&#x65;l&#x61;f&#111;&#x72;&#103;&#x65;&#64;&#x62;&#105;&#x75;s&#x61;n&#116;&#x65;&#46;&#x70;&#97;&#x72;i&#x73;d&#101;&#x73;&#99;&#x61;&#114;&#x74;&#101;&#x73;&#46;&#x66;r\" target=\"_blank\">Alain Delaforge<\/a>, <a href=\"mail&#116;&#111;&#58;&#106;&#101;&#114;&#101;&#x6d;&#x79;&#x2e;&#x73;&#x63;&#x68;&#x72;&#x65;&#x69;ber&#64;&#98;&#105;&#117;&#115;&#97;&#110;&#116;&#x65;&#x2e;&#x70;&#x61;&#x72;&#x69;&#x73;&#x64;&#x65;scar&#116;&#101;&#115;&#46;&#102;&#114;\" target=\"_blank\">Jeremy Schreiber<\/a>,\u00a0<a href=\"&#x6d;&#x61;&#x69;&#x6c;&#x74;&#111;&#58;&#115;&#121;lvi&#x65;&#x2e;&#x63;&#x61;&#x76;&#x61;&#114;&#100;&#64;biu&#x73;&#x61;&#x6e;&#x74;&#x65;&#x2e;&#112;&#97;&#114;&#105;sde&#x73;&#x63;&#x61;&#x72;&#x74;&#x65;&#115;&#46;&#102;r\" target=\"_blank\">Sylvie Cavard<\/a>, <a href=\"&#109;&#x61;&#x69;&#108;&#x74;&#x6f;&#58;&#x64;&#x61;&#118;&#x69;&#x64;&#46;&#x62;&#x65;&#110;&#x6f;&#x69;&#115;&#x74;&#x40;&#98;&#x69;&#x75;&#115;&#x61;&#x6e;t&#x65;&#x2e;p&#x61;&#x72;i&#115;&#x64;e&#115;&#x63;a&#114;&#x74;e&#115;&#x2e;f&#114;\" target=\"_blank\">David Benoist<\/a><\/p>\n<p style=\"text-align: left;\"><div id=\"schema_block\" class=\"schema_book\"><div itemscope itemtype=\"http:\/\/schema.org\/Book\"><a class=\"schema_url\" target=\"_blank\" itemprop=\"url\" href=\"http:\/\/www.sudoc.fr\/176712143\"><div class=\"schema_name\" itemprop=\"name\">Place des g\u00e9n\u00e9riques dans la prescription<\/div><\/a><div class=\"schema_description\" itemprop=\"description\">Rapport de l\u2019Acad\u00e9mie nationale de m\u00e9decine (f\u00e9vrier 2012)<\/div><div itemprop=\"author\" itemscope itemtype=\"http:\/\/schema.org\/Person\">Auteur: <span itemprop=\"name\">Acad\u00e9mie nationale de m\u00e9decine<\/span><\/div><div>Disponible en: <link itemprop=\"bookFormat\" href=\"http:\/\/schema.org\/Paperback\">Paperback <\/div><\/div><\/div><\/p>\n<p style=\"text-align: left;\"><div id=\"schema_block\" class=\"schema_book\"><div itemscope itemtype=\"http:\/\/schema.org\/Book\"><a class=\"schema_url\" target=\"_blank\" itemprop=\"url\" href=\"http:\/\/www.sudoc.fr\/17666534X\"><div class=\"schema_name\" itemprop=\"name\">\u00c9valuation de la politique fran\u00e7aise des m\u00e9dicaments g\u00e9n\u00e9riques<\/div><\/a><div class=\"schema_description\" itemprop=\"description\">Rapport de l\u2019Inspection g\u00e9n\u00e9rale des affaires sociales (septembre 2012)<\/div><div itemprop=\"author\" itemscope itemtype=\"http:\/\/schema.org\/Person\">Auteur: <span itemprop=\"name\">Inspection g\u00e9n\u00e9rale des affaires sociales<\/span><\/div><div>Disponible en: <link itemprop=\"bookFormat\" href=\"http:\/\/schema.org\/Paperback\">Paperback <\/div><\/div><\/div><\/p>\n<p style=\"text-align: left;\"><div id=\"schema_block\" class=\"schema_book\"><div itemscope itemtype=\"http:\/\/schema.org\/Book\"><a class=\"schema_url\" target=\"_blank\" itemprop=\"url\" href=\"http:\/\/www.sudoc.fr\/176667849\"><div class=\"schema_name\" itemprop=\"name\">M\u00e9dicaments g\u00e9n\u00e9riques<\/div><\/a><div class=\"schema_description\" itemprop=\"description\">Rapport de l\u2019Acad\u00e9mie nationale de pharmacie (octobre 2012)<\/div><div itemprop=\"author\" itemscope itemtype=\"http:\/\/schema.org\/Person\">Auteur: <span itemprop=\"name\">Acad\u00e9mie nationale de pharmacie<\/span><\/div><div>Disponible en: <link itemprop=\"bookFormat\" href=\"http:\/\/schema.org\/Paperback\">Paperback <\/div><\/div><\/div><\/p>\n<p style=\"text-align: left;\"><div id=\"schema_block\" class=\"schema_book\"><div itemscope itemtype=\"http:\/\/schema.org\/Book\"><a class=\"schema_url\" target=\"_blank\" itemprop=\"url\" href=\"https:\/\/www.biusante.parisdescartes.fr\/ppn?168878216\"><div class=\"schema_name\" itemprop=\"name\">M\u00e9dicaments g\u00e9n\u00e9riques : la grande arnaque<\/div><\/a><div itemprop=\"author\" itemscope itemtype=\"http:\/\/schema.org\/Person\">Auteur: <span itemprop=\"name\">Sauveur Boukris<\/span><\/div><div itemprop=\"publisher\" itemscope itemtype=\"http:\/\/schema.org\/Organization\">Editeur: <span itemprop=\"name\">\u00c9ditions du moment<\/span><\/div><div>ISBN: <span itemprop=\"isbn\">978-2-35417-202-2<\/span><\/div><div>Disponible en: <link itemprop=\"bookFormat\" href=\"http:\/\/schema.org\/Paperback\">Paperback <\/div><\/div><\/div><\/p>\n<p style=\"text-align: left;\"><div id=\"schema_block\" class=\"schema_book\"><div itemscope itemtype=\"http:\/\/schema.org\/Book\"><a class=\"schema_url\" target=\"_blank\" itemprop=\"url\" href=\"http:\/\/www.sudoc.fr\/147732077\"><div class=\"schema_name\" itemprop=\"name\">\u00c9volution des strat\u00e9gies marketing des laboratoires pharmaceutiques face \u00e0 l\u2019\u00e9mergence des g\u00e9n\u00e9riques sur la march\u00e9 de ville en France<\/div><\/a><div itemprop=\"author\" itemscope itemtype=\"http:\/\/schema.org\/Person\">Auteur: <span itemprop=\"name\">Laureline Pouteau<\/span><\/div><div>Disponible en: <link itemprop=\"bookFormat\" href=\"http:\/\/schema.org\/Paperback\">Paperback <\/div><\/div><\/div><\/p>\n","protected":false},"excerpt":{"rendered":"<p>La proc\u00e9dure d&rsquo;inscription du parac\u00e9tamol sur la liste des g\u00e9n\u00e9riques a \u00e9t\u00e9 lanc\u00e9e en d\u00e9cembre 2013 par l&rsquo;Agence nationale de s\u00e9curit\u00e9 du m\u00e9dicament et des produits de sant\u00e9 (ANSM). Objet de controverses, la d\u00e9cision est attendue dans les semaines qui viennent. L&rsquo;enjeu \u00e9conomique est important pour la S\u00e9curit\u00e9 sociale, mais aussi pour les laboratoires et &hellip; <a href=\"https:\/\/numerabilis.u-paris.fr\/medica\/blog\/index.php\/medicaments-generiques\/\" class=\"more-link\">Continuer la lecture<span class=\"screen-reader-text\"> de &laquo;&nbsp;M\u00e9dicaments g\u00e9n\u00e9riques : une passion fran\u00e7aise&nbsp;&raquo;<\/span><\/a><\/p>\n","protected":false},"author":1,"featured_media":4172,"comment_status":"open","ping_status":"open","sticky":false,"template":"","format":"standard","meta":{"_monsterinsights_skip_tracking":false,"_monsterinsights_sitenote_active":false,"_monsterinsights_sitenote_note":"","_monsterinsights_sitenote_category":0,"footnotes":""},"categories":[14,15],"tags":[129,130,127,126,128,131],"class_list":["post-4159","post","type-post","status-publish","format-standard","has-post-thumbnail","hentry","category-medecine-odontologie","category-pharmacie-biologie-cosmetologie","tag-bioequivalence","tag-droit-de-substitution","tag-equivalence-therapeutique","tag-medicaments-generiques","tag-medicaments-sur-ordonnance","tag-politique-pharmaceutique-france"],"_links":{"self":[{"href":"https:\/\/numerabilis.u-paris.fr\/medica\/blog\/index.php\/wp-json\/wp\/v2\/posts\/4159"}],"collection":[{"href":"https:\/\/numerabilis.u-paris.fr\/medica\/blog\/index.php\/wp-json\/wp\/v2\/posts"}],"about":[{"href":"https:\/\/numerabilis.u-paris.fr\/medica\/blog\/index.php\/wp-json\/wp\/v2\/types\/post"}],"author":[{"embeddable":true,"href":"https:\/\/numerabilis.u-paris.fr\/medica\/blog\/index.php\/wp-json\/wp\/v2\/users\/1"}],"replies":[{"embeddable":true,"href":"https:\/\/numerabilis.u-paris.fr\/medica\/blog\/index.php\/wp-json\/wp\/v2\/comments?post=4159"}],"version-history":[{"count":23,"href":"https:\/\/numerabilis.u-paris.fr\/medica\/blog\/index.php\/wp-json\/wp\/v2\/posts\/4159\/revisions"}],"predecessor-version":[{"id":4566,"href":"https:\/\/numerabilis.u-paris.fr\/medica\/blog\/index.php\/wp-json\/wp\/v2\/posts\/4159\/revisions\/4566"}],"wp:featuredmedia":[{"embeddable":true,"href":"https:\/\/numerabilis.u-paris.fr\/medica\/blog\/index.php\/wp-json\/wp\/v2\/media\/4172"}],"wp:attachment":[{"href":"https:\/\/numerabilis.u-paris.fr\/medica\/blog\/index.php\/wp-json\/wp\/v2\/media?parent=4159"}],"wp:term":[{"taxonomy":"category","embeddable":true,"href":"https:\/\/numerabilis.u-paris.fr\/medica\/blog\/index.php\/wp-json\/wp\/v2\/categories?post=4159"},{"taxonomy":"post_tag","embeddable":true,"href":"https:\/\/numerabilis.u-paris.fr\/medica\/blog\/index.php\/wp-json\/wp\/v2\/tags?post=4159"}],"curies":[{"name":"wp","href":"https:\/\/api.w.org\/{rel}","templated":true}]}}