{"id":4534,"date":"2014-04-16T14:00:58","date_gmt":"2014-04-16T12:00:58","guid":{"rendered":"https:\/\/numerabilis.u-paris.fr\/medica\/blog\/?p=4534"},"modified":"2015-03-30T13:10:43","modified_gmt":"2015-03-30T11:10:43","slug":"lundi-paques-ferie-2014","status":"publish","type":"post","link":"https:\/\/numerabilis.u-paris.fr\/medica\/blog\/index.php\/lundi-paques-ferie-2014\/","title":{"rendered":"Lundi de P\u00e2ques f\u00e9ri\u00e9"},"content":{"rendered":"<p>Attention, <strong>la biblioth\u00e8que sera ferm\u00e9e le lundi 21 avril 2014<\/strong> (<em>lundi de P\u00e2ques, jour f\u00e9ri\u00e9<\/em>).<\/p>\n<p>Elle sera ouverte normalement le <strong>samedi 19 avril<\/strong>, de 9h \u00e0 20h.<\/p>\n<p>Une petite pause pour vous adonner aux saines joies de la <em>chasse aux \u0153ufs<\/em>, avant de vous replonger d\u00e8s mardi dans vos \u00e9tudes.<\/p>\n<figure id=\"attachment_4536\" aria-describedby=\"caption-attachment-4536\" style=\"width: 500px\" class=\"wp-caption aligncenter\"><a title=\" Le proprietaire des choses tresutille et proffitable aux corps humains\" href=\"https:\/\/www.biusante.parisdescartes.fr\/histmed\/image?00744\" target=\"_blank\"><img loading=\"lazy\" decoding=\"async\" class=\"size-full wp-image-4536\" title=\"chasse-oeufs\" src=\"https:\/\/numerabilis.u-paris.fr\/medica\/blog\/wp-content\/uploads\/chasse-oeufs.jpg\" alt=\"\" width=\"500\" height=\"390\" srcset=\"https:\/\/numerabilis.u-paris.fr\/medica\/blog\/wp-content\/uploads\/chasse-oeufs.jpg 500w, https:\/\/numerabilis.u-paris.fr\/medica\/blog\/wp-content\/uploads\/chasse-oeufs-300x234.jpg 300w\" sizes=\"(max-width: 500px) 85vw, 500px\" \/><\/a><figcaption id=\"caption-attachment-4536\" class=\"wp-caption-text\">1528. Tr\u00e9pidante chasse aux \u0153ufs devant la facult\u00e9.<\/figcaption><\/figure>\n<p>L&rsquo;occasion de (re)d\u00e9couvrir nos services en ligne, disponibles 7 jours sur 7 et 24h\/24 :<\/p>\n<p>Pour les <em>historiens<\/em>, en <strong>acc\u00e8s libre<\/strong> : la biblioth\u00e8que num\u00e9rique <em><a href=\"https:\/\/www.biusante.parisdescartes.fr\/\/histmed\/medica.htm\" target=\"_blank\">Medic@<\/a><\/em>, la <a title=\"Banque d'images BIU Sant\u00e9\" href=\"http:\/\/www2.biusante.parisdescartes.fr\/img\/\" target=\"_blank\">Banque d&rsquo;images et de portraits<\/a>, et pourquoi pas une petite visite du c\u00f4t\u00e9 des <a href=\"https:\/\/www.biusante.parisdescartes.fr\/histmed\/expos.htm\" target=\"_blank\">expositions virtuelles<\/a>.<\/p>\n<p>Pour les <em>lecteurs de Paris Descartes<\/em>, les <strong>bases de donn\u00e9es<\/strong> en <a href=\"http:\/\/www2.biusante.parisdescartes.fr\/signets\/index.las?specif=bdd&amp;acces=payant&amp;med=oui&amp;tri=alp\" target=\"_blank\">m\u00e9decine<\/a> ou en <a href=\"http:\/\/www2.biusante.parisdescartes.fr\/signets_pha\/index.las?specif=bdd&amp;acces=payant&amp;pha=oui&amp;tri=alp\" target=\"_blank\">pharmacie<\/a>, les <a href=\"http:\/\/www2.biusante.parisdescartes.fr\/perio\/perio_pay.htm\" target=\"_blank\">revues \u00e9lectroniques<\/a> et les <strong>livres \u00e9lectroniques<\/strong> en <a href=\"http:\/\/www2.biusante.parisdescartes.fr\/signets\/index.las?specif=livelec&amp;acces=payant&amp;med=oui&amp;tri=alp&amp;form=o\" target=\"_blank\">m\u00e9decine<\/a> ou en <a href=\"http:\/\/www2.biusante.parisdescartes.fr\/signets_pha\/index.las?specif=livelec&amp;acces=payant&amp;pha=oui&amp;tri=alp&amp;form=o\" target=\"_blank\">pharmacie<\/a>.<\/p>\n","protected":false},"excerpt":{"rendered":"<p>Attention, la biblioth\u00e8que sera ferm\u00e9e le lundi 21 avril 2014 (lundi de P\u00e2ques, jour f\u00e9ri\u00e9). Elle sera ouverte normalement le samedi 19 avril, de 9h \u00e0 20h. Une petite pause pour vous adonner aux saines joies de la chasse aux \u0153ufs, avant de vous replonger d\u00e8s mardi dans vos \u00e9tudes. L&rsquo;occasion de (re)d\u00e9couvrir nos services &hellip; <a href=\"https:\/\/numerabilis.u-paris.fr\/medica\/blog\/index.php\/lundi-paques-ferie-2014\/\" class=\"more-link\">Continuer la lecture<span class=\"screen-reader-text\"> de &laquo;&nbsp;Lundi de P\u00e2ques f\u00e9ri\u00e9&nbsp;&raquo;<\/span><\/a><\/p>\n","protected":false},"author":1,"featured_media":4536,"comment_status":"open","ping_status":"open","sticky":false,"template":"","format":"standard","meta":{"_monsterinsights_skip_tracking":false,"_monsterinsights_sitenote_active":false,"_monsterinsights_sitenote_note":"","_monsterinsights_sitenote_category":0,"footnotes":""},"categories":[7,14,15],"tags":[43],"class_list":["post-4534","post","type-post","status-publish","format-standard","has-post-thumbnail","hentry","category-histoiresante","category-medecine-odontologie","category-pharmacie-biologie-cosmetologie","tag-acces"],"_links":{"self":[{"href":"https:\/\/numerabilis.u-paris.fr\/medica\/blog\/index.php\/wp-json\/wp\/v2\/posts\/4534"}],"collection":[{"href":"https:\/\/numerabilis.u-paris.fr\/medica\/blog\/index.php\/wp-json\/wp\/v2\/posts"}],"about":[{"href":"https:\/\/numerabilis.u-paris.fr\/medica\/blog\/index.php\/wp-json\/wp\/v2\/types\/post"}],"author":[{"embeddable":true,"href":"https:\/\/numerabilis.u-paris.fr\/medica\/blog\/index.php\/wp-json\/wp\/v2\/users\/1"}],"replies":[{"embeddable":true,"href":"https:\/\/numerabilis.u-paris.fr\/medica\/blog\/index.php\/wp-json\/wp\/v2\/comments?post=4534"}],"version-history":[{"count":10,"href":"https:\/\/numerabilis.u-paris.fr\/medica\/blog\/index.php\/wp-json\/wp\/v2\/posts\/4534\/revisions"}],"predecessor-version":[{"id":7580,"href":"https:\/\/numerabilis.u-paris.fr\/medica\/blog\/index.php\/wp-json\/wp\/v2\/posts\/4534\/revisions\/7580"}],"wp:featuredmedia":[{"embeddable":true,"href":"https:\/\/numerabilis.u-paris.fr\/medica\/blog\/index.php\/wp-json\/wp\/v2\/media\/4536"}],"wp:attachment":[{"href":"https:\/\/numerabilis.u-paris.fr\/medica\/blog\/index.php\/wp-json\/wp\/v2\/media?parent=4534"}],"wp:term":[{"taxonomy":"category","embeddable":true,"href":"https:\/\/numerabilis.u-paris.fr\/medica\/blog\/index.php\/wp-json\/wp\/v2\/categories?post=4534"},{"taxonomy":"post_tag","embeddable":true,"href":"https:\/\/numerabilis.u-paris.fr\/medica\/blog\/index.php\/wp-json\/wp\/v2\/tags?post=4534"}],"curies":[{"name":"wp","href":"https:\/\/api.w.org\/{rel}","templated":true}]}}