{"id":4598,"date":"2014-04-28T13:25:57","date_gmt":"2014-04-28T11:25:57","guid":{"rendered":"https:\/\/numerabilis.u-paris.fr\/medica\/blog\/?p=4598"},"modified":"2014-12-17T09:24:19","modified_gmt":"2014-12-17T08:24:19","slug":"fermeture-1er-mai-2014","status":"publish","type":"post","link":"https:\/\/numerabilis.u-paris.fr\/medica\/blog\/index.php\/fermeture-1er-mai-2014\/","title":{"rendered":"Fermeture du 1er mai"},"content":{"rendered":"<p>La BIU Sant\u00e9 sera ferm\u00e9e le <strong>jeudi 1er mai<\/strong>, jour f\u00e9ri\u00e9.<\/p>\n<p>Mais elle sera ouverte normalement le vendredi 2 et le samedi 3 mai (pas de pont pour nous).<\/p>\n<p>L&rsquo;occasion de d\u00e9laisser l&rsquo;atmosph\u00e8re studieuse de nos salles pour aller en for\u00eat compl\u00e9ter vos herbiers (si le temps est cl\u00e9ment).<\/p>\n<p>Vous aurez peut-\u00eatre la chance de ramasser quelques brins du fameux <strong>muguet<\/strong> &#8211; dans le cas contraire, vous pourrez toujours en trouver des sp\u00e9cimens dans notre <a title=\"Banque d'images BIU Sant\u00e9\" href=\"http:\/\/www2.biusante.parisdescartes.fr\/img\/\" target=\"_blank\">banque d&rsquo;images et portraits<\/a>, accessible de partout, m\u00eame par mauvais temps :<\/p>\n<figure id=\"attachment_4602\" aria-describedby=\"caption-attachment-4602\" style=\"width: 285px\" class=\"wp-caption aligncenter\"><a title=\"Muguet dans banque d'images\" href=\"https:\/\/www.biusante.parisdescartes.fr\/histmed\/medica\/page?07764&amp;p=395\" target=\"_blank\"><img loading=\"lazy\" decoding=\"async\" class=\"size-full wp-image-4602\" title=\"muguet2014\" src=\"https:\/\/numerabilis.u-paris.fr\/medica\/blog\/wp-content\/uploads\/muguet2014.jpg\" alt=\"\" width=\"285\" height=\"459\" srcset=\"https:\/\/numerabilis.u-paris.fr\/medica\/blog\/wp-content\/uploads\/muguet2014.jpg 285w, https:\/\/numerabilis.u-paris.fr\/medica\/blog\/wp-content\/uploads\/muguet2014-186x300.jpg 186w\" sizes=\"(max-width: 285px) 85vw, 285px\" \/><\/a><figcaption id=\"caption-attachment-4602\" class=\"wp-caption-text\">Extrait de Dodoens, Histoire des plantes, 1557. Cote 7764.<\/figcaption><\/figure>\n<p>L&rsquo;occasion de (re)d\u00e9couvrir nos services en ligne, disponibles 7 jours sur 7 et 24h\/24 :<\/p>\n<p>Pour les <em>historiens<\/em>, en <strong>acc\u00e8s libre<\/strong> : la biblioth\u00e8que num\u00e9rique <em><a href=\"https:\/\/www.biusante.parisdescartes.fr\/\/histmed\/medica.htm\" target=\"_blank\">Medic@<\/a><\/em>, la <a title=\"Banque d'images BIU Sant\u00e9\" href=\"http:\/\/www2.biusante.parisdescartes.fr\/img\/\" target=\"_blank\">Banque d&rsquo;images et de portraits<\/a>, et pourquoi pas une petite visite du c\u00f4t\u00e9 des <a href=\"https:\/\/www.biusante.parisdescartes.fr\/histmed\/expos.htm\" target=\"_blank\">expositions virtuelles<\/a>.<\/p>\n<p>Pour les <em>lecteurs de Paris Descartes<\/em>, les <strong>bases de donn\u00e9es<\/strong> en <a href=\"http:\/\/www2.biusante.parisdescartes.fr\/signets\/index.las?specif=bdd&amp;acces=payant&amp;med=oui&amp;tri=alp\" target=\"_blank\">m\u00e9decine<\/a> ou en <a href=\"http:\/\/www2.biusante.parisdescartes.fr\/signets_pha\/index.las?specif=bdd&amp;acces=payant&amp;pha=oui&amp;tri=alp\" target=\"_blank\">pharmacie<\/a>, les <a href=\"http:\/\/www2.biusante.parisdescartes.fr\/perio\/perio_pay.htm\" target=\"_blank\">revues \u00e9lectroniques<\/a> et les <strong>livres \u00e9lectroniques<\/strong> en <a href=\"http:\/\/www2.biusante.parisdescartes.fr\/signets\/index.las?specif=livelec&amp;acces=payant&amp;med=oui&amp;tri=alp&amp;form=o\" target=\"_blank\">m\u00e9decine<\/a> ou en <a href=\"http:\/\/www2.biusante.parisdescartes.fr\/signets_pha\/index.las?specif=livelec&amp;acces=payant&amp;pha=oui&amp;tri=alp&amp;form=o\" target=\"_blank\">pharmacie<\/a>.<\/p>\n","protected":false},"excerpt":{"rendered":"<p>La BIU Sant\u00e9 sera ferm\u00e9e le jeudi 1er mai, jour f\u00e9ri\u00e9. Mais elle sera ouverte normalement le vendredi 2 et le samedi 3 mai (pas de pont pour nous). L&rsquo;occasion de d\u00e9laisser l&rsquo;atmosph\u00e8re studieuse de nos salles pour aller en for\u00eat compl\u00e9ter vos herbiers (si le temps est cl\u00e9ment). Vous aurez peut-\u00eatre la chance de &hellip; <a href=\"https:\/\/numerabilis.u-paris.fr\/medica\/blog\/index.php\/fermeture-1er-mai-2014\/\" class=\"more-link\">Continuer la lecture<span class=\"screen-reader-text\"> de &laquo;&nbsp;Fermeture du 1er mai&nbsp;&raquo;<\/span><\/a><\/p>\n","protected":false},"author":1,"featured_media":4602,"comment_status":"open","ping_status":"open","sticky":false,"template":"","format":"standard","meta":{"_monsterinsights_skip_tracking":false,"_monsterinsights_sitenote_active":false,"_monsterinsights_sitenote_note":"","_monsterinsights_sitenote_category":0,"footnotes":""},"categories":[7,14,15],"tags":[43],"class_list":["post-4598","post","type-post","status-publish","format-standard","has-post-thumbnail","hentry","category-histoiresante","category-medecine-odontologie","category-pharmacie-biologie-cosmetologie","tag-acces"],"_links":{"self":[{"href":"https:\/\/numerabilis.u-paris.fr\/medica\/blog\/index.php\/wp-json\/wp\/v2\/posts\/4598"}],"collection":[{"href":"https:\/\/numerabilis.u-paris.fr\/medica\/blog\/index.php\/wp-json\/wp\/v2\/posts"}],"about":[{"href":"https:\/\/numerabilis.u-paris.fr\/medica\/blog\/index.php\/wp-json\/wp\/v2\/types\/post"}],"author":[{"embeddable":true,"href":"https:\/\/numerabilis.u-paris.fr\/medica\/blog\/index.php\/wp-json\/wp\/v2\/users\/1"}],"replies":[{"embeddable":true,"href":"https:\/\/numerabilis.u-paris.fr\/medica\/blog\/index.php\/wp-json\/wp\/v2\/comments?post=4598"}],"version-history":[{"count":11,"href":"https:\/\/numerabilis.u-paris.fr\/medica\/blog\/index.php\/wp-json\/wp\/v2\/posts\/4598\/revisions"}],"predecessor-version":[{"id":4624,"href":"https:\/\/numerabilis.u-paris.fr\/medica\/blog\/index.php\/wp-json\/wp\/v2\/posts\/4598\/revisions\/4624"}],"wp:featuredmedia":[{"embeddable":true,"href":"https:\/\/numerabilis.u-paris.fr\/medica\/blog\/index.php\/wp-json\/wp\/v2\/media\/4602"}],"wp:attachment":[{"href":"https:\/\/numerabilis.u-paris.fr\/medica\/blog\/index.php\/wp-json\/wp\/v2\/media?parent=4598"}],"wp:term":[{"taxonomy":"category","embeddable":true,"href":"https:\/\/numerabilis.u-paris.fr\/medica\/blog\/index.php\/wp-json\/wp\/v2\/categories?post=4598"},{"taxonomy":"post_tag","embeddable":true,"href":"https:\/\/numerabilis.u-paris.fr\/medica\/blog\/index.php\/wp-json\/wp\/v2\/tags?post=4598"}],"curies":[{"name":"wp","href":"https:\/\/api.w.org\/{rel}","templated":true}]}}