{"id":464,"date":"2013-10-09T14:19:13","date_gmt":"2013-10-09T12:19:13","guid":{"rendered":"https:\/\/numerabilis.u-paris.fr\/medica\/blog\/?p=464"},"modified":"2013-10-09T14:20:21","modified_gmt":"2013-10-09T12:20:21","slug":"rdv-avec-un-bibliothecaire","status":"publish","type":"post","link":"https:\/\/numerabilis.u-paris.fr\/medica\/blog\/index.php\/rdv-avec-un-bibliothecaire\/","title":{"rendered":"Prenez RDV avec un(e) biblioth\u00e9caire"},"content":{"rendered":"<p>Vous pr\u00e9parez une <strong>th\u00e8se<\/strong> ou un <strong>m\u00e9moire<\/strong>, et vous avez du mal \u00e0 commencer vos recherches ? Trop (<em>ou pas assez !<\/em>) de r\u00e9sultats dans <em>PubMed<\/em> ? Votre <strong>bibliographie<\/strong> vous pose des soucis ? Questions techniques pour utiliser <em>Zotero<\/em> ou une base de donn\u00e9es particuli\u00e8re ?<\/p>\n<p><a title=\"Prendre rendez-vous avec un(e) biblioth\u00e9caire\" href=\"http:\/\/www2.biusante.parisdescartes.fr\/biuminfo\/biuminfo_sais_fra_rdv.htm\" target=\"_blank\"><img loading=\"lazy\" decoding=\"async\" class=\"size-full wp-image-2767 alignright\" title=\"rdv2\" src=\"https:\/\/numerabilis.u-paris.fr\/medica\/blog\/wp-content\/uploads\/rdv2.jpg\" alt=\"RDV avec un biblioth\u00e9caire\" width=\"354\" height=\"254\" srcset=\"https:\/\/numerabilis.u-paris.fr\/medica\/blog\/wp-content\/uploads\/rdv2.jpg 354w, https:\/\/numerabilis.u-paris.fr\/medica\/blog\/wp-content\/uploads\/rdv2-300x215.jpg 300w\" sizes=\"(max-width: 354px) 85vw, 354px\" \/><\/a>La <strong>BIU Sant\u00e9<\/strong> vous propose un <strong>nouveau service<\/strong> pour vous aider dans vos recherches bibliographiques.<\/p>\n<p style=\"text-align: left;\">En cliquant <a title=\"Prendre rendez-vous avec un(e) biblioth\u00e9caire\" href=\"http:\/\/www2.biusante.parisdescartes.fr\/biuminfo\/biuminfo_sais_fra_rdv.htm\" target=\"_blank\">sur ce lien<\/a> (ou depuis nos pages d&rsquo;accueil, voir ci-contre), il est d\u00e9sormais possible de <strong>prendre rendez-vous avec un(e) biblioth\u00e9caire<\/strong>, qui pourra vous conseiller et vous guider dans votre recherche de documentation.<\/p>\n<p><img loading=\"lazy\" decoding=\"async\" class=\"alignleft size-medium wp-image-2816\" title=\"rdv\" src=\"https:\/\/numerabilis.u-paris.fr\/medica\/blog\/wp-content\/uploads\/rdv1-300x234.jpg\" alt=\"\" width=\"300\" height=\"234\" srcset=\"https:\/\/numerabilis.u-paris.fr\/medica\/blog\/wp-content\/uploads\/rdv1-300x234.jpg 300w, https:\/\/numerabilis.u-paris.fr\/medica\/blog\/wp-content\/uploads\/rdv1.jpg 500w\" sizes=\"(max-width: 300px) 85vw, 300px\" \/><em><\/em><\/p>\n<p><em>Ces rendez-vous n&rsquo;ont pas pour objet d&rsquo;assurer une formation individuelle \u00e0 l&rsquo;usage d&rsquo;un logiciel ou d&rsquo;une banque de donn\u00e9es pour lesquelles des formations collectives sont propos\u00e9es \u00e0 la BIU Sant\u00e9<\/em>. Voyez pour cela la rubrique \u00ab\u00a0<a title=\"S'inscrire \u00e0 une formation\" href=\"http:\/\/www2.biusante.parisdescartes.fr\/formations\/?do=init\" target=\"_blank\">s&rsquo;inscrire \u00e0 une formation<\/a>\u00a0\u00bb qui vous permet de consulter la liste des ressources concern\u00e9es, les contenus des cours, le <a title=\"Calendrier formations\" href=\"http:\/\/www2.biusante.parisdescartes.fr\/formations\/?do=init#b\" target=\"_blank\"> calendrier<\/a> et de vous inscrire en ligne aux formations.<\/p>\n<p>Et si vous n&rsquo;\u00eates pas en mesure de vous d\u00e9placer, <strong>n&rsquo;h\u00e9sitez pas \u00e0 faire appel \u00e0 <a title=\"Lien vers BIUMInfo\" href=\"http:\/\/www2.biusante.parisdescartes.fr\/biuminfo\/biuminfo_sais_fra.htm\">BIUM Info, notre service de questions-r\u00e9ponses en ligne<\/a><\/strong>.<\/p>\n","protected":false},"excerpt":{"rendered":"<p>Vous pr\u00e9parez une th\u00e8se ou un m\u00e9moire, et vous avez du mal \u00e0 commencer vos recherches ? Trop (ou pas assez !) de r\u00e9sultats dans PubMed ? Votre bibliographie vous pose des soucis ? Questions techniques pour utiliser Zotero ou une base de donn\u00e9es particuli\u00e8re ? La BIU Sant\u00e9 vous propose un nouveau service pour &hellip; <a href=\"https:\/\/numerabilis.u-paris.fr\/medica\/blog\/index.php\/rdv-avec-un-bibliothecaire\/\" class=\"more-link\">Continuer la lecture<span class=\"screen-reader-text\"> de &laquo;&nbsp;Prenez RDV avec un(e) biblioth\u00e9caire&nbsp;&raquo;<\/span><\/a><\/p>\n","protected":false},"author":1,"featured_media":2767,"comment_status":"open","ping_status":"open","sticky":false,"template":"","format":"standard","meta":{"_monsterinsights_skip_tracking":false,"_monsterinsights_sitenote_active":false,"_monsterinsights_sitenote_note":"","_monsterinsights_sitenote_category":0,"footnotes":""},"categories":[7,14,15],"tags":[22,33],"class_list":["post-464","post","type-post","status-publish","format-standard","has-post-thumbnail","hentry","category-histoiresante","category-medecine-odontologie","category-pharmacie-biologie-cosmetologie","tag-formation","tag-recherche-bibliographique"],"_links":{"self":[{"href":"https:\/\/numerabilis.u-paris.fr\/medica\/blog\/index.php\/wp-json\/wp\/v2\/posts\/464"}],"collection":[{"href":"https:\/\/numerabilis.u-paris.fr\/medica\/blog\/index.php\/wp-json\/wp\/v2\/posts"}],"about":[{"href":"https:\/\/numerabilis.u-paris.fr\/medica\/blog\/index.php\/wp-json\/wp\/v2\/types\/post"}],"author":[{"embeddable":true,"href":"https:\/\/numerabilis.u-paris.fr\/medica\/blog\/index.php\/wp-json\/wp\/v2\/users\/1"}],"replies":[{"embeddable":true,"href":"https:\/\/numerabilis.u-paris.fr\/medica\/blog\/index.php\/wp-json\/wp\/v2\/comments?post=464"}],"version-history":[{"count":33,"href":"https:\/\/numerabilis.u-paris.fr\/medica\/blog\/index.php\/wp-json\/wp\/v2\/posts\/464\/revisions"}],"predecessor-version":[{"id":2933,"href":"https:\/\/numerabilis.u-paris.fr\/medica\/blog\/index.php\/wp-json\/wp\/v2\/posts\/464\/revisions\/2933"}],"wp:featuredmedia":[{"embeddable":true,"href":"https:\/\/numerabilis.u-paris.fr\/medica\/blog\/index.php\/wp-json\/wp\/v2\/media\/2767"}],"wp:attachment":[{"href":"https:\/\/numerabilis.u-paris.fr\/medica\/blog\/index.php\/wp-json\/wp\/v2\/media?parent=464"}],"wp:term":[{"taxonomy":"category","embeddable":true,"href":"https:\/\/numerabilis.u-paris.fr\/medica\/blog\/index.php\/wp-json\/wp\/v2\/categories?post=464"},{"taxonomy":"post_tag","embeddable":true,"href":"https:\/\/numerabilis.u-paris.fr\/medica\/blog\/index.php\/wp-json\/wp\/v2\/tags?post=464"}],"curies":[{"name":"wp","href":"https:\/\/api.w.org\/{rel}","templated":true}]}}