{"id":4742,"date":"2014-08-07T14:00:57","date_gmt":"2014-08-07T12:00:57","guid":{"rendered":"https:\/\/numerabilis.u-paris.fr\/medica\/blog\/?p=4742"},"modified":"2014-07-25T16:48:21","modified_gmt":"2014-07-25T14:48:21","slug":"vesalius-continuum-zakynthos-2014","status":"publish","type":"post","link":"https:\/\/numerabilis.u-paris.fr\/medica\/blog\/index.php\/vesalius-continuum-zakynthos-2014\/","title":{"rendered":"Conf\u00e9rence V\u00e9sale (4-8 septembre 2014)"},"content":{"rendered":"<h2>Vesalius Continuum Zakynthos<\/h2>\n<p>Toujours dans le cadre de <a title=\"Ann\u00e9e V\u00e9sale\" href=\"http:\/\/www.vesaliusfabrica.com\/en\/news-networking\/events-exhibitions.html\" target=\"_blank\"><strong>l&rsquo;ann\u00e9e V\u00e9sale<\/strong><\/a>, une conf\u00e9rence internationale est organis\u00e9e \u00e0 <strong>Zakynthos<\/strong> (Gr\u00e8ce) du <strong>4 au 8 septembre<\/strong>. C&rsquo;est sur cette \u00eele ionienne que mourut V\u00e9sale, en <strong>1564<\/strong>, il y a tout juste 450 ans.<\/p>\n<p><img loading=\"lazy\" decoding=\"async\" class=\"aligncenter size-full wp-image-5431\" title=\"vesalius-continuum\" src=\"https:\/\/numerabilis.u-paris.fr\/medica\/blog\/wp-content\/uploads\/vesalius-continuum.jpg\" alt=\"\" width=\"423\" height=\"376\" srcset=\"https:\/\/numerabilis.u-paris.fr\/medica\/blog\/wp-content\/uploads\/vesalius-continuum.jpg 423w, https:\/\/numerabilis.u-paris.fr\/medica\/blog\/wp-content\/uploads\/vesalius-continuum-300x266.jpg 300w\" sizes=\"(max-width: 423px) 85vw, 423px\" \/><\/p>\n<p>Des sp\u00e9cialistes viendront y \u00e9voquer son \u0153uvre, dont plusieurs collaborateurs de la BIU Sant\u00e9, notamment :<\/p>\n<p><strong>St\u00e9phane Velut<\/strong> et <strong>Jacqueline Vons<\/strong>, \u00e0 l&rsquo;origine de <a title=\"La Fabrique de V\u00e9sale\" href=\"https:\/\/www.biusante.parisdescartes.fr\/vesale\" target=\"_blank\">l&rsquo;\u00e9dition critique de la Fabrique et autres textes, en ligne sur notre site<\/a>, interviendront respectivement sur les th\u00e8mes \u00ab <em>Vesalius\u2019 Anatomical Observations<\/em>\u00a0\u00bb et \u00ab <em>Vivitur ingenio<\/em> \u00bb.<\/p>\n<p><a title=\"Billet V\u00e9sale 2014\" href=\"https:\/\/numerabilis.u-paris.fr\/medica\/blog\/index.php\/projet-fabrique-vesale-en-ligne\/\" target=\"_blank\">Voir le billet de blog sur cette \u00e9dition critique en cours<\/a>.<\/p>\n<p><strong>Maurits Biesbrouck<\/strong> \u00e9voquera \u00ab <em>The last months of Andreas Vesalius<\/em> \u00bb.<\/p>\n<p><strong>Omer Steeno<\/strong> parlera du contexte familial : \u00ab <em>Franciscus and Anna:Vesalius\u2019 Brother and Sister in the Spotlight.<\/em> \u00bb<\/p>\n<p><strong>Vivian Nutton<\/strong> pr\u00e9sentera \u00ab <em>Vesalius and his Annotations<\/em> \u00bb.<\/p>\n<p><strong>Guy Cobolet<\/strong>, directeur de la BIU Sant\u00e9 interviendra quant \u00e0 lui sur le th\u00e8me : \u00ab <em>Vesalius\u2019 De Humani Corporis Fabrica in context<\/em>. \u00bb<\/p>\n<p>Autour de cette conf\u00e9rence auront lieu \u00e9galement une exposition et un concert.<\/p>\n<h2>En savoir plus<\/h2>\n<p><a title=\"Conf\u00e9rence Vesalius\" href=\"http:\/\/vesalius2014.be\/\" target=\"_blank\">Le site de la conf\u00e9rence (en anglais)<\/a><\/p>\n<p><a title=\"Programme V\u00e9sal 2014\" href=\"http:\/\/vesalius2014.be\/Conference_programme_new.pdf\" target=\"_blank\">Le programme de la conf\u00e9rence<\/a><\/p>\n<div id=\"schema_block\" class=\"schema_event\"><div itemscope itemtype=\"http:\/\/schema.org\/EducationEvent\"><a class=\"schema_url\" target=\"_blank\" itemprop=\"url\" href=\"http:\/\/vesalius2014.be\"><div class=\"schema_name\" itemprop=\"name\">Vesalius Continuum Zakynthos<\/div><\/a><div class=\"schema_description\" itemprop=\"description\">Commemorating the 500th anniversary of Andreas Vesalius Zakynthos, 4-8 Sept 2014.<\/div><div><meta itemprop=\"startDate\" content=\"2014-09-04\">Debut: 09\/04\/2014<\/div><div><meta itemprop=\"endDate\" content=\"2014-09-08:00.000\">Fin: 09\/08\/2014<\/div><\/div><div itemprop=\"address\" itemscope itemtype=\"http:\/\/schema.org\/PostalAddress\"><div class=\"city_state\"><span class=\"locale\" itemprop=\"addressLocality\">Zakynthos<\/span><\/div><div class=\"country\" itemprop=\"addressCountry\">GR<\/div><\/div><\/div>\n","protected":false},"excerpt":{"rendered":"<p>Vesalius Continuum Zakynthos Toujours dans le cadre de l&rsquo;ann\u00e9e V\u00e9sale, une conf\u00e9rence internationale est organis\u00e9e \u00e0 Zakynthos (Gr\u00e8ce) du 4 au 8 septembre. C&rsquo;est sur cette \u00eele ionienne que mourut V\u00e9sale, en 1564, il y a tout juste 450 ans. Des sp\u00e9cialistes viendront y \u00e9voquer son \u0153uvre, dont plusieurs collaborateurs de la BIU Sant\u00e9, notamment &hellip; <a href=\"https:\/\/numerabilis.u-paris.fr\/medica\/blog\/index.php\/vesalius-continuum-zakynthos-2014\/\" class=\"more-link\">Continuer la lecture<span class=\"screen-reader-text\"> de &laquo;&nbsp;Conf\u00e9rence V\u00e9sale (4-8 septembre 2014)&nbsp;&raquo;<\/span><\/a><\/p>\n","protected":false},"author":1,"featured_media":0,"comment_status":"open","ping_status":"open","sticky":false,"template":"","format":"standard","meta":{"_monsterinsights_skip_tracking":false,"_monsterinsights_sitenote_active":false,"_monsterinsights_sitenote_note":"","_monsterinsights_sitenote_category":0,"footnotes":""},"categories":[7],"tags":[77,23,182,181],"class_list":["post-4742","post","type-post","status-publish","format-standard","hentry","category-histoiresante","tag-16e-s","tag-conference","tag-grece","tag-vesale"],"_links":{"self":[{"href":"https:\/\/numerabilis.u-paris.fr\/medica\/blog\/index.php\/wp-json\/wp\/v2\/posts\/4742"}],"collection":[{"href":"https:\/\/numerabilis.u-paris.fr\/medica\/blog\/index.php\/wp-json\/wp\/v2\/posts"}],"about":[{"href":"https:\/\/numerabilis.u-paris.fr\/medica\/blog\/index.php\/wp-json\/wp\/v2\/types\/post"}],"author":[{"embeddable":true,"href":"https:\/\/numerabilis.u-paris.fr\/medica\/blog\/index.php\/wp-json\/wp\/v2\/users\/1"}],"replies":[{"embeddable":true,"href":"https:\/\/numerabilis.u-paris.fr\/medica\/blog\/index.php\/wp-json\/wp\/v2\/comments?post=4742"}],"version-history":[{"count":20,"href":"https:\/\/numerabilis.u-paris.fr\/medica\/blog\/index.php\/wp-json\/wp\/v2\/posts\/4742\/revisions"}],"predecessor-version":[{"id":5549,"href":"https:\/\/numerabilis.u-paris.fr\/medica\/blog\/index.php\/wp-json\/wp\/v2\/posts\/4742\/revisions\/5549"}],"wp:attachment":[{"href":"https:\/\/numerabilis.u-paris.fr\/medica\/blog\/index.php\/wp-json\/wp\/v2\/media?parent=4742"}],"wp:term":[{"taxonomy":"category","embeddable":true,"href":"https:\/\/numerabilis.u-paris.fr\/medica\/blog\/index.php\/wp-json\/wp\/v2\/categories?post=4742"},{"taxonomy":"post_tag","embeddable":true,"href":"https:\/\/numerabilis.u-paris.fr\/medica\/blog\/index.php\/wp-json\/wp\/v2\/tags?post=4742"}],"curies":[{"name":"wp","href":"https:\/\/api.w.org\/{rel}","templated":true}]}}