{"id":4748,"date":"2014-11-20T13:50:20","date_gmt":"2014-11-20T12:50:20","guid":{"rendered":"https:\/\/numerabilis.u-paris.fr\/medica\/blog\/?p=4748"},"modified":"2014-11-21T10:03:41","modified_gmt":"2014-11-21T09:03:41","slug":"exposition-viollet-le-duc-2014","status":"publish","type":"post","link":"https:\/\/numerabilis.u-paris.fr\/medica\/blog\/index.php\/exposition-viollet-le-duc-2014\/","title":{"rendered":"Viollet-le-Duc, les visions d&rsquo;un architecte"},"content":{"rendered":"<h2>Exposition \u00e0 la Cit\u00e9 de l&rsquo;architecture<\/h2>\n<p>Aujourd&rsquo;hui,<strong> jeudi 20 novembre 2014<\/strong>, vient d&rsquo;ouvrir la nouvelle exposition de la Cit\u00e9 de l&rsquo;architecture : <a title=\"Exposition Viollet-le-Duc\" href=\"http:\/\/www.citechaillot.fr\/fr\/infos_pratiques\/comment_sy_rendre\/\" target=\"_blank\"><strong><em>Viollet-le-Duc, les visions d&rsquo;un architecte<\/em><\/strong><\/a>.<\/p>\n<p>Jusqu&rsquo;au <strong>9 mars 2015<\/strong> vous pourrez y d\u00e9couvrir un visage inhabituel de cet architecte controvers\u00e9, dans une exposition insistant sur son c\u00f4t\u00e9 visionnaire.<\/p>\n<p><img loading=\"lazy\" decoding=\"async\" class=\"aligncenter size-full wp-image-6443\" title=\"viollet-le-duc-les-visions-d-un-archi\" src=\"https:\/\/numerabilis.u-paris.fr\/medica\/blog\/wp-content\/uploads\/viollet-le-duc-les-visions-d-un-archi1.jpg\" alt=\"\" width=\"600\" height=\"403\" srcset=\"https:\/\/numerabilis.u-paris.fr\/medica\/blog\/wp-content\/uploads\/viollet-le-duc-les-visions-d-un-archi1.jpg 600w, https:\/\/numerabilis.u-paris.fr\/medica\/blog\/wp-content\/uploads\/viollet-le-duc-les-visions-d-un-archi1-300x201.jpg 300w, https:\/\/numerabilis.u-paris.fr\/medica\/blog\/wp-content\/uploads\/viollet-le-duc-les-visions-d-un-archi1-120x80.jpg 120w\" sizes=\"(max-width: 709px) 85vw, (max-width: 909px) 67vw, (max-width: 984px) 61vw, (max-width: 1362px) 45vw, 600px\" \/><\/p>\n<p>\u00c0\u00a0cette occasion, la BIU Sant\u00e9 a pr\u00eat\u00e9 l&rsquo;un de ses ouvrages :<\/p>\n<p title=\"Trait\u00e9 complet de l'anatomie de l'homme...\"><strong><em>Trait\u00e9 complet de l&rsquo;anatomie de l&rsquo;homme<\/em><\/strong> de J.-B. Bourgery et N.H. Jacob.- Paris, 1832-1854. tome I.<\/p>\n<p><a title=\"Bourgery sur Medic@\" href=\"https:\/\/www.biusante.parisdescartes.fr\/histmed\/image?02231\" target=\"_blank\"><img loading=\"lazy\" decoding=\"async\" class=\"aligncenter size-full wp-image-6473\" title=\"02231\" src=\"https:\/\/numerabilis.u-paris.fr\/medica\/blog\/wp-content\/uploads\/02231.jpg\" alt=\"\" width=\"600\" height=\"813\" srcset=\"https:\/\/numerabilis.u-paris.fr\/medica\/blog\/wp-content\/uploads\/02231.jpg 600w, https:\/\/numerabilis.u-paris.fr\/medica\/blog\/wp-content\/uploads\/02231-221x300.jpg 221w\" sizes=\"(max-width: 709px) 85vw, (max-width: 909px) 67vw, (max-width: 984px) 61vw, (max-width: 1362px) 45vw, 600px\" \/><\/a><\/p>\n<h2>En savoir plus<\/h2>\n<p><a title=\"Exposition Viollet-le-Duc\" href=\"http:\/\/www.citechaillot.fr\/fr\/expositions\/expositions_temporaires\/25622-viollet-le-duc_les_visions_dun_architecte.html\" target=\"_blank\">Le site de l&rsquo;exposition<\/a><\/p>\n<p><a title=\"Communiqu\u00e9 Viollet-le-Duc\" href=\"http:\/\/www.citechaillot.fr\/data\/expositions_bc521\/fiche\/24388\/cp_viollet_le_duc_be8e8.pdf\" target=\"_blank\">Le communiqu\u00e9 de presse de l&rsquo;exposition<\/a><\/p>\n<div id=\"schema_block\" class=\"schema_event\"><div itemscope itemtype=\"http:\/\/schema.org\/EducationEvent\"><a class=\"schema_url\" target=\"_blank\" itemprop=\"url\" href=\"http:\/\/www.citechaillot.fr\/fr\/expositions\/expositions_temporaires\/25622-viollet-le-duc_les_visions_dun_architecte.html\"><div class=\"schema_name\" itemprop=\"name\">Viollet-le-Duc, les visions d'un architecte<\/div><\/a><div class=\"schema_description\" itemprop=\"description\">\u00c0 l\u2019occasion du 200e anniversaire de la naissance d\u2019Eug\u00e8ne Viollet-le-Duc (1814-1879), cette exposition r\u00e9trospective pr\u00e9sente l\u2019\u0153uvre singuli\u00e8re de ce grand architecte, th\u00e9oricien et restaurateur, fondateur du mus\u00e9e de Sculpture compar\u00e9e dont le mus\u00e9e des Monuments fran\u00e7ais est l\u2019h\u00e9ritier.<\/div><div><meta itemprop=\"startDate\" content=\"2014-11-20\">Debut: 11\/20\/2014<\/div><div><meta itemprop=\"endDate\" content=\"2015-03-09:00.000\">Fin: 03\/09\/2015<\/div><\/div><div itemprop=\"address\" itemscope itemtype=\"http:\/\/schema.org\/PostalAddress\"><div class=\"street\" itemprop=\"streetAddress\">1, place du Trocad\u00e9ro et du 11-novembre <\/div><div class=\"city_state\"><span class=\"locale\" itemprop=\"addressLocality\">Paris<\/span>,<span class=\"region\" itemprop=\"addressRegion\"> \u00cele-de-France<\/span><\/div><div class=\"postalcode\" itemprop=\"postalCode\">75116<\/div><div class=\"country\" itemprop=\"addressCountry\">FR<\/div><\/div><\/div>\n","protected":false},"excerpt":{"rendered":"<p>Exposition \u00e0 la Cit\u00e9 de l&rsquo;architecture Aujourd&rsquo;hui, jeudi 20 novembre 2014, vient d&rsquo;ouvrir la nouvelle exposition de la Cit\u00e9 de l&rsquo;architecture : Viollet-le-Duc, les visions d&rsquo;un architecte. Jusqu&rsquo;au 9 mars 2015 vous pourrez y d\u00e9couvrir un visage inhabituel de cet architecte controvers\u00e9, dans une exposition insistant sur son c\u00f4t\u00e9 visionnaire. \u00c0\u00a0cette occasion, la BIU Sant\u00e9 &hellip; <a href=\"https:\/\/numerabilis.u-paris.fr\/medica\/blog\/index.php\/exposition-viollet-le-duc-2014\/\" class=\"more-link\">Continuer la lecture<span class=\"screen-reader-text\"> de &laquo;&nbsp;Viollet-le-Duc, les visions d&rsquo;un architecte&nbsp;&raquo;<\/span><\/a><\/p>\n","protected":false},"author":1,"featured_media":0,"comment_status":"open","ping_status":"open","sticky":false,"template":"","format":"standard","meta":{"_monsterinsights_skip_tracking":false,"_monsterinsights_sitenote_active":false,"_monsterinsights_sitenote_note":"","_monsterinsights_sitenote_category":0,"footnotes":""},"categories":[7],"tags":[53,202,10,37],"class_list":["post-4748","post","type-post","status-publish","format-standard","hentry","category-histoiresante","tag-19e-s","tag-architecture","tag-exposition","tag-pret"],"_links":{"self":[{"href":"https:\/\/numerabilis.u-paris.fr\/medica\/blog\/index.php\/wp-json\/wp\/v2\/posts\/4748"}],"collection":[{"href":"https:\/\/numerabilis.u-paris.fr\/medica\/blog\/index.php\/wp-json\/wp\/v2\/posts"}],"about":[{"href":"https:\/\/numerabilis.u-paris.fr\/medica\/blog\/index.php\/wp-json\/wp\/v2\/types\/post"}],"author":[{"embeddable":true,"href":"https:\/\/numerabilis.u-paris.fr\/medica\/blog\/index.php\/wp-json\/wp\/v2\/users\/1"}],"replies":[{"embeddable":true,"href":"https:\/\/numerabilis.u-paris.fr\/medica\/blog\/index.php\/wp-json\/wp\/v2\/comments?post=4748"}],"version-history":[{"count":13,"href":"https:\/\/numerabilis.u-paris.fr\/medica\/blog\/index.php\/wp-json\/wp\/v2\/posts\/4748\/revisions"}],"predecessor-version":[{"id":6468,"href":"https:\/\/numerabilis.u-paris.fr\/medica\/blog\/index.php\/wp-json\/wp\/v2\/posts\/4748\/revisions\/6468"}],"wp:attachment":[{"href":"https:\/\/numerabilis.u-paris.fr\/medica\/blog\/index.php\/wp-json\/wp\/v2\/media?parent=4748"}],"wp:term":[{"taxonomy":"category","embeddable":true,"href":"https:\/\/numerabilis.u-paris.fr\/medica\/blog\/index.php\/wp-json\/wp\/v2\/categories?post=4748"},{"taxonomy":"post_tag","embeddable":true,"href":"https:\/\/numerabilis.u-paris.fr\/medica\/blog\/index.php\/wp-json\/wp\/v2\/tags?post=4748"}],"curies":[{"name":"wp","href":"https:\/\/api.w.org\/{rel}","templated":true}]}}