{"id":4769,"date":"2014-08-26T14:00:03","date_gmt":"2014-08-26T12:00:03","guid":{"rendered":"https:\/\/numerabilis.u-paris.fr\/medica\/blog\/?p=4769"},"modified":"2014-07-25T18:43:00","modified_gmt":"2014-07-25T16:43:00","slug":"colloque-gueules-cassees-octobre-2014","status":"publish","type":"post","link":"https:\/\/numerabilis.u-paris.fr\/medica\/blog\/index.php\/colloque-gueules-cassees-octobre-2014\/","title":{"rendered":"Colloque Gueules cass\u00e9es"},"content":{"rendered":"<h2>17-18 octobre \u00e0 l\u2019\u00c9cole militaire<\/h2>\n<p>Avec le <a title=\"Centenaire 14-18\" href=\"http:\/\/centenaire.org\/fr\" target=\"_blank\">centenaire de la <strong>Premi\u00e8re Guerre mondiale<\/strong><\/a>, le sujet des <strong>gueules cass\u00e9es<\/strong> revient sur le devant de la sc\u00e8ne.<\/p>\n<p>Un colloque est organis\u00e9 sur le th\u00e8me : <strong>\u00ab <em>Gueules Cass\u00e9es, un nouveau visage<\/em> \u00bb<\/strong>.<\/p>\n<p>Il aura lieu les <strong>17 et 18 octobre 2014<\/strong> \u00e0 l\u2019<strong>\u00c9cole Militaire \u00e0 Paris<\/strong>. Il est organis\u00e9 par l\u2019<a title=\"Association Gueules cass\u00e9es\" href=\"http:\/\/www.gueules-cassees.asso.fr\/\" target=\"_blank\">Union des Bless\u00e9s de la Face et de la T\u00eate<\/a> et la <a title=\"FGC\" href=\"http:\/\/www.gueules-cassees.asso.fr\/srub_30-La-fondation.html\" target=\"_blank\">Fondation des \u00ab\u00a0Gueules Cass\u00e9es\u00a0\u00bb<\/a>.<\/p>\n<p><a title=\"Programme colloque Gueules cass\u00e9es\" href=\"http:\/\/www.gueules-cassees-2014.org\/colloque\/\" target=\"_blank\"><img loading=\"lazy\" decoding=\"async\" class=\"aligncenter size-full wp-image-5585\" title=\"Sans titre\" src=\"https:\/\/numerabilis.u-paris.fr\/medica\/blog\/wp-content\/uploads\/Sans-titre3.jpg\" alt=\"\" width=\"600\" height=\"356\" srcset=\"https:\/\/numerabilis.u-paris.fr\/medica\/blog\/wp-content\/uploads\/Sans-titre3.jpg 600w, https:\/\/numerabilis.u-paris.fr\/medica\/blog\/wp-content\/uploads\/Sans-titre3-300x178.jpg 300w\" sizes=\"(max-width: 709px) 85vw, (max-width: 909px) 67vw, (max-width: 984px) 61vw, (max-width: 1362px) 45vw, 600px\" \/><\/a><\/p>\n<p>Il ne s&rsquo;int\u00e9ressera pas qu&rsquo;aux victimes de 14-18, mais aussi aux blessures physiques et psychologiques subies dans d&rsquo;autres conflits, et leur prise en charge dans diff\u00e9rents pays du monde.<\/p>\n<p>Sur le m\u00eame sujet, retrouvez \u00e9galement notre <strong>exposition virtuelle sur les Gueules cass\u00e9es<\/strong> : <a title=\"Exposition virtuelle gueules cass\u00e9es\" href=\"https:\/\/www.biusante.parisdescartes.fr\/1418\/\" target=\"_blank\">https:\/\/www.biusante.parisdescartes.fr\/1418\/<\/a><\/p>\n<h2>En savoir plus<\/h2>\n<p><a href=\"http:\/\/www.gueules-cassees-2014.org\/\"><strong>http:\/\/www.gueules-cassees-2014.org\/<\/strong><\/a><\/p>\n<p><a title=\"Programme colloque Gueules cass\u00e9es\" href=\"http:\/\/www.gueules-cassees-2014.org\/programme\/\" target=\"_blank\">Le programme d\u00e9taill\u00e9<\/a><\/p>\n<p><a title=\"Billet Alb\u00e9ric Pont\" href=\"https:\/\/numerabilis.u-paris.fr\/medica\/blog\/index.php\/11-novembre-2013-alberic-pont\/\" target=\"_blank\">Le fonds Alb\u00e9ric Pont \u00e0 la BIU Sant\u00e9<\/a><\/p>\n<div id=\"schema_block\" class=\"schema_event\"><div itemscope itemtype=\"http:\/\/schema.org\/EducationEvent\"><a class=\"schema_url\" target=\"_blank\" itemprop=\"url\" href=\"http:\/\/www.gueules-cassees-2014.org\/colloque\/\"><div class=\"schema_name\" itemprop=\"name\">Gueules Cass\u00e9es, un nouveau visage<\/div><\/a><div class=\"schema_description\" itemprop=\"description\">Lorsque l\u2019on parle des \u00ab Gueules Cass\u00e9es \u00bb tout un chacun pense aux bless\u00e9s de la face de la Premi\u00e8re Guerre mondiale. Pourtant toutes les guerres laissent derri\u00e8re elles de nouvelles \u00ab gueules cass\u00e9es \u00bb physiques et psychologiques. C\u2019est pour ces d\u00e9fenseurs de la France et de ses id\u00e9aux que l\u2019Union des Bless\u00e9s de la Face et de la T\u00eate et la Fondation des \u00ab Gueules Cass\u00e9es \u00bb organisent un rendez-vous exceptionnel sous le haut patronage du Pr\u00e9sident de la R\u00e9publique.<\/div><div><meta itemprop=\"startDate\" content=\"2014-10-17\">Debut: 10\/17\/2014<\/div><div><meta itemprop=\"endDate\" content=\"2014-10-18:00.000\">Fin: 10\/18\/2014<\/div><\/div><div itemprop=\"address\" itemscope itemtype=\"http:\/\/schema.org\/PostalAddress\"><div class=\"street\" itemprop=\"streetAddress\">21, place Joffre<\/div><div class=\"city_state\"><span class=\"locale\" itemprop=\"addressLocality\">Paris<\/span>,<span class=\"region\" itemprop=\"addressRegion\"> \u00cele-de-France<\/span><\/div><div class=\"postalcode\" itemprop=\"postalCode\">75007<\/div><div class=\"country\" itemprop=\"addressCountry\">FR<\/div><\/div><\/div>\n<p>&nbsp;<\/p>\n<p>&nbsp;<\/p>\n<p>&nbsp;<\/p>\n","protected":false},"excerpt":{"rendered":"<p>17-18 octobre \u00e0 l\u2019\u00c9cole militaire Avec le centenaire de la Premi\u00e8re Guerre mondiale, le sujet des gueules cass\u00e9es revient sur le devant de la sc\u00e8ne. Un colloque est organis\u00e9 sur le th\u00e8me : \u00ab Gueules Cass\u00e9es, un nouveau visage \u00bb. Il aura lieu les 17 et 18 octobre 2014 \u00e0 l\u2019\u00c9cole Militaire \u00e0 Paris. Il &hellip; <a href=\"https:\/\/numerabilis.u-paris.fr\/medica\/blog\/index.php\/colloque-gueules-cassees-octobre-2014\/\" class=\"more-link\">Continuer la lecture<span class=\"screen-reader-text\"> de &laquo;&nbsp;Colloque Gueules cass\u00e9es&nbsp;&raquo;<\/span><\/a><\/p>\n","protected":false},"author":1,"featured_media":0,"comment_status":"open","ping_status":"open","sticky":false,"template":"","format":"standard","meta":{"_monsterinsights_skip_tracking":false,"_monsterinsights_sitenote_active":false,"_monsterinsights_sitenote_note":"","_monsterinsights_sitenote_category":0,"footnotes":""},"categories":[7,14],"tags":[54,107,100,125,48],"class_list":["post-4769","post","type-post","status-publish","format-standard","hentry","category-histoiresante","category-medecine-odontologie","tag-20e-s","tag-colloque-congres-je","tag-guerre","tag-gueules-cassees","tag-premiere-guerre-mondiale"],"_links":{"self":[{"href":"https:\/\/numerabilis.u-paris.fr\/medica\/blog\/index.php\/wp-json\/wp\/v2\/posts\/4769"}],"collection":[{"href":"https:\/\/numerabilis.u-paris.fr\/medica\/blog\/index.php\/wp-json\/wp\/v2\/posts"}],"about":[{"href":"https:\/\/numerabilis.u-paris.fr\/medica\/blog\/index.php\/wp-json\/wp\/v2\/types\/post"}],"author":[{"embeddable":true,"href":"https:\/\/numerabilis.u-paris.fr\/medica\/blog\/index.php\/wp-json\/wp\/v2\/users\/1"}],"replies":[{"embeddable":true,"href":"https:\/\/numerabilis.u-paris.fr\/medica\/blog\/index.php\/wp-json\/wp\/v2\/comments?post=4769"}],"version-history":[{"count":16,"href":"https:\/\/numerabilis.u-paris.fr\/medica\/blog\/index.php\/wp-json\/wp\/v2\/posts\/4769\/revisions"}],"predecessor-version":[{"id":5594,"href":"https:\/\/numerabilis.u-paris.fr\/medica\/blog\/index.php\/wp-json\/wp\/v2\/posts\/4769\/revisions\/5594"}],"wp:attachment":[{"href":"https:\/\/numerabilis.u-paris.fr\/medica\/blog\/index.php\/wp-json\/wp\/v2\/media?parent=4769"}],"wp:term":[{"taxonomy":"category","embeddable":true,"href":"https:\/\/numerabilis.u-paris.fr\/medica\/blog\/index.php\/wp-json\/wp\/v2\/categories?post=4769"},{"taxonomy":"post_tag","embeddable":true,"href":"https:\/\/numerabilis.u-paris.fr\/medica\/blog\/index.php\/wp-json\/wp\/v2\/tags?post=4769"}],"curies":[{"name":"wp","href":"https:\/\/api.w.org\/{rel}","templated":true}]}}