{"id":517,"date":"2013-02-06T14:52:35","date_gmt":"2013-02-06T13:52:35","guid":{"rendered":"https:\/\/numerabilis.u-paris.fr\/medica\/blog\/?p=517"},"modified":"2013-03-07T15:38:43","modified_gmt":"2013-03-07T14:38:43","slug":"conference-medecine-douleur-malade","status":"publish","type":"post","link":"https:\/\/numerabilis.u-paris.fr\/medica\/blog\/index.php\/conference-medecine-douleur-malade\/","title":{"rendered":"Conf\u00e9rence : M\u00e9decine et douleur du malade, une approche historique"},"content":{"rendered":"<p>Suite du cycle de<strong> conf\u00e9rences en histoire de la m\u00e9decine et de la sant\u00e9 publique (du XVIIIe au XXe si\u00e8cles)<\/strong> \u00e0 la <a title=\"Facult\u00e9 de m\u00e9decine Paris Descartes\" href=\"http:\/\/www.medecine.parisdescartes.fr\/\" target=\"_blank\">facult\u00e9 de m\u00e9decine Paris Descartes<\/a>.<\/p>\n<p>La seconde conf\u00e9rence aura lieu le<strong> jeudi 14 f\u00e9vrier 2013, de 18h \u00e0 20h.<\/strong><\/p>\n<p><em>\u00ab\u00a0<strong>La m\u00e9decine et la douleur du malade : une approche historique<\/strong>\u00ab\u00a0<\/em><\/p>\n<figure id=\"attachment_518\" aria-describedby=\"caption-attachment-518\" style=\"width: 411px\" class=\"wp-caption aligncenter\"><a title=\"Van Gogh. Aux portes de l'\u00e9ternit\u00e9\" href=\"http:\/\/www.kmm.nl\/object\/KM%20111.041\" target=\"_blank\"><img loading=\"lazy\" decoding=\"async\" class=\"size-full wp-image-518\" title=\"Aux-portes-de-l-eternite\" src=\"https:\/\/numerabilis.u-paris.fr\/medica\/blog\/wp-content\/uploads\/Aux-portes-de-l-eternite.jpg\" alt=\"Tableau Aux portes de l'\u00e9ternit\u00e9\" width=\"411\" height=\"523\" srcset=\"https:\/\/numerabilis.u-paris.fr\/medica\/blog\/wp-content\/uploads\/Aux-portes-de-l-eternite.jpg 411w, https:\/\/numerabilis.u-paris.fr\/medica\/blog\/wp-content\/uploads\/Aux-portes-de-l-eternite-235x300.jpg 235w\" sizes=\"(max-width: 411px) 85vw, 411px\" \/><\/a><figcaption id=\"caption-attachment-518\" class=\"wp-caption-text\">Van Gogh. Aux portes de l&rsquo;\u00e9ternit\u00e9. 1890. Kr\u00f6ller-M\u00fcller Museum.<\/figcaption><\/figure>\n<p>Par <strong>Jean-Pierre Peter<\/strong>, directeur d&rsquo;\u00e9tudes \u00e0 l&rsquo;<a title=\"EHESS\" href=\"http:\/\/www.ehess.fr\/fr\/\" target=\"_blank\">EHESS <\/a>(Paris).<\/p>\n<p>Ces conf\u00e9rences-d\u00e9bats s\u2019adressent aux professionnels de sant\u00e9, universitaires, \u00e9tudiants, curieux&#8230; et se veulent un temps de rencontres et d\u2019\u00e9changes entre les participants et les chercheurs en sciences humaines et en m\u00e9decine sp\u00e9cialistes de l\u2019histoire de ces questions.<\/p>\n<p>Au 15, rue de l&rsquo;\u00c9cole-de-M\u00e9decine, 75005 Paris, amphith\u00e9\u00e2tre Portier, 2e \u00e9tage (ascenseur pour les personnes \u00e0 mobilit\u00e9 r\u00e9duite).<\/p>\n<p>M\u00e9tros Cluny-La Sorbonne, Saint-Michel, Od\u00e9on.<\/p>\n<p>Pour plus de renseignements, contactez <a href=\"ma&#105;&#108;&#x74;&#x6f;&#x3a;&#x63;av&#105;&#115;&#x61;&#x62;&#x40;&#x79;ah&#111;&#111;&#46;&#x66;&#x72;\">Isabelle Cav\u00e9<\/a>.<\/p>\n<p>Retrouvez le <a title=\"Programme 2013 conf\u00e9rences en histoire de la m\u00e9decine et de la sant\u00e9 publique\" href=\"http:\/\/calenda.org\/233560\" target=\"_blank\">programme complet des conf\u00e9rences en cliquant sur ce lien<\/a>.<\/p>\n<p><!--more--><\/p>\n<p><img decoding=\"async\" title=\"Lire la suite\u2026\" src=\"https:\/\/numerabilis.u-paris.fr\/medica\/blog\/wp-includes\/js\/tinymce\/plugins\/wordpress\/img\/trans.gif\" alt=\"\" \/><div id=\"schema_block\" class=\"schema_event\"><div itemscope itemtype=\"http:\/\/schema.org\/EducationEvent\"><a class=\"schema_url\" target=\"_blank\" itemprop=\"url\" href=\"http:\/\/goo.gl\/JmmUQ\"><div class=\"schema_name\" itemprop=\"name\">La m\u00e9decine et la douleur du malade : une approche historique<\/div><\/a><div class=\"schema_description\" itemprop=\"description\">A partir du 24 janvier 2013, un cycle de conf\u00e9rences en histoire de la m\u00e9decine et de la sant\u00e9 publique (du XVIIIe au XXe si\u00e8cles) se d\u00e9roulera \u00e0 la facult\u00e9 de m\u00e9decine Paris Descartes.<\/div><div><meta itemprop=\"startDate\" content=\"2013-02-14T18:00\">Debut: 02\/14\/2013 06:00 pm<\/div><div><meta itemprop=\"endDate\" content=\"2013-02-14:00.000\">Fin: 02\/14\/2013<\/div><div><meta itemprop=\"duration\" content=\"0000-00-00T02:00\">Duree: 2 heures:<\/div><\/div><div itemprop=\"address\" itemscope itemtype=\"http:\/\/schema.org\/PostalAddress\"><div class=\"street\" itemprop=\"streetAddress\">15, rue de l'Ecole-de-M\u00e9decine, 75006 Paris<\/div><div class=\"city_state\"><span class=\"locale\" itemprop=\"addressLocality\">Paris<\/span>,<span class=\"region\" itemprop=\"addressRegion\"> \u00cele-de-France<\/span><\/div><div class=\"postalcode\" itemprop=\"postalCode\">75006<\/div><div class=\"country\" itemprop=\"addressCountry\">FR<\/div><\/div><\/div><\/p>\n","protected":false},"excerpt":{"rendered":"<p>Suite du cycle de conf\u00e9rences en histoire de la m\u00e9decine et de la sant\u00e9 publique (du XVIIIe au XXe si\u00e8cles) \u00e0 la facult\u00e9 de m\u00e9decine Paris Descartes. La seconde conf\u00e9rence aura lieu le jeudi 14 f\u00e9vrier 2013, de 18h \u00e0 20h. \u00ab\u00a0La m\u00e9decine et la douleur du malade : une approche historique\u00ab\u00a0 Par Jean-Pierre Peter, &hellip; <a href=\"https:\/\/numerabilis.u-paris.fr\/medica\/blog\/index.php\/conference-medecine-douleur-malade\/\" class=\"more-link\">Continuer la lecture<span class=\"screen-reader-text\"> de &laquo;&nbsp;Conf\u00e9rence : M\u00e9decine et douleur du malade, une approche historique&nbsp;&raquo;<\/span><\/a><\/p>\n","protected":false},"author":1,"featured_media":518,"comment_status":"open","ping_status":"open","sticky":false,"template":"","format":"standard","meta":{"_monsterinsights_skip_tracking":false,"_monsterinsights_sitenote_active":false,"_monsterinsights_sitenote_note":"","_monsterinsights_sitenote_category":0,"footnotes":""},"categories":[7],"tags":[23,38],"class_list":["post-517","post","type-post","status-publish","format-standard","has-post-thumbnail","hentry","category-histoiresante","tag-conference","tag-douleur"],"_links":{"self":[{"href":"https:\/\/numerabilis.u-paris.fr\/medica\/blog\/index.php\/wp-json\/wp\/v2\/posts\/517"}],"collection":[{"href":"https:\/\/numerabilis.u-paris.fr\/medica\/blog\/index.php\/wp-json\/wp\/v2\/posts"}],"about":[{"href":"https:\/\/numerabilis.u-paris.fr\/medica\/blog\/index.php\/wp-json\/wp\/v2\/types\/post"}],"author":[{"embeddable":true,"href":"https:\/\/numerabilis.u-paris.fr\/medica\/blog\/index.php\/wp-json\/wp\/v2\/users\/1"}],"replies":[{"embeddable":true,"href":"https:\/\/numerabilis.u-paris.fr\/medica\/blog\/index.php\/wp-json\/wp\/v2\/comments?post=517"}],"version-history":[{"count":13,"href":"https:\/\/numerabilis.u-paris.fr\/medica\/blog\/index.php\/wp-json\/wp\/v2\/posts\/517\/revisions"}],"predecessor-version":[{"id":836,"href":"https:\/\/numerabilis.u-paris.fr\/medica\/blog\/index.php\/wp-json\/wp\/v2\/posts\/517\/revisions\/836"}],"wp:featuredmedia":[{"embeddable":true,"href":"https:\/\/numerabilis.u-paris.fr\/medica\/blog\/index.php\/wp-json\/wp\/v2\/media\/518"}],"wp:attachment":[{"href":"https:\/\/numerabilis.u-paris.fr\/medica\/blog\/index.php\/wp-json\/wp\/v2\/media?parent=517"}],"wp:term":[{"taxonomy":"category","embeddable":true,"href":"https:\/\/numerabilis.u-paris.fr\/medica\/blog\/index.php\/wp-json\/wp\/v2\/categories?post=517"},{"taxonomy":"post_tag","embeddable":true,"href":"https:\/\/numerabilis.u-paris.fr\/medica\/blog\/index.php\/wp-json\/wp\/v2\/tags?post=517"}],"curies":[{"name":"wp","href":"https:\/\/api.w.org\/{rel}","templated":true}]}}