{"id":5376,"date":"2014-07-18T15:05:11","date_gmt":"2014-07-18T13:05:11","guid":{"rendered":"https:\/\/numerabilis.u-paris.fr\/medica\/blog\/?p=5376"},"modified":"2014-09-30T10:48:09","modified_gmt":"2014-09-30T08:48:09","slug":"fermeture-prochaine-pole-pharmacie","status":"publish","type":"post","link":"https:\/\/numerabilis.u-paris.fr\/medica\/blog\/index.php\/fermeture-prochaine-pole-pharmacie\/","title":{"rendered":"Fermeture prochaine du p\u00f4le Pharmacie"},"content":{"rendered":"<p><strong>Attention, plus qu&rsquo;une semaine pour profiter de la biblioth\u00e8que du p\u00f4le Pharmacie<\/strong>.<\/p>\n<p>\u00c0\u00a0partir du <strong>vendredi 25 juillet 18h<\/strong>, <strong>la biblioth\u00e8que de Pharmacie<\/strong> (<em>4, avenue de l&rsquo;Observatoire<\/em>) sera ferm\u00e9e pour quelques jours. La salle Dorveaux rouvrira le <strong><em>lundi 18 ao\u00fbt \u00e0 10h<\/em><\/strong> (<em>horaires r\u00e9duits, 10h-18h du lundi au vendredi, jusqu&rsquo;au 29 ao\u00fbt, et pas d&rsquo;ouverture les samedis en juillet et ao\u00fbt<\/em>).<\/p>\n<p>Il vous reste encore <strong>une semaine<\/strong> pour profiter des <strong><em>pr\u00eats-vacances<\/em><\/strong> : les ouvrages emprunt\u00e9s avant la fermeture seront \u00e0 rendre entre le 2 et le 15 septembre.<\/p>\n<p style=\"text-align: left;\"><img loading=\"lazy\" decoding=\"async\" class=\"aligncenter size-full wp-image-2098\" title=\"Dorveaux\" src=\"https:\/\/numerabilis.u-paris.fr\/medica\/blog\/wp-content\/uploads\/Dorveaux.jpg\" alt=\"Salle Dorveaux\" width=\"500\" height=\"341\" srcset=\"https:\/\/numerabilis.u-paris.fr\/medica\/blog\/wp-content\/uploads\/Dorveaux.jpg 500w, https:\/\/numerabilis.u-paris.fr\/medica\/blog\/wp-content\/uploads\/Dorveaux-300x204.jpg 300w\" sizes=\"(max-width: 500px) 85vw, 500px\" \/>Du c\u00f4t\u00e9 de la <strong>biblioth\u00e8que de M\u00e9decine<\/strong> (<em>12, rue de l&rsquo;\u00c9cole-de-M\u00e9decine<\/em>), <strong><em>pas de fermeture estivale<\/em><\/strong>, mais passage en <strong><em>horaires r\u00e9duits entre le 4 et le 14 ao\u00fbt (10h-18h)<\/em><\/strong>. Le <strong>service d&rsquo;histoire<\/strong> sera \u00e9galement ferm\u00e9 pendant ces deux semaines. <strong><em>Pas d&rsquo;ouverture le samedi durant le mois d\u2019ao\u00fbt <\/em><\/strong>(ainsi que le 15 ao\u00fbt).<\/p>\n<p><strong>Le service Reproductions et Pr\u00eat entre biblioth\u00e8ques (PEB\/ILL)<\/strong> <strong>demeure ouvert tout l&rsquo;\u00e9t\u00e9<\/strong> (<em>les demandes du p\u00f4le Pharmacie seront prises en charge par le p\u00f4le M\u00e9decine dans la mesure o\u00f9 les documents se trouvent \u00e9galement au p\u00f4le M\u00e9decine<\/em>).<\/p>\n<p><a title=\"BIUMInfo ouvert tout l'\u00e9t\u00e9\" href=\"https:\/\/numerabilis.u-paris.fr\/medica\/blog\/index.php\/service-questionsreponses-biuminfo-reste-ouvert\/\" target=\"_blank\">Le service de questions-r\u00e9ponses BIUMInfo reste aussi ouvert tout l&rsquo;\u00e9t\u00e9<\/a>.<\/p>\n<p><a title=\"Fermetures estivales\" href=\"https:\/\/numerabilis.u-paris.fr\/medica\/blog\/wp-content\/uploads\/ouvertures-fermetures-bu-sante.pdf\" target=\"_blank\">Retrouvez \u00e9galement les horaires et fermetures des autres biblioth\u00e8ques m\u00e9dicales d&rsquo;\u00cele-de-France en cliquant ici<\/a>.<\/p>\n<p><em>D&rsquo;ici la rentr\u00e9e universitaire, toute l&rsquo;\u00e9quipe de la BIU Sant\u00e9 vous souhaite de bonnes vacances !<\/em><\/p>\n","protected":false},"excerpt":{"rendered":"<p>Attention, plus qu&rsquo;une semaine pour profiter de la biblioth\u00e8que du p\u00f4le Pharmacie. \u00c0\u00a0partir du vendredi 25 juillet 18h, la biblioth\u00e8que de Pharmacie (4, avenue de l&rsquo;Observatoire) sera ferm\u00e9e pour quelques jours. La salle Dorveaux rouvrira le lundi 18 ao\u00fbt \u00e0 10h (horaires r\u00e9duits, 10h-18h du lundi au vendredi, jusqu&rsquo;au 29 ao\u00fbt, et pas d&rsquo;ouverture les &hellip; <a href=\"https:\/\/numerabilis.u-paris.fr\/medica\/blog\/index.php\/fermeture-prochaine-pole-pharmacie\/\" class=\"more-link\">Continuer la lecture<span class=\"screen-reader-text\"> de &laquo;&nbsp;Fermeture prochaine du p\u00f4le Pharmacie&nbsp;&raquo;<\/span><\/a><\/p>\n","protected":false},"author":1,"featured_media":0,"comment_status":"open","ping_status":"open","sticky":false,"template":"","format":"standard","meta":{"_monsterinsights_skip_tracking":false,"_monsterinsights_sitenote_active":false,"_monsterinsights_sitenote_note":"","_monsterinsights_sitenote_category":0,"footnotes":""},"categories":[7,14,15],"tags":[43],"class_list":["post-5376","post","type-post","status-publish","format-standard","hentry","category-histoiresante","category-medecine-odontologie","category-pharmacie-biologie-cosmetologie","tag-acces"],"_links":{"self":[{"href":"https:\/\/numerabilis.u-paris.fr\/medica\/blog\/index.php\/wp-json\/wp\/v2\/posts\/5376"}],"collection":[{"href":"https:\/\/numerabilis.u-paris.fr\/medica\/blog\/index.php\/wp-json\/wp\/v2\/posts"}],"about":[{"href":"https:\/\/numerabilis.u-paris.fr\/medica\/blog\/index.php\/wp-json\/wp\/v2\/types\/post"}],"author":[{"embeddable":true,"href":"https:\/\/numerabilis.u-paris.fr\/medica\/blog\/index.php\/wp-json\/wp\/v2\/users\/1"}],"replies":[{"embeddable":true,"href":"https:\/\/numerabilis.u-paris.fr\/medica\/blog\/index.php\/wp-json\/wp\/v2\/comments?post=5376"}],"version-history":[{"count":9,"href":"https:\/\/numerabilis.u-paris.fr\/medica\/blog\/index.php\/wp-json\/wp\/v2\/posts\/5376\/revisions"}],"predecessor-version":[{"id":5985,"href":"https:\/\/numerabilis.u-paris.fr\/medica\/blog\/index.php\/wp-json\/wp\/v2\/posts\/5376\/revisions\/5985"}],"wp:attachment":[{"href":"https:\/\/numerabilis.u-paris.fr\/medica\/blog\/index.php\/wp-json\/wp\/v2\/media?parent=5376"}],"wp:term":[{"taxonomy":"category","embeddable":true,"href":"https:\/\/numerabilis.u-paris.fr\/medica\/blog\/index.php\/wp-json\/wp\/v2\/categories?post=5376"},{"taxonomy":"post_tag","embeddable":true,"href":"https:\/\/numerabilis.u-paris.fr\/medica\/blog\/index.php\/wp-json\/wp\/v2\/tags?post=5376"}],"curies":[{"name":"wp","href":"https:\/\/api.w.org\/{rel}","templated":true}]}}