{"id":5452,"date":"2014-10-13T11:07:50","date_gmt":"2014-10-13T09:07:50","guid":{"rendered":"https:\/\/numerabilis.u-paris.fr\/medica\/blog\/?p=5452"},"modified":"2018-11-08T10:50:51","modified_gmt":"2018-11-08T09:50:51","slug":"fondation-gueules-cassees-soutient-biu-sante","status":"publish","type":"post","link":"https:\/\/numerabilis.u-paris.fr\/medica\/blog\/index.php\/fondation-gueules-cassees-soutient-biu-sante\/","title":{"rendered":"La Fondation des Gueules Cass\u00e9es soutient la BIU Sant\u00e9"},"content":{"rendered":"<p>Depuis plusieurs ann\u00e9es, la BIU Sant\u00e9 d\u00e9veloppe un fonds documentaire consacr\u00e9 \u00e0 la <strong>chirurgie maxillo-faciale<\/strong>, avec la collaboration scientifique du <a title=\"Devauchelle sur Wikip\u00e9dia\" href=\"https:\/\/fr.wikipedia.org\/wiki\/Bernard_Devauchelle\" target=\"_blank\" rel=\"noopener\"><strong>Pr Bernard Devauchelle<\/strong><\/a> (<em>Universit\u00e9 de Picardie\/CHU d\u2019Amiens<\/em>). La biblioth\u00e8que a d\u00e9j\u00e0 organis\u00e9 avec lui plusieurs <a title=\"Guerre et m\u00e9decine\" href=\"https:\/\/www.biusante.parisdescartes.fr\/histmed\/guerre\/\" target=\"_blank\" rel=\"noopener\">journ\u00e9es d\u2019\u00e9tude sur le th\u00e8me de \u00ab\u00a0<em>Guerre et m\u00e9decine<\/em>\u00a0\u00bb<\/a>\u00a0 en plus du travail en cours dans le cadre de <a title=\"Faire Faces\" href=\"http:\/\/www.institute-facing-faces.eu\/\" target=\"_blank\" rel=\"noopener\">l&rsquo;Institut Faire Faces<\/a>.<\/p>\n<p><img loading=\"lazy\" decoding=\"async\" class=\"alignleft size-full wp-image-6047\" title=\"pont300\" src=\"https:\/\/numerabilis.u-paris.fr\/medica\/blog\/wp-content\/uploads\/pont300.jpg\" alt=\"\" width=\"300\" height=\"215\" \/>En 2012, la biblioth\u00e8que a notamment acquis <a title=\"Billet Alb\u00e9ric Pont\" href=\"https:\/\/numerabilis.u-paris.fr\/medica\/blog\/index.php\/11-novembre-2013-alberic-pont\/\" target=\"_blank\" rel=\"noopener\">la collection du Dr Alb\u00e9ric Pont<\/a>, qui cr\u00e9a, en septembre 1914 \u00e0 Lyon, l\u2019un des tout premiers centres de soins d\u00e9di\u00e9s aux bless\u00e9s et mutil\u00e9s de la face. Cette collection compl\u00e8te, \u00e0 sa mani\u00e8re, la collection Tessier conserv\u00e9e au CHU d\u2019Amiens et <a title=\"Billet collection Tessier\" href=\"https:\/\/numerabilis.u-paris.fr\/medica\/blog\/index.php\/cranes-concrets-exposition-paul-tessier\/\" target=\"_blank\" rel=\"noopener\">r\u00e9cemment expos\u00e9e au mus\u00e9e d\u2019Histoire de la m\u00e9decine de l\u2019universit\u00e9 Paris Descartes<\/a>.<\/p>\n<p>Cet ensemble exceptionnel et vari\u00e9 a \u00e9t\u00e9 num\u00e9ris\u00e9 (<em>1280 images<\/em>), en vue d\u2019une diffusion sur notre site web, en plus de <a title=\"Exposition virtuelle gueules cass\u00e9es\" href=\"https:\/\/www.biusante.parisdescartes.fr\/1418\/\" target=\"_blank\" rel=\"noopener\">l\u2019exposition sur les Gueules Cass\u00e9es<\/a> que nous proposons depuis plusieurs ann\u00e9es.<\/p>\n<p><a title=\"Fondation des Gueules cass\u00e9es\" href=\"http:\/\/www.gueules-cassees.asso.fr\/srub_30-La-fondation.html\" target=\"_blank\" rel=\"noopener\"><img loading=\"lazy\" decoding=\"async\" class=\"alignright size-full wp-image-6045\" title=\"logo\" src=\"https:\/\/numerabilis.u-paris.fr\/medica\/blog\/wp-content\/uploads\/logo.gif\" alt=\"\" width=\"125\" height=\"94\" \/><\/a>Pour compl\u00e9ter ce fonds, la biblioth\u00e8que vient de b\u00e9n\u00e9ficier de l\u2019aide de la <a title=\"Fondation des Gueules cass\u00e9es\" href=\"http:\/\/www.gueules-cassees.asso.fr\/srub_30-La-fondation.html\" target=\"_blank\" rel=\"noopener\">Fondation des \u00ab\u00a0Gueules Cass\u00e9es\u00a0\u00bb<\/a> (<a title=\"Fondation Paris Descartes\" href=\"http:\/\/www.fondation.parisdescartes.fr\/\" target=\"_blank\" rel=\"noopener\"><em>via la Fondation Paris Descartes<\/em><\/a>). La Fondation des \u00ab\u00a0Gueules Cass\u00e9es\u00a0\u00bb a \u00e9t\u00e9 cr\u00e9\u00e9e en 2001 pour aider au d\u00e9veloppement des techniques de r\u00e9paration cr\u00e2nio-maxillo-faciales. Elle constitue une \u00e9manation de l\u2019Union des bless\u00e9s de la face et de la t\u00eate. Cr\u00e9\u00e9e au sortir de la guerre 14-18, cette association reconnue d\u2019utilit\u00e9 publique a depuis \u00e9largi ses missions \u00e0 toutes les victimes d\u2019actes de courage.<\/p>\n<p>Ainsi la BIU Sant\u00e9 a-t-elle pu acqu\u00e9rir un lot de <strong>22 photographies<\/strong> de la fin du XIXe si\u00e8cle. \u0152uvres du <a title=\"Biographie Claude Martin\" href=\"http:\/\/www2.biusante.parisdescartes.fr\/bio\/?cle=754\" target=\"_blank\" rel=\"noopener\">Dr Claude Martin<\/a>, elles figurent les visages, avant et apr\u00e8s intervention, de patients d\u00e9figur\u00e9s soit par des malformations de naissance soit par des accidents.<\/p>\n<p><img loading=\"lazy\" decoding=\"async\" class=\"aligncenter size-full wp-image-5618\" title=\"Martin\" src=\"https:\/\/numerabilis.u-paris.fr\/medica\/blog\/wp-content\/uploads\/Martin.jpg\" alt=\"\" width=\"572\" height=\"362\" srcset=\"https:\/\/numerabilis.u-paris.fr\/medica\/blog\/wp-content\/uploads\/Martin.jpg 572w, https:\/\/numerabilis.u-paris.fr\/medica\/blog\/wp-content\/uploads\/Martin-300x189.jpg 300w\" sizes=\"(max-width: 572px) 85vw, 572px\" \/><\/p>\n<p>L&rsquo;auteur, <strong>le docteur Claude Martin<\/strong>, dentiste de Lyon, \u00e9tait laur\u00e9at de l&rsquo;Acad\u00e9mie et de la facult\u00e9 de m\u00e9decine de Paris, m\u00e9daille d&rsquo;or de la Soci\u00e9t\u00e9 nationale de m\u00e9decine de Lyon, et m\u00e9daille d&rsquo;argent de l&rsquo;Exposition universelle de Paris en 1878.<\/p>\n<p>C&rsquo;est sans doute ce que l&rsquo;on pourrait consid\u00e9rer comme les premiers essais de <strong>chirurgie esth\u00e9tique<\/strong><em>.<\/em><\/p>\n<p>Ce partenariat avec la Fondation des \u00ab\u00a0Gueules Cass\u00e9es\u00a0\u00bb permettra de poursuivre la diffusion et la valorisation de ce patrimoine historique et scientifique, qui int\u00e9resse aussi bien le grand public que les chirurgiens de la face.<\/p>\n<p>N&rsquo;oubliez pas non plus <a title=\"Colloque Gueules cass\u00e9es\" href=\"http:\/\/www.gueules-cassees-2014.org\/\" target=\"_blank\" rel=\"noopener\">le colloque sur les Gueules Cass\u00e9es vendredi et samedi prochains \u00e0 l&rsquo;\u00c9cole militaire de Paris.<br \/>\n<\/a><\/p>\n<h2>En savoir plus<\/h2>\n<p>&#8211; <a title=\"Billet Alb\u00e9ric Pont\" href=\"https:\/\/numerabilis.u-paris.fr\/medica\/blog\/index.php\/11-novembre-2013-alberic-pont\/\" target=\"_blank\" rel=\"noopener\">Notre billet de novembre 2013 \u00e9voquant la collection d&rsquo;Alb\u00e9ric Pont<\/a><\/p>\n<p>&#8211; L&rsquo;exposition <a title=\"Exposition Cr\u00e2nes concrets\" href=\"https:\/\/numerabilis.u-paris.fr\/medica\/blog\/index.php\/cranes-concrets-exposition-paul-tessier\" target=\"_blank\" rel=\"noopener\">\u00ab Cr\u00e2nes concrets, avant-projet d\u2019un solid museum Paul Tessier \u00bb<\/a><\/p>\n<p><a title=\"Don via la Fondation Paris Descartes\" href=\"http:\/\/www.fondation.parisdescartes.fr\/fre\/Don-a-la-Fondation\/Faire-un-don-a-la-fondation-Paris-Descartes\" target=\"_blank\" rel=\"noopener\">Vous pouvez \u00e9galement faire un don \u00e0 la BIU Sant\u00e9 via la Fondation Paris Descartes<\/a><\/p>\n","protected":false},"excerpt":{"rendered":"<p>Depuis plusieurs ann\u00e9es, la BIU Sant\u00e9 d\u00e9veloppe un fonds documentaire consacr\u00e9 \u00e0 la chirurgie maxillo-faciale, avec la collaboration scientifique du Pr Bernard Devauchelle (Universit\u00e9 de Picardie\/CHU d\u2019Amiens). La biblioth\u00e8que a d\u00e9j\u00e0 organis\u00e9 avec lui plusieurs journ\u00e9es d\u2019\u00e9tude sur le th\u00e8me de \u00ab\u00a0Guerre et m\u00e9decine\u00a0\u00bb\u00a0 en plus du travail en cours dans le cadre de l&rsquo;Institut &hellip; <a href=\"https:\/\/numerabilis.u-paris.fr\/medica\/blog\/index.php\/fondation-gueules-cassees-soutient-biu-sante\/\" class=\"more-link\">Continuer la lecture<span class=\"screen-reader-text\"> de &laquo;&nbsp;La Fondation des Gueules Cass\u00e9es soutient la BIU Sant\u00e9&nbsp;&raquo;<\/span><\/a><\/p>\n","protected":false},"author":1,"featured_media":0,"comment_status":"open","ping_status":"open","sticky":false,"template":"","format":"standard","meta":{"_monsterinsights_skip_tracking":false,"_monsterinsights_sitenote_active":false,"_monsterinsights_sitenote_note":"","_monsterinsights_sitenote_category":0,"footnotes":""},"categories":[7],"tags":[34,124,196,100,125,191,197],"class_list":["post-5452","post","type-post","status-publish","format-standard","hentry","category-histoiresante","tag-chirurgie","tag-don","tag-fondation","tag-guerre","tag-gueules-cassees","tag-partenariat","tag-soutien"],"_links":{"self":[{"href":"https:\/\/numerabilis.u-paris.fr\/medica\/blog\/index.php\/wp-json\/wp\/v2\/posts\/5452"}],"collection":[{"href":"https:\/\/numerabilis.u-paris.fr\/medica\/blog\/index.php\/wp-json\/wp\/v2\/posts"}],"about":[{"href":"https:\/\/numerabilis.u-paris.fr\/medica\/blog\/index.php\/wp-json\/wp\/v2\/types\/post"}],"author":[{"embeddable":true,"href":"https:\/\/numerabilis.u-paris.fr\/medica\/blog\/index.php\/wp-json\/wp\/v2\/users\/1"}],"replies":[{"embeddable":true,"href":"https:\/\/numerabilis.u-paris.fr\/medica\/blog\/index.php\/wp-json\/wp\/v2\/comments?post=5452"}],"version-history":[{"count":40,"href":"https:\/\/numerabilis.u-paris.fr\/medica\/blog\/index.php\/wp-json\/wp\/v2\/posts\/5452\/revisions"}],"predecessor-version":[{"id":17777,"href":"https:\/\/numerabilis.u-paris.fr\/medica\/blog\/index.php\/wp-json\/wp\/v2\/posts\/5452\/revisions\/17777"}],"wp:attachment":[{"href":"https:\/\/numerabilis.u-paris.fr\/medica\/blog\/index.php\/wp-json\/wp\/v2\/media?parent=5452"}],"wp:term":[{"taxonomy":"category","embeddable":true,"href":"https:\/\/numerabilis.u-paris.fr\/medica\/blog\/index.php\/wp-json\/wp\/v2\/categories?post=5452"},{"taxonomy":"post_tag","embeddable":true,"href":"https:\/\/numerabilis.u-paris.fr\/medica\/blog\/index.php\/wp-json\/wp\/v2\/tags?post=5452"}],"curies":[{"name":"wp","href":"https:\/\/api.w.org\/{rel}","templated":true}]}}