{"id":5481,"date":"2014-07-25T16:18:09","date_gmt":"2014-07-25T14:18:09","guid":{"rendered":"https:\/\/numerabilis.u-paris.fr\/medica\/blog\/?p=5481"},"modified":"2014-07-25T16:18:09","modified_gmt":"2014-07-25T14:18:09","slug":"ancienne-faculte-medecine-rue-bucherie","status":"publish","type":"post","link":"https:\/\/numerabilis.u-paris.fr\/medica\/blog\/index.php\/ancienne-faculte-medecine-rue-bucherie\/","title":{"rendered":"L&rsquo;ancienne facult\u00e9 de m\u00e9decine, rue de la B\u00fbcherie"},"content":{"rendered":"<h2>Une vue de l&rsquo;ancienne facult\u00e9<\/h2>\n<p>Parmi les <strong>acquisitions r\u00e9centes<\/strong> de la BIU Sant\u00e9, on trouve une gravure repr\u00e9sentant l&rsquo;ancienne facult\u00e9 de m\u00e9decine de Paris, \u00e0 l&rsquo;\u00e9poque o\u00f9 ses locaux se trouvaient <strong>rue de la B\u00fbcherie<\/strong> (340x255mm, marges 360x270mm, \u00e9preuve sur verg\u00e9).<\/p>\n<p><img loading=\"lazy\" decoding=\"async\" class=\"aligncenter size-full wp-image-5488\" title=\"HERSCHER 001\" src=\"https:\/\/numerabilis.u-paris.fr\/medica\/blog\/wp-content\/uploads\/HERSCHER-001.jpg\" alt=\"\" width=\"600\" height=\"800\" srcset=\"https:\/\/numerabilis.u-paris.fr\/medica\/blog\/wp-content\/uploads\/HERSCHER-001.jpg 600w, https:\/\/numerabilis.u-paris.fr\/medica\/blog\/wp-content\/uploads\/HERSCHER-001-225x300.jpg 225w\" sizes=\"(max-width: 709px) 85vw, (max-width: 909px) 67vw, (max-width: 984px) 61vw, (max-width: 1362px) 45vw, 600px\" \/><\/p>\n<p>Le b\u00e2timent repr\u00e9sent\u00e9 existe encore de nos jours, au <strong>18, rue de la B\u00fbcherie<\/strong>.<\/p>\n<p>La gravure, datant de <strong>1907<\/strong>, est l\u2019\u0153uvre d&rsquo;<a title=\"Herscher sur Wikip\u00e9dia\" href=\"https:\/\/fr.wikipedia.org\/wiki\/Ernest-Marie_Herscher\" target=\"_blank\">Ernest-Marie Herscher<\/a> (1870-1936 ou 1939 ?) connu pour ses repr\u00e9sentations du vieux Paris.<\/p>\n<p>Architecte et graveur, il fut \u00e9tudiant \u00e0 l&rsquo;atelier Pascal, puis \u00e0 l&rsquo;\u00c9cole des Beaux-Arts de\u00a0 Paris. Homme aux talents multiples, il fut dessinateur, peintre, graveur, d\u00e9corateur et cr\u00e9ateur de tapisseries, mais aussi architecte et inspecteur des b\u00e2timents civils.<\/p>\n<h2>En savoir plus<\/h2>\n<p><a title=\"Histoire facult\u00e9 M\u00e9decine rue de la B\u00fbcherie\" href=\"http:\/\/pietondeparis.canalblog.com\/archives\/2010\/07\/07\/18525832.html\" target=\"_blank\">L&rsquo;histoire des b\u00e2timents de la facult\u00e9 de m\u00e9decine rue de la B\u00fbcherie<\/a>.<\/p>\n","protected":false},"excerpt":{"rendered":"<p>Une vue de l&rsquo;ancienne facult\u00e9 Parmi les acquisitions r\u00e9centes de la BIU Sant\u00e9, on trouve une gravure repr\u00e9sentant l&rsquo;ancienne facult\u00e9 de m\u00e9decine de Paris, \u00e0 l&rsquo;\u00e9poque o\u00f9 ses locaux se trouvaient rue de la B\u00fbcherie (340x255mm, marges 360x270mm, \u00e9preuve sur verg\u00e9). Le b\u00e2timent repr\u00e9sent\u00e9 existe encore de nos jours, au 18, rue de la B\u00fbcherie. &hellip; <a href=\"https:\/\/numerabilis.u-paris.fr\/medica\/blog\/index.php\/ancienne-faculte-medecine-rue-bucherie\/\" class=\"more-link\">Continuer la lecture<span class=\"screen-reader-text\"> de &laquo;&nbsp;L&rsquo;ancienne facult\u00e9 de m\u00e9decine, rue de la B\u00fbcherie&nbsp;&raquo;<\/span><\/a><\/p>\n","protected":false},"author":1,"featured_media":0,"comment_status":"open","ping_status":"open","sticky":false,"template":"","format":"standard","meta":{"_monsterinsights_skip_tracking":false,"_monsterinsights_sitenote_active":false,"_monsterinsights_sitenote_note":"","_monsterinsights_sitenote_category":0,"footnotes":""},"categories":[7],"tags":[54,180,28],"class_list":["post-5481","post","type-post","status-publish","format-standard","hentry","category-histoiresante","tag-20e-s","tag-acquisition","tag-histoire-de-la-medecine"],"_links":{"self":[{"href":"https:\/\/numerabilis.u-paris.fr\/medica\/blog\/index.php\/wp-json\/wp\/v2\/posts\/5481"}],"collection":[{"href":"https:\/\/numerabilis.u-paris.fr\/medica\/blog\/index.php\/wp-json\/wp\/v2\/posts"}],"about":[{"href":"https:\/\/numerabilis.u-paris.fr\/medica\/blog\/index.php\/wp-json\/wp\/v2\/types\/post"}],"author":[{"embeddable":true,"href":"https:\/\/numerabilis.u-paris.fr\/medica\/blog\/index.php\/wp-json\/wp\/v2\/users\/1"}],"replies":[{"embeddable":true,"href":"https:\/\/numerabilis.u-paris.fr\/medica\/blog\/index.php\/wp-json\/wp\/v2\/comments?post=5481"}],"version-history":[{"count":22,"href":"https:\/\/numerabilis.u-paris.fr\/medica\/blog\/index.php\/wp-json\/wp\/v2\/posts\/5481\/revisions"}],"predecessor-version":[{"id":5546,"href":"https:\/\/numerabilis.u-paris.fr\/medica\/blog\/index.php\/wp-json\/wp\/v2\/posts\/5481\/revisions\/5546"}],"wp:attachment":[{"href":"https:\/\/numerabilis.u-paris.fr\/medica\/blog\/index.php\/wp-json\/wp\/v2\/media?parent=5481"}],"wp:term":[{"taxonomy":"category","embeddable":true,"href":"https:\/\/numerabilis.u-paris.fr\/medica\/blog\/index.php\/wp-json\/wp\/v2\/categories?post=5481"},{"taxonomy":"post_tag","embeddable":true,"href":"https:\/\/numerabilis.u-paris.fr\/medica\/blog\/index.php\/wp-json\/wp\/v2\/tags?post=5481"}],"curies":[{"name":"wp","href":"https:\/\/api.w.org\/{rel}","templated":true}]}}