{"id":5636,"date":"2014-07-31T14:00:38","date_gmt":"2014-07-31T12:00:38","guid":{"rendered":"https:\/\/numerabilis.u-paris.fr\/medica\/blog\/?p=5636"},"modified":"2014-08-27T09:03:02","modified_gmt":"2014-08-27T07:03:02","slug":"rappel-photos-pharmacie-monde","status":"publish","type":"post","link":"https:\/\/numerabilis.u-paris.fr\/medica\/blog\/index.php\/rappel-photos-pharmacie-monde\/","title":{"rendered":"[Rappel] Photos des pharmacies du monde"},"content":{"rendered":"<h2>Pharmacies autour du monde<\/h2>\n<p>C&rsquo;est le milieu des <strong>grandes vacances<\/strong>. Et vous, nos lecteurs, \u00eates \u00e9parpill\u00e9s aux quatre coins de l&rsquo;Hexagone, voire du Monde &#8211; avant de nous revenir frais et dispos en septembre.<\/p>\n<figure id=\"attachment_5308\" aria-describedby=\"caption-attachment-5308\" style=\"width: 500px\" class=\"wp-caption aligncenter\"><img loading=\"lazy\" decoding=\"async\" class=\" wp-image-5308 \" style=\"border: 1px solid black;\" title=\"0003_small\" src=\"https:\/\/numerabilis.u-paris.fr\/medica\/blog\/wp-content\/uploads\/0003_small.jpg\" alt=\"\" width=\"500\" height=\"371\" srcset=\"https:\/\/numerabilis.u-paris.fr\/medica\/blog\/wp-content\/uploads\/0003_small.jpg 500w, https:\/\/numerabilis.u-paris.fr\/medica\/blog\/wp-content\/uploads\/0003_small-300x222.jpg 300w\" sizes=\"(max-width: 500px) 85vw, 500px\" \/><figcaption id=\"caption-attachment-5308\" class=\"wp-caption-text\">Photographie d&rsquo;une pharmacie en Chine, prise par M. Nanta, pharmacien-major du corps exp\u00e9ditionnaire fran\u00e7ais de 1900. Cote BIU Sant\u00e9 Pharmacie Dossier 322-13<\/figcaption><\/figure>\n<p>Pendant ces cong\u00e9s, oubliez votre quotidien, mais gardez une petite place dans votre c\u0153ur pour la BIU Sant\u00e9 : s&rsquo;il vous arrive de croiser, au cours de vos voyages, une <strong>pharmacie<\/strong> hors du commun, qu&rsquo;il s&rsquo;agisse d&rsquo;une boutique ancienne, jolie, amusante, inattendue, ou simplement importante \u00e0 vos yeux, n&rsquo;h\u00e9sitez pas \u00e0 nous en envoyer une photographie.<\/p>\n<figure id=\"attachment_5297\" aria-describedby=\"caption-attachment-5297\" style=\"width: 640px\" class=\"wp-caption alignleft\"><a title=\"Pharmacie Cuba\" href=\"https:\/\/commons.wikimedia.org\/wiki\/File:Havana_-_Cuba_-_0503.jpg\" target=\"_blank\"><img loading=\"lazy\" decoding=\"async\" class=\"size-full wp-image-5297\" title=\"640px-Havana_-_Cuba_-_0503\" src=\"https:\/\/numerabilis.u-paris.fr\/medica\/blog\/wp-content\/uploads\/640px-Havana_-_Cuba_-_0503.jpg\" alt=\"\" width=\"640\" height=\"427\" srcset=\"https:\/\/numerabilis.u-paris.fr\/medica\/blog\/wp-content\/uploads\/640px-Havana_-_Cuba_-_0503.jpg 640w, https:\/\/numerabilis.u-paris.fr\/medica\/blog\/wp-content\/uploads\/640px-Havana_-_Cuba_-_0503-300x200.jpg 300w\" sizes=\"(max-width: 709px) 85vw, (max-width: 909px) 67vw, (max-width: 984px) 61vw, (max-width: 1362px) 45vw, 600px\" \/><\/a><figcaption id=\"caption-attachment-5297\" class=\"wp-caption-text\">Old Sarra Pharmacy. Havana (La Habana), Cuba. Jorge Royan.<\/figcaption><\/figure>\n<p>&nbsp;<\/p>\n<p>Nous nous ferons un plaisir de publier les plus beaux clich\u00e9s que vous voudrez bien nous faire parvenir.<\/p>\n<p>Envoyez vos photographies \u00e0 l&rsquo;adresse suivante : <a title=\"Adresse blog\" href=\"&#x6d;&#x61;&#105;l&#x74;&#x6f;&#58;&#98;l&#x6f;&#x67;&#64;&#98;i&#x75;&#x73;&#97;nt&#x65;&#x2e;&#112;a&#x72;&#x69;&#115;&#100;e&#x73;&#x63;&#97;&#114;t&#x65;&#x73;&#46;fr\" target=\"_blank\">&#x62;l&#x6f;&#103;&#64;&#x62;&#105;&#x75;&#115;a&#x6e;&#116;&#x65;&#46;p&#x61;&#114;&#x69;&#x73;d&#x65;&#115;c&#x61;&#114;&#x74;&#101;s&#x2e;&#102;&#x72;<\/a><\/p>\n<p style=\"text-align: right;\"><em>Toute l&rsquo;\u00e9quipe de la BIU Sant\u00e9 vous souhaite un bel \u00e9t\u00e9<\/em>.<\/p>\n","protected":false},"excerpt":{"rendered":"<p>Pharmacies autour du monde C&rsquo;est le milieu des grandes vacances. Et vous, nos lecteurs, \u00eates \u00e9parpill\u00e9s aux quatre coins de l&rsquo;Hexagone, voire du Monde &#8211; avant de nous revenir frais et dispos en septembre. Pendant ces cong\u00e9s, oubliez votre quotidien, mais gardez une petite place dans votre c\u0153ur pour la BIU Sant\u00e9 : s&rsquo;il vous &hellip; <a href=\"https:\/\/numerabilis.u-paris.fr\/medica\/blog\/index.php\/rappel-photos-pharmacie-monde\/\" class=\"more-link\">Continuer la lecture<span class=\"screen-reader-text\"> de &laquo;&nbsp;[Rappel] Photos des pharmacies du monde&nbsp;&raquo;<\/span><\/a><\/p>\n","protected":false},"author":1,"featured_media":0,"comment_status":"open","ping_status":"open","sticky":false,"template":"","format":"standard","meta":{"_monsterinsights_skip_tracking":false,"_monsterinsights_sitenote_active":false,"_monsterinsights_sitenote_note":"","_monsterinsights_sitenote_category":0,"footnotes":""},"categories":[15],"tags":[177],"class_list":["post-5636","post","type-post","status-publish","format-standard","hentry","category-pharmacie-biologie-cosmetologie","tag-concours"],"_links":{"self":[{"href":"https:\/\/numerabilis.u-paris.fr\/medica\/blog\/index.php\/wp-json\/wp\/v2\/posts\/5636"}],"collection":[{"href":"https:\/\/numerabilis.u-paris.fr\/medica\/blog\/index.php\/wp-json\/wp\/v2\/posts"}],"about":[{"href":"https:\/\/numerabilis.u-paris.fr\/medica\/blog\/index.php\/wp-json\/wp\/v2\/types\/post"}],"author":[{"embeddable":true,"href":"https:\/\/numerabilis.u-paris.fr\/medica\/blog\/index.php\/wp-json\/wp\/v2\/users\/1"}],"replies":[{"embeddable":true,"href":"https:\/\/numerabilis.u-paris.fr\/medica\/blog\/index.php\/wp-json\/wp\/v2\/comments?post=5636"}],"version-history":[{"count":7,"href":"https:\/\/numerabilis.u-paris.fr\/medica\/blog\/index.php\/wp-json\/wp\/v2\/posts\/5636\/revisions"}],"predecessor-version":[{"id":5657,"href":"https:\/\/numerabilis.u-paris.fr\/medica\/blog\/index.php\/wp-json\/wp\/v2\/posts\/5636\/revisions\/5657"}],"wp:attachment":[{"href":"https:\/\/numerabilis.u-paris.fr\/medica\/blog\/index.php\/wp-json\/wp\/v2\/media?parent=5636"}],"wp:term":[{"taxonomy":"category","embeddable":true,"href":"https:\/\/numerabilis.u-paris.fr\/medica\/blog\/index.php\/wp-json\/wp\/v2\/categories?post=5636"},{"taxonomy":"post_tag","embeddable":true,"href":"https:\/\/numerabilis.u-paris.fr\/medica\/blog\/index.php\/wp-json\/wp\/v2\/tags?post=5636"}],"curies":[{"name":"wp","href":"https:\/\/api.w.org\/{rel}","templated":true}]}}