{"id":6151,"date":"2014-10-21T16:07:34","date_gmt":"2014-10-21T14:07:34","guid":{"rendered":"https:\/\/numerabilis.u-paris.fr\/medica\/blog\/?p=6151"},"modified":"2014-10-21T16:10:09","modified_gmt":"2014-10-21T14:10:09","slug":"medecine-sante-haut-moyen-age","status":"publish","type":"post","link":"https:\/\/numerabilis.u-paris.fr\/medica\/blog\/index.php\/medecine-sante-haut-moyen-age\/","title":{"rendered":"M\u00e9decine et sant\u00e9 au Haut Moyen \u00c2ge"},"content":{"rendered":"<p>Le groupe de contact F.R.S.-FNRS TRANSLATIO Antiquit\u00e9 Tardive \u2013 Haut Moyen \u00c2ge (IVe-Xe si\u00e8cle) organise sa <em>2e journ\u00e9e d\u2019\u00e9tude<\/em> le <strong>7 novembre 2014<\/strong>, en association avec le <a title=\"CNHS\" href=\"http:\/\/www.astrolabium.be\/\" target=\"_blank\">Centre national d&rsquo;histoire des sciences<\/a>.<\/p>\n<p>Elle aura pour th\u00e8me <strong>\u00ab M\u00e9decine et sant\u00e9 au Haut Moyen \u00c2ge \u00bb<\/strong>.<\/p>\n<p>Cette manifestation se tiendra \u00e0 la <strong>biblioth\u00e8que royale de Belgique<\/strong> (<em>park room<\/em>),<br \/>\n4, boulevard de l\u2019Empereur, 1000 Bruxelles.<\/p>\n<p>Programme de la journ\u00e9e :<\/p>\n<p><img loading=\"lazy\" decoding=\"async\" class=\"alignright size-full wp-image-6166\" title=\"Translatio JE 2\" src=\"https:\/\/numerabilis.u-paris.fr\/medica\/blog\/wp-content\/uploads\/Translatio-JE-2.png\" alt=\"\" width=\"395\" height=\"562\" srcset=\"https:\/\/numerabilis.u-paris.fr\/medica\/blog\/wp-content\/uploads\/Translatio-JE-2.png 395w, https:\/\/numerabilis.u-paris.fr\/medica\/blog\/wp-content\/uploads\/Translatio-JE-2-210x300.png 210w\" sizes=\"(max-width: 395px) 85vw, 395px\" \/><strong>Matin\u00e9e\u00a0<\/strong><\/p>\n<p><strong>&#8211; 9h30<\/strong>, accueil<\/p>\n<p><strong>&#8211; 10h<\/strong>, mot d\u2019ouverture<\/p>\n<p><strong>&#8211; 10h15<\/strong>, <strong>Genevi\u00e8ve XHAYET<\/strong> (ULg) : <em>Formules de validation dans les recettes m\u00e9dicales du Haut Moyen \u00c2ge <\/em><\/p>\n<p><strong>&#8211; 11h<\/strong>, pause<\/p>\n<p><strong>&#8211; 11h15<\/strong>,<strong> Vincent VANDENBERG<\/strong> (ULB) : <em>Soigner l\u2019homme par l\u2019homme : le cannibalisme m\u00e9dical <\/em><\/p>\n<p><strong>&#8211; 11h50<\/strong>, <strong>Sophie GLANSDORFF<\/strong> (CNHS) : <em>Prot\u00e9ger et soigner l\u2019animal au Haut Moyen \u00c2ge\u00a0<\/em><\/p>\n<p><strong>&#8211; 12h45<\/strong>, repas<\/p>\n<p><strong>Apr\u00e8s-midi<\/strong><\/p>\n<p><strong>&#8211; 14h<\/strong>, <strong>Lucien REYNHOUT<\/strong> (KBR) : <em>Quelques manuscrits scientifiques de la Biblioth\u00e8que royale (Visite du Cabinet des Manuscrits) <\/em><\/p>\n<p><strong>&#8211; 15h<\/strong>, pause<\/p>\n<p><strong>&#8211; 15h15,<\/strong> <strong>Caroline POLET<\/strong> (IRSNB) : <em>Hygi\u00e8ne et sant\u00e9 dans les populations anciennes : l\u2019apport de l\u2019anthropologie biologique <\/em><\/p>\n<p><strong>&#8211; 15h50<\/strong>, <strong>V\u00e9ronique GALLIEN<\/strong> (INRAP) : <em>Le r\u00f4le de la pathologie dans la caract\u00e9risation des populations historiques \u00e0 partir de trois \u00e9tudes de cas <\/em><\/p>\n<p><strong>&#8211; 16h45<\/strong>, fin de la journ\u00e9e<\/p>\n<p>Participation libre avec inscription (lunch 11 euros, paiement sur place) <strong>avant le lundi 27 octobre<\/strong> : <a title=\"Adresse Glansdorff\" href=\"mail&#116;&#111;&#58;&#115;&#103;&#108;&#97;&#x6e;&#x73;&#x64;&#x6f;&#x72;&#x66;&#x66;&#x40;&#x61;stro&#108;&#97;&#98;&#105;&#117;&#109;&#46;&#x62;&#x65;\" target=\"_blank\">&#115;&#x67;&#x6c;a&#110;&#x73;&#x64;o&#114;&#x66;f&#64;&#x61;&#x73;t&#114;&#x6f;l&#97;&#x62;&#x69;u&#109;&#x2e;&#x62;&#101;<\/a><\/p>\n<div id=\"schema_block\" class=\"schema_event\"><div itemscope itemtype=\"http:\/\/schema.org\/EducationEvent\"><div class=\"schema_name\" itemprop=\"name\">Sant\u00e9 &amp; m\u00e9decine au Haut Moyen \u00c2ge<\/div><div><meta itemprop=\"startDate\" content=\"2014-11-07T9:30\">Debut: 11\/07\/2014 09:30 am<\/div><\/div><div itemprop=\"address\" itemscope itemtype=\"http:\/\/schema.org\/PostalAddress\"><div class=\"street\" itemprop=\"streetAddress\">Biblioth\u00e8que royale de Belgique (park room), 4, boulevard de l'Empereur<\/div><div class=\"city_state\"><span class=\"locale\" itemprop=\"addressLocality\">Bruxelles<\/span><\/div><div class=\"postalcode\" itemprop=\"postalCode\">1000<\/div><div class=\"country\" itemprop=\"addressCountry\">BE<\/div><\/div><\/div>\n","protected":false},"excerpt":{"rendered":"<p>Le groupe de contact F.R.S.-FNRS TRANSLATIO Antiquit\u00e9 Tardive \u2013 Haut Moyen \u00c2ge (IVe-Xe si\u00e8cle) organise sa 2e journ\u00e9e d\u2019\u00e9tude le 7 novembre 2014, en association avec le Centre national d&rsquo;histoire des sciences. Elle aura pour th\u00e8me \u00ab M\u00e9decine et sant\u00e9 au Haut Moyen \u00c2ge \u00bb. Cette manifestation se tiendra \u00e0 la biblioth\u00e8que royale de Belgique &hellip; <a href=\"https:\/\/numerabilis.u-paris.fr\/medica\/blog\/index.php\/medecine-sante-haut-moyen-age\/\" class=\"more-link\">Continuer la lecture<span class=\"screen-reader-text\"> de &laquo;&nbsp;M\u00e9decine et sant\u00e9 au Haut Moyen \u00c2ge&nbsp;&raquo;<\/span><\/a><\/p>\n","protected":false},"author":1,"featured_media":0,"comment_status":"open","ping_status":"open","sticky":false,"template":"","format":"standard","meta":{"_monsterinsights_skip_tracking":false,"_monsterinsights_sitenote_active":false,"_monsterinsights_sitenote_note":"","_monsterinsights_sitenote_category":0,"footnotes":""},"categories":[7],"tags":[107,57],"class_list":["post-6151","post","type-post","status-publish","format-standard","hentry","category-histoiresante","tag-colloque-congres-je","tag-moyen-age"],"_links":{"self":[{"href":"https:\/\/numerabilis.u-paris.fr\/medica\/blog\/index.php\/wp-json\/wp\/v2\/posts\/6151"}],"collection":[{"href":"https:\/\/numerabilis.u-paris.fr\/medica\/blog\/index.php\/wp-json\/wp\/v2\/posts"}],"about":[{"href":"https:\/\/numerabilis.u-paris.fr\/medica\/blog\/index.php\/wp-json\/wp\/v2\/types\/post"}],"author":[{"embeddable":true,"href":"https:\/\/numerabilis.u-paris.fr\/medica\/blog\/index.php\/wp-json\/wp\/v2\/users\/1"}],"replies":[{"embeddable":true,"href":"https:\/\/numerabilis.u-paris.fr\/medica\/blog\/index.php\/wp-json\/wp\/v2\/comments?post=6151"}],"version-history":[{"count":9,"href":"https:\/\/numerabilis.u-paris.fr\/medica\/blog\/index.php\/wp-json\/wp\/v2\/posts\/6151\/revisions"}],"predecessor-version":[{"id":6232,"href":"https:\/\/numerabilis.u-paris.fr\/medica\/blog\/index.php\/wp-json\/wp\/v2\/posts\/6151\/revisions\/6232"}],"wp:attachment":[{"href":"https:\/\/numerabilis.u-paris.fr\/medica\/blog\/index.php\/wp-json\/wp\/v2\/media?parent=6151"}],"wp:term":[{"taxonomy":"category","embeddable":true,"href":"https:\/\/numerabilis.u-paris.fr\/medica\/blog\/index.php\/wp-json\/wp\/v2\/categories?post=6151"},{"taxonomy":"post_tag","embeddable":true,"href":"https:\/\/numerabilis.u-paris.fr\/medica\/blog\/index.php\/wp-json\/wp\/v2\/tags?post=6151"}],"curies":[{"name":"wp","href":"https:\/\/api.w.org\/{rel}","templated":true}]}}