{"id":6371,"date":"2014-11-14T13:19:24","date_gmt":"2014-11-14T12:19:24","guid":{"rendered":"https:\/\/numerabilis.u-paris.fr\/medica\/blog\/?p=6371"},"modified":"2014-11-14T13:21:58","modified_gmt":"2014-11-14T12:21:58","slug":"prix-2014-societe-francaise-histoire-medecine","status":"publish","type":"post","link":"https:\/\/numerabilis.u-paris.fr\/medica\/blog\/index.php\/prix-2014-societe-francaise-histoire-medecine\/","title":{"rendered":"Prix 2014 de la Soci\u00e9t\u00e9 Fran\u00e7aise d&rsquo;Histoire de la M\u00e9decine"},"content":{"rendered":"<p>La <a title=\"Soci\u00e9t\u00e9 fran\u00e7aise d'histoire de la m\u00e9decine\" href=\"https:\/\/www.biusante.parisdescartes.fr\/sfhm\/debut.htm\" target=\"_blank\">Soci\u00e9t\u00e9 Fran\u00e7aise d\u2019Histoire de la M\u00e9decine<\/a> d\u00e9cerne chaque ann\u00e9e deux prix donnant droit au titre de <strong>laur\u00e9at de la Soci\u00e9t\u00e9<\/strong>.<\/p>\n<p>Ces prix concernent des <strong>m\u00e9moires de master ou des th\u00e8ses<\/strong> consacr\u00e9s \u00e0 l\u2019<strong>histoire de la m\u00e9decine<\/strong>, publi\u00e9s ou soutenus, en langue fran\u00e7aise, durant les 24 mois pr\u00e9c\u00e9dant le mois d\u2019octobre de l\u2019ann\u00e9e en cours.<\/p>\n<p>Ces prix sont attribu\u00e9s de la mani\u00e8re suivante :<br \/>\n&#8211; l\u2019un au titre d\u2019une th\u00e8se ou d\u2019un m\u00e9moire de master \u00e9manant d\u2019une facult\u00e9 de m\u00e9decine ;<br \/>\n&#8211; et l\u2019autre au titre d\u2019une th\u00e8se ou d\u2019un m\u00e9moire de master \u00e9manant d\u2019une facult\u00e9 ou d\u2019une \u00e9cole \u00ab <em>autre que m\u00e9decine<\/em> \u00bb.<\/p>\n<figure id=\"attachment_3477\" aria-describedby=\"caption-attachment-3477\" style=\"width: 500px\" class=\"wp-caption aligncenter\"><img loading=\"lazy\" decoding=\"async\" class=\"size-full wp-image-3477\" title=\"vicqacc5\" src=\"https:\/\/numerabilis.u-paris.fr\/medica\/blog\/wp-content\/uploads\/vicqacc51.gif\" alt=\"\" width=\"500\" height=\"384\" srcset=\"https:\/\/numerabilis.u-paris.fr\/medica\/blog\/wp-content\/uploads\/vicqacc51.gif 500w, https:\/\/numerabilis.u-paris.fr\/medica\/blog\/wp-content\/uploads\/vicqacc51-300x230.gif 300w\" sizes=\"(max-width: 500px) 85vw, 500px\" \/><figcaption id=\"caption-attachment-3477\" class=\"wp-caption-text\">F\u00e9lix Vicq d&rsquo;Azyr. Frontispice du Trait\u00e9 d&rsquo;anatomie et de physiologie (F-A Didot, 1786).<\/figcaption><\/figure>\n<p>Chaque prix donne droit \u00e0 une m\u00e9daille de la soci\u00e9t\u00e9 grav\u00e9e au nom du laur\u00e9at et sera accompagn\u00e9 d\u2019un ch\u00e8que (d\u2019un montant variable d\u00e9cid\u00e9 chaque ann\u00e9e par le CA), \u00e0 condition que le candidat assiste \u00e0 la s\u00e9ance de proclamation et de remise des prix lors de la s\u00e9ance solennelle du mois de mars.<\/p>\n<p>Les candidats doivent envoyer deux exemplaires de leur m\u00e9moire ou th\u00e8se, accompagn\u00e9s d\u2019une notice biographique, <strong>avant 31 d\u00e9cembre 2014<\/strong> \u00e0 l\u2019adresse suivante :<\/p>\n<p><a title=\"Adresse Guy Cobolet\" href=\"m&#97;&#105;&#x6c;&#x74;&#x6f;&#x3a;g&#117;&#121;&#46;&#x63;&#x6f;&#x62;ol&#101;&#116;&#x40;&#x62;&#x69;us&#97;&#110;&#x74;&#x65;&#x2e;pa&#114;&#105;&#x73;&#x64;&#x65;sc&#97;&#114;&#x74;&#x65;&#x73;&#46;f&#114;\" target=\"_blank\">M. Guy COBOLET<\/a><br \/>\nBiblioth\u00e8que Interuniversitaire de Sant\u00e9<br \/>\n12, rue de l\u2019\u00c9cole-de-M\u00e9decine<br \/>\n75270 PARIS Cedex 06<\/p>\n<h2>En savoir plus<\/h2>\n<p><a title=\"Prix SFHM\" href=\"www.biusante.parisdescartes.fr\/sfhm\/prix.htm\" target=\"_blank\">Page de pr\u00e9sentation du prix avec palmar\u00e8s des ann\u00e9es pr\u00e9c\u00e9dentes<\/a><\/p>\n","protected":false},"excerpt":{"rendered":"<p>La Soci\u00e9t\u00e9 Fran\u00e7aise d\u2019Histoire de la M\u00e9decine d\u00e9cerne chaque ann\u00e9e deux prix donnant droit au titre de laur\u00e9at de la Soci\u00e9t\u00e9. Ces prix concernent des m\u00e9moires de master ou des th\u00e8ses consacr\u00e9s \u00e0 l\u2019histoire de la m\u00e9decine, publi\u00e9s ou soutenus, en langue fran\u00e7aise, durant les 24 mois pr\u00e9c\u00e9dant le mois d\u2019octobre de l\u2019ann\u00e9e en cours. &hellip; <a href=\"https:\/\/numerabilis.u-paris.fr\/medica\/blog\/index.php\/prix-2014-societe-francaise-histoire-medecine\/\" class=\"more-link\">Continuer la lecture<span class=\"screen-reader-text\"> de &laquo;&nbsp;Prix 2014 de la Soci\u00e9t\u00e9 Fran\u00e7aise d&rsquo;Histoire de la M\u00e9decine&nbsp;&raquo;<\/span><\/a><\/p>\n","protected":false},"author":1,"featured_media":0,"comment_status":"open","ping_status":"open","sticky":false,"template":"","format":"standard","meta":{"_monsterinsights_skip_tracking":false,"_monsterinsights_sitenote_active":false,"_monsterinsights_sitenote_note":"","_monsterinsights_sitenote_category":0,"footnotes":""},"categories":[7],"tags":[28,147],"class_list":["post-6371","post","type-post","status-publish","format-standard","hentry","category-histoiresante","tag-histoire-de-la-medecine","tag-prix"],"_links":{"self":[{"href":"https:\/\/numerabilis.u-paris.fr\/medica\/blog\/index.php\/wp-json\/wp\/v2\/posts\/6371"}],"collection":[{"href":"https:\/\/numerabilis.u-paris.fr\/medica\/blog\/index.php\/wp-json\/wp\/v2\/posts"}],"about":[{"href":"https:\/\/numerabilis.u-paris.fr\/medica\/blog\/index.php\/wp-json\/wp\/v2\/types\/post"}],"author":[{"embeddable":true,"href":"https:\/\/numerabilis.u-paris.fr\/medica\/blog\/index.php\/wp-json\/wp\/v2\/users\/1"}],"replies":[{"embeddable":true,"href":"https:\/\/numerabilis.u-paris.fr\/medica\/blog\/index.php\/wp-json\/wp\/v2\/comments?post=6371"}],"version-history":[{"count":4,"href":"https:\/\/numerabilis.u-paris.fr\/medica\/blog\/index.php\/wp-json\/wp\/v2\/posts\/6371\/revisions"}],"predecessor-version":[{"id":6421,"href":"https:\/\/numerabilis.u-paris.fr\/medica\/blog\/index.php\/wp-json\/wp\/v2\/posts\/6371\/revisions\/6421"}],"wp:attachment":[{"href":"https:\/\/numerabilis.u-paris.fr\/medica\/blog\/index.php\/wp-json\/wp\/v2\/media?parent=6371"}],"wp:term":[{"taxonomy":"category","embeddable":true,"href":"https:\/\/numerabilis.u-paris.fr\/medica\/blog\/index.php\/wp-json\/wp\/v2\/categories?post=6371"},{"taxonomy":"post_tag","embeddable":true,"href":"https:\/\/numerabilis.u-paris.fr\/medica\/blog\/index.php\/wp-json\/wp\/v2\/tags?post=6371"}],"curies":[{"name":"wp","href":"https:\/\/api.w.org\/{rel}","templated":true}]}}