{"id":6423,"date":"2015-02-19T14:00:16","date_gmt":"2015-02-19T13:00:16","guid":{"rendered":"https:\/\/numerabilis.u-paris.fr\/medica\/blog\/?p=6423"},"modified":"2015-02-13T18:19:45","modified_gmt":"2015-02-13T17:19:45","slug":"nouvelles-mvad-2014","status":"publish","type":"post","link":"https:\/\/numerabilis.u-paris.fr\/medica\/blog\/index.php\/nouvelles-mvad-2014\/","title":{"rendered":"Actualit\u00e9 du Mus\u00e9e virtuel de l&rsquo;art dentaire"},"content":{"rendered":"<h2>Des nouvelles du MVAD<\/h2>\n<p style=\"text-align: left;\" align=\"center\">En <strong>novembre 2014<\/strong>, <a title=\"MVAD\" href=\"https:\/\/www.biusante.parisdescartes.fr\/mvad\" target=\"_blank\">le Mus\u00e9e virtuel de l&rsquo;art dentaire <\/a>a \u00e9t\u00e9 pr\u00e9sent\u00e9 au <strong>colloque de mus\u00e9ologie m\u00e9dicale consacr\u00e9 aux collections d&rsquo;art dentaire,<\/strong> qui se tenait \u00e0 <strong>Turin<\/strong>.<\/p>\n<p style=\"text-align: left;\" align=\"center\"><a title=\"MVAD\" href=\"https:\/\/www.biusante.parisdescartes.fr\/mvad\" target=\"_blank\"><img loading=\"lazy\" decoding=\"async\" class=\"aligncenter  wp-image-7032\" title=\"mvad\" src=\"https:\/\/numerabilis.u-paris.fr\/medica\/blog\/wp-content\/uploads\/mvad.jpg\" alt=\"\" width=\"600\" height=\"471\" srcset=\"https:\/\/numerabilis.u-paris.fr\/medica\/blog\/wp-content\/uploads\/mvad.jpg 600w, https:\/\/numerabilis.u-paris.fr\/medica\/blog\/wp-content\/uploads\/mvad-300x235.jpg 300w\" sizes=\"(max-width: 709px) 85vw, (max-width: 909px) 67vw, (max-width: 984px) 61vw, (max-width: 1362px) 45vw, 600px\" \/><\/a><\/p>\n<p style=\"text-align: left;\" align=\"center\">Vous trouverez ci-dessous un compte-rendu de cette manifestation, r\u00e9dig\u00e9 par <strong>Pierre Baron<\/strong> et<strong> Micheline-Ruel-Kellermann<\/strong>.<\/p>\n<p>\u00ab <em>Le colloque de <strong>Mus\u00e9ologie m\u00e9dicale consacr\u00e9 aux collections d\u2019art dentaire, principalement en Italie s\u2019est tenu \u00e0 la Dental School de Turin les 6-7 novembre 2014.<\/strong><\/em><\/p>\n<p><em>Deux communications sur vingt-quatre n\u2019\u00e9taient pas italiennes, l\u2019une espagnole et l\u2019autre fran\u00e7aise pr\u00e9sentant le MVAD. Nous en avons retenu que les conservateurs de mus\u00e9e sont confront\u00e9s en Italie aux m\u00eames probl\u00e8mes qu\u2019en France\u00a0: cr\u00e9dits, locaux, manque de personnes comp\u00e9tentes et responsables et de personnel, et que les interrogations sur l\u2019avenir sont identiques. Il y a toutefois des diff\u00e9rences notables. Tout d\u2019abord il y a un bien plus grand nombre de mus\u00e9es et de personnes passionn\u00e9es de bonne volont\u00e9. Cet \u00e9tat de fait est d\u00fb au cloisonnement entre m\u00e9decine et chirurgie dentaire quasi inexistant, prolongement logique du dipl\u00f4me de stomatologiste en vigueur jusqu\u2019en 1982 remplac\u00e9 par celui de chirurgien-dentiste \u00e0 cette date. Autres avantages \u00e9vidents, un grand nombre de professeurs d\u2019universit\u00e9, m\u00e9decins, chirurgiens ou chirurgiens-dentistes consacrent du temps aux mus\u00e9es. Cela fait partie de leur travail universitaire. Si l\u2019on compare \u00e0 la situation fran\u00e7aise, force est de constater\u00a0que nous avons<\/em><\/p>\n<ul>\n<li><em>Moins de mus\u00e9es<\/em><\/li>\n<li><em>Pas de chaire d\u2019histoire de la m\u00e9decine<\/em><\/li>\n<li><em>Pas de professeurs d\u2019universit\u00e9 consacrant du temps pour les mus\u00e9es<\/em><\/li>\n<li><em>Aucune visibilit\u00e9 mat\u00e9rielle ou financi\u00e8re<\/em><\/li>\n<\/ul>\n<p><em>Mais notre MVAD s\u2019est av\u00e9r\u00e9 tr\u00e8s en avance sur le syst\u00e8me italien. Sa pr\u00e9sentation en italien par Pierre Baron a \u00e9t\u00e9 salu\u00e9e unanimement et suivie d\u2019une discussion anim\u00e9e. Une haute responsable des mus\u00e9es de m\u00e9decine pour toute l\u2019Italie en concluant que l\u2019avenir \u00e9tait bien le virtuel nous a confort\u00e9s dans l\u2019id\u00e9e que le MVAD \u00e9tait totalement d\u2019avant-garde, tant par son existence que par le choix scientifique de pr\u00e9sentation historique.<\/em><\/p>\n<p><em>Ce congr\u00e8s a donc \u00e9t\u00e9 tr\u00e8s riche d\u2019enseignement<strong>. <\/strong>Les Italiens projettent de faire un recensement du patrimoine de toutes les collections concernant la chirurgie dentaire, toutes \u00e9poques confondues, t\u00e9moin de l\u2019\u00e9volution technique de la science odontologique, mais la France est pour l\u2019instant en t\u00eate\u00a0!<\/em> \u00bb<\/p>\n<h2>Interview au congr\u00e8s de l&rsquo;ADF<\/h2>\n<p style=\"text-align: left;\" align=\"center\">Autre manifestation, le congr\u00e8s annuel de l&rsquo;<strong>Association dentaire fran\u00e7aise<\/strong> (ADF). Dans ce cadre a \u00e9t\u00e9 r\u00e9alis\u00e9e une interview film\u00e9e, qui r\u00e9unissait outre <strong>Luc Lecerf<\/strong>, vice-pr\u00e9sident (l\u2019animateur), le pr\u00e9sident <strong>Guy Robert<\/strong>, le secr\u00e9taire g\u00e9n\u00e9ral, <strong>Pierre Baron<\/strong> et la secr\u00e9taire g\u00e9n\u00e9rale adjointe <strong>Micheline-Ruel-Kellermann<\/strong>.<\/p>\n<blockquote><p><iframe loading=\"lazy\" src=\"https:\/\/www.youtube.com\/embed\/ELeXyAaPYsY\" frameborder=\"0\" width=\"560\" height=\"315\"><\/iframe><\/p><\/blockquote>\n<p>Retrouvez \u00e9galement ci-dessous la vid\u00e9o de pr\u00e9sentation du mus\u00e9e virtuelle, utilis\u00e9e \u00e0 l&rsquo;occasion de ce congr\u00e8s :<\/p>\n<blockquote><p><iframe loading=\"lazy\" src=\"https:\/\/www.youtube.com\/embed\/AFF1E1v3Nd8\" frameborder=\"0\" width=\"420\" height=\"315\"><\/iframe><\/p><\/blockquote>\n<h2>En savoir plus<\/h2>\n<p>&#8211;\u00a0<a title=\"Interview Guy Robert\" href=\"http:\/\/www.cnsd.fr\/actualite\/news\/1058-le-musee-virtuel-de-l-art-dentaire-ouvre-son-site\" target=\"_blank\">Interview de Guy Robert, pr\u00e9sident de l\u2019association du Mus\u00e9e Virtuel de l\u2019Art Dentaire<\/a><\/p>\n<p>&#8211;\u00a0<a title=\"MVAD sur FB\" href=\"https:\/\/www.facebook.com\/museevirtuelartdentaire\" target=\"_blank\">La page\u00a0<em>Facebook<\/em>\u00a0du mus\u00e9e<\/a><\/p>\n<p>&#8211; Le site de <a title=\"ADF\" href=\"http:\/\/www.adf.asso.fr\/fr\/\" target=\"_blank\">l&rsquo;Association dentaire fran\u00e7aise<\/a><\/p>\n<p>&#8211; Pour des renseignements plus pr\u00e9cis, \u00e9crivez \u00e0 :\u00a0<a title=\"Adresse MVAD\" href=\"&#x6d;&#x61;&#105;&#108;to&#x3a;&#x6d;&#x76;&#97;d2&#x30;&#x31;&#x34;&#64;&#103;m&#x61;&#x69;&#x6c;&#46;&#99;o&#x6d;\" target=\"_blank\">&#x6d;&#x76;&#x61;&#x64;&#x32;&#x30;&#x31;&#x34;&#64;&#103;&#109;&#97;&#105;&#108;&#46;com<\/a><\/p>\n","protected":false},"excerpt":{"rendered":"<p>Des nouvelles du MVAD En novembre 2014, le Mus\u00e9e virtuel de l&rsquo;art dentaire a \u00e9t\u00e9 pr\u00e9sent\u00e9 au colloque de mus\u00e9ologie m\u00e9dicale consacr\u00e9 aux collections d&rsquo;art dentaire, qui se tenait \u00e0 Turin. Vous trouverez ci-dessous un compte-rendu de cette manifestation, r\u00e9dig\u00e9 par Pierre Baron et Micheline-Ruel-Kellermann. \u00ab Le colloque de Mus\u00e9ologie m\u00e9dicale consacr\u00e9 aux collections d\u2019art &hellip; <a href=\"https:\/\/numerabilis.u-paris.fr\/medica\/blog\/index.php\/nouvelles-mvad-2014\/\" class=\"more-link\">Continuer la lecture<span class=\"screen-reader-text\"> de &laquo;&nbsp;Actualit\u00e9 du Mus\u00e9e virtuel de l&rsquo;art dentaire&nbsp;&raquo;<\/span><\/a><\/p>\n","protected":false},"author":1,"featured_media":0,"comment_status":"open","ping_status":"open","sticky":false,"template":"","format":"standard","meta":{"_monsterinsights_skip_tracking":false,"_monsterinsights_sitenote_active":false,"_monsterinsights_sitenote_note":"","_monsterinsights_sitenote_category":0,"footnotes":""},"categories":[7],"tags":[28,84],"class_list":["post-6423","post","type-post","status-publish","format-standard","hentry","category-histoiresante","tag-histoire-de-la-medecine","tag-odontologie"],"_links":{"self":[{"href":"https:\/\/numerabilis.u-paris.fr\/medica\/blog\/index.php\/wp-json\/wp\/v2\/posts\/6423"}],"collection":[{"href":"https:\/\/numerabilis.u-paris.fr\/medica\/blog\/index.php\/wp-json\/wp\/v2\/posts"}],"about":[{"href":"https:\/\/numerabilis.u-paris.fr\/medica\/blog\/index.php\/wp-json\/wp\/v2\/types\/post"}],"author":[{"embeddable":true,"href":"https:\/\/numerabilis.u-paris.fr\/medica\/blog\/index.php\/wp-json\/wp\/v2\/users\/1"}],"replies":[{"embeddable":true,"href":"https:\/\/numerabilis.u-paris.fr\/medica\/blog\/index.php\/wp-json\/wp\/v2\/comments?post=6423"}],"version-history":[{"count":32,"href":"https:\/\/numerabilis.u-paris.fr\/medica\/blog\/index.php\/wp-json\/wp\/v2\/posts\/6423\/revisions"}],"predecessor-version":[{"id":7146,"href":"https:\/\/numerabilis.u-paris.fr\/medica\/blog\/index.php\/wp-json\/wp\/v2\/posts\/6423\/revisions\/7146"}],"wp:attachment":[{"href":"https:\/\/numerabilis.u-paris.fr\/medica\/blog\/index.php\/wp-json\/wp\/v2\/media?parent=6423"}],"wp:term":[{"taxonomy":"category","embeddable":true,"href":"https:\/\/numerabilis.u-paris.fr\/medica\/blog\/index.php\/wp-json\/wp\/v2\/categories?post=6423"},{"taxonomy":"post_tag","embeddable":true,"href":"https:\/\/numerabilis.u-paris.fr\/medica\/blog\/index.php\/wp-json\/wp\/v2\/tags?post=6423"}],"curies":[{"name":"wp","href":"https:\/\/api.w.org\/{rel}","templated":true}]}}