{"id":6450,"date":"2014-11-27T14:53:56","date_gmt":"2014-11-27T13:53:56","guid":{"rendered":"https:\/\/numerabilis.u-paris.fr\/medica\/blog\/?p=6450"},"modified":"2014-12-12T11:39:13","modified_gmt":"2014-12-12T10:39:13","slug":"biu-sante-moyen-age","status":"publish","type":"post","link":"https:\/\/numerabilis.u-paris.fr\/medica\/blog\/index.php\/biu-sante-moyen-age\/","title":{"rendered":"La BIU Sant\u00e9 et le Moyen \u00c2ge"},"content":{"rendered":"<p>Les hasards du calendrier valorisent soudainement le <strong>Moyen \u00c2ge<\/strong> dans nos collections.<\/p>\n<p>Tous nos documents m\u00e9di\u00e9vaux sont concern\u00e9s : les <strong>manuscrits<\/strong> parce qu&rsquo;ils sont en passe d&rsquo;\u00eatre enti\u00e8rement reproduits, et les <strong>incunables<\/strong> (<em>c&rsquo;est-\u00e0-dire les imprim\u00e9s ant\u00e9rieurs \u00e0 1501<\/em>) parce qu&rsquo;ils sont exhaustivement d\u00e9crits.<\/p>\n<p><a title=\"IRHT\" href=\"http:\/\/www.irht.cnrs.fr\/\" target=\"_blank\">L&rsquo;Institut de recherche et d&rsquo;histoire des textes (IRHT)<\/a> num\u00e9rise en ce moment m\u00eame tous les manuscrits ant\u00e9rieurs au seizi\u00e8me si\u00e8cle conserv\u00e9s dans les deux p\u00f4les de notre biblioth\u00e8que : une fois trait\u00e9es, leurs images seront rendues disponibles par l&rsquo;interm\u00e9diaire de <a title=\"Medium\" href=\"http:\/\/medium.irht.cnrs.fr\" target=\"_blank\">la base de donn\u00e9es Medium<\/a>.<\/p>\n<figure id=\"attachment_6510\" aria-describedby=\"caption-attachment-6510\" style=\"width: 600px\" class=\"wp-caption aligncenter\"><img loading=\"lazy\" decoding=\"async\" class=\"size-full wp-image-6510\" title=\"irht600\" src=\"https:\/\/numerabilis.u-paris.fr\/medica\/blog\/wp-content\/uploads\/irht600.jpg\" alt=\"\" width=\"600\" height=\"405\" srcset=\"https:\/\/numerabilis.u-paris.fr\/medica\/blog\/wp-content\/uploads\/irht600.jpg 600w, https:\/\/numerabilis.u-paris.fr\/medica\/blog\/wp-content\/uploads\/irht600-300x202.jpg 300w, https:\/\/numerabilis.u-paris.fr\/medica\/blog\/wp-content\/uploads\/irht600-120x80.jpg 120w\" sizes=\"(max-width: 709px) 85vw, (max-width: 909px) 67vw, (max-width: 984px) 61vw, (max-width: 1362px) 45vw, 600px\" \/><figcaption id=\"caption-attachment-6510\" class=\"wp-caption-text\">Pierre Hamouda, de l&rsquo;IRHT, au travail dans nos locaux.<\/figcaption><\/figure>\n<p>Cet ensemble de vingt-trois manuscrits inclut des <strong>pi\u00e8ces exceptionnelles<\/strong> : les trois premiers volumes des <em>Commentaires de la Facult\u00e9 de m\u00e9decine de Paris<\/em> (1395-1511), un grand recueil de trait\u00e9s de m\u00e9decine enlumin\u00e9 (Ms 2046, Italie du Nord, XIVe si\u00e8cle), un charmant manuscrit enlumin\u00e9 d&rsquo;Avenzohar, le <em>Liber Taysir<\/em> (Ms 5119, XVe si\u00e8cle), le cartulaire du Coll\u00e8ge des apothicaires parisien (REG 7)&#8230; Quelques-uns d&rsquo;entre eux sont les seuls survivants des <strong>collections primitives<\/strong> de nos biblioth\u00e8ques.<\/p>\n<p><!--more--><\/p>\n<p>Que nos coll\u00e8gues m\u00e9di\u00e9vistes et photographes de l&rsquo;Institut soient chaleureusement remerci\u00e9s.<\/p>\n<figure id=\"attachment_6506\" aria-describedby=\"caption-attachment-6506\" style=\"width: 699px\" class=\"wp-caption aligncenter\"><a href=\"https:\/\/numerabilis.u-paris.fr\/medica\/blog\/wp-content\/uploads\/PAGE-ENLUMINEE-MS-2046-BLOG.jpg\"><img loading=\"lazy\" decoding=\"async\" class=\" wp-image-6506 \" title=\"PAGE ENLUMINEE    MS 2046   BLOG\" src=\"https:\/\/numerabilis.u-paris.fr\/medica\/blog\/wp-content\/uploads\/PAGE-ENLUMINEE-MS-2046-BLOG-699x1024.jpg\" alt=\"\" width=\"699\" height=\"1024\" srcset=\"https:\/\/numerabilis.u-paris.fr\/medica\/blog\/wp-content\/uploads\/PAGE-ENLUMINEE-MS-2046-BLOG-699x1024.jpg 699w, https:\/\/numerabilis.u-paris.fr\/medica\/blog\/wp-content\/uploads\/PAGE-ENLUMINEE-MS-2046-BLOG-204x300.jpg 204w\" sizes=\"(max-width: 709px) 85vw, (max-width: 909px) 67vw, (max-width: 984px) 61vw, (max-width: 1362px) 45vw, 600px\" \/><\/a><figcaption id=\"caption-attachment-6506\" class=\"wp-caption-text\">Ms 2046. Recueil de trait\u00e9s de m\u00e9decine, XIVe si\u00e8cle.<\/figcaption><\/figure>\n<figure id=\"attachment_6512\" aria-describedby=\"caption-attachment-6512\" style=\"width: 960px\" class=\"wp-caption aligncenter\"><a href=\"https:\/\/numerabilis.u-paris.fr\/medica\/blog\/wp-content\/uploads\/001.jpg\"><img loading=\"lazy\" decoding=\"async\" class=\"size-large wp-image-6512\" title=\"001\" src=\"https:\/\/numerabilis.u-paris.fr\/medica\/blog\/wp-content\/uploads\/001-1024x674.jpg\" alt=\"\" width=\"960\" height=\"631\" srcset=\"https:\/\/numerabilis.u-paris.fr\/medica\/blog\/wp-content\/uploads\/001-1024x674.jpg 1024w, https:\/\/numerabilis.u-paris.fr\/medica\/blog\/wp-content\/uploads\/001-300x197.jpg 300w, https:\/\/numerabilis.u-paris.fr\/medica\/blog\/wp-content\/uploads\/001-120x80.jpg 120w, https:\/\/numerabilis.u-paris.fr\/medica\/blog\/wp-content\/uploads\/001.jpg 1145w\" sizes=\"(max-width: 709px) 85vw, (max-width: 909px) 67vw, (max-width: 1362px) 62vw, 840px\" \/><\/a><figcaption id=\"caption-attachment-6512\" class=\"wp-caption-text\">Ms 1, premi\u00e8re liste des ouvrages de la Facult\u00e9 de m\u00e9decine de Paris,1395.<\/figcaption><\/figure>\n<figure id=\"attachment_6513\" aria-describedby=\"caption-attachment-6513\" style=\"width: 806px\" class=\"wp-caption alignnone\"><a href=\"https:\/\/numerabilis.u-paris.fr\/medica\/blog\/wp-content\/uploads\/751062107_MS00A7_0009-2.jpg\"><img loading=\"lazy\" decoding=\"async\" class=\" wp-image-6513 \" title=\"751062107_MS00A7_0009 (2)\" src=\"https:\/\/numerabilis.u-paris.fr\/medica\/blog\/wp-content\/uploads\/751062107_MS00A7_0009-2-806x1024.jpg\" alt=\"\" width=\"806\" height=\"1024\" srcset=\"https:\/\/numerabilis.u-paris.fr\/medica\/blog\/wp-content\/uploads\/751062107_MS00A7_0009-2-806x1024.jpg 806w, https:\/\/numerabilis.u-paris.fr\/medica\/blog\/wp-content\/uploads\/751062107_MS00A7_0009-2-236x300.jpg 236w, https:\/\/numerabilis.u-paris.fr\/medica\/blog\/wp-content\/uploads\/751062107_MS00A7_0009-2.jpg 1000w\" sizes=\"(max-width: 709px) 85vw, (max-width: 909px) 67vw, (max-width: 984px) 61vw, (max-width: 1362px) 45vw, 600px\" \/><\/a><figcaption id=\"caption-attachment-6513\" class=\"wp-caption-text\">Frontispice du cartulaire du Coll\u00e8ge des apothicaires parisien (REG 7).<\/figcaption><\/figure>\n<p>&nbsp;<\/p>\n<p>D&rsquo;autre part, nous avons le plaisir d&rsquo;annoncer la parution longtemps attendue du <strong>volume XV<\/strong> des <em>Catalogues r\u00e9gionaux des incunables des biblioth\u00e8ques publiques de France<\/em>, par <strong>Yvonne Fernillot<\/strong> et <strong>Pierre Aquilon<\/strong>.<\/p>\n<p>Consacr\u00e9 aux collections d&rsquo;incunables de notre biblioth\u00e8que, mais aussi de celles de l&rsquo;Acad\u00e9mie de m\u00e9decine, du Service de sant\u00e9 des arm\u00e9es, du Mus\u00e9um national d&rsquo;Histoire naturelle, de l&rsquo;Observatoire de Paris, de l\u2019\u00c9cole polytechnique, de l\u2019\u00c9cole nationale des ponts et chauss\u00e9es, du Conservatoire national des arts et m\u00e9tiers et du S\u00e9nat, ce nouveau volume r\u00e9unit les descriptions \u00e9rudites de 337 volumes, dont <strong>97 sont conserv\u00e9s au p\u00f4le M\u00e9decine de la BIU Sant\u00e9, et 38 au p\u00f4le Pharmacie<\/strong>.<\/p>\n<figure id=\"attachment_6519\" aria-describedby=\"caption-attachment-6519\" style=\"width: 619px\" class=\"wp-caption aligncenter\"><a href=\"https:\/\/numerabilis.u-paris.fr\/medica\/blog\/wp-content\/uploads\/impharma_res005773x001.jpg\"><img loading=\"lazy\" decoding=\"async\" class=\"size-full wp-image-6519 \" title=\"impharma_res005773x001\" src=\"https:\/\/numerabilis.u-paris.fr\/medica\/blog\/wp-content\/uploads\/impharma_res005773x001.jpg\" alt=\"\" width=\"619\" height=\"778\" srcset=\"https:\/\/numerabilis.u-paris.fr\/medica\/blog\/wp-content\/uploads\/impharma_res005773x001.jpg 619w, https:\/\/numerabilis.u-paris.fr\/medica\/blog\/wp-content\/uploads\/impharma_res005773x001-238x300.jpg 238w\" sizes=\"(max-width: 709px) 85vw, (max-width: 909px) 67vw, (max-width: 984px) 61vw, (max-width: 1362px) 45vw, 600px\" \/><\/a><figcaption id=\"caption-attachment-6519\" class=\"wp-caption-text\">Arbolayre contenant la qualitey et virtus&#8230; Lyon, 1485. Pharmacie RES 5773.<\/figcaption><\/figure>\n<p style=\"text-align: left;\"><strong>Cinquante-huit pages d&rsquo;illustrations<\/strong> enrichissent le m\u00e9ticuleux travail de description et de compr\u00e9hension des ouvrages que Pierre Aquilon a men\u00e9 \u00e0 son terme dans ce volume. Le classement principal, par nom d&rsquo;auteur, est accompagn\u00e9 de sept tables (<em>recueils, auteurs secondaires, reliures, biblioth\u00e8ques, imprimeur et libraires, lieux d&rsquo;impression, provenances)<\/em>. De nombreuses r\u00e9f\u00e9rences bibliographiques accompagnent les notices. L&rsquo;attribution des \u0153uvres, quand c&rsquo;est n\u00e9cessaire, est faite en fonction des connaissances philologiques d&rsquo;aujourd&rsquo;hui &#8211; un labeur consid\u00e9rable dans certains cas.<\/p>\n<p>Pierre Aquilon a eu la g\u00e9n\u00e9rosit\u00e9 de faire profiter la biblioth\u00e8que de ses notices longtemps avant leur <a title=\"Droz\" href=\"http:\/\/www.droz.org\/france\/fr\/6141-9782600018562.html\" target=\"_blank\">pr\u00e9sente publication<\/a>, de sorte que nos incunables sont d\u00e9j\u00e0 tous d\u00e9crits dans le <a title=\"Catalogue BIU Sant\u00e9\" href=\"http:\/\/catalogue.biusante.parisdescartes.fr\" target=\"_blank\">Catalogue g\u00e9n\u00e9ral informatis\u00e9 de la BIU Sant\u00e9<\/a>. Son catalogue imprim\u00e9 est cependant la meilleure source d\u00e9sormais pour cette partie de nos collections.<\/p>\n<figure id=\"attachment_6518\" aria-describedby=\"caption-attachment-6518\" style=\"width: 651px\" class=\"wp-caption aligncenter\"><a href=\"https:\/\/numerabilis.u-paris.fr\/medica\/blog\/wp-content\/uploads\/2010018.jpg\"><img loading=\"lazy\" decoding=\"async\" class=\"size-full wp-image-6518\" title=\"2010018\" src=\"https:\/\/numerabilis.u-paris.fr\/medica\/blog\/wp-content\/uploads\/2010018.jpg\" alt=\"\" width=\"651\" height=\"925\" srcset=\"https:\/\/numerabilis.u-paris.fr\/medica\/blog\/wp-content\/uploads\/2010018.jpg 651w, https:\/\/numerabilis.u-paris.fr\/medica\/blog\/wp-content\/uploads\/2010018-211x300.jpg 211w\" sizes=\"(max-width: 709px) 85vw, (max-width: 909px) 67vw, (max-width: 984px) 61vw, (max-width: 1362px) 45vw, 600px\" \/><\/a><figcaption id=\"caption-attachment-6518\" class=\"wp-caption-text\">Sebastian Brant. Stultifera navis, Johann Bergmann, B\u00e2le, 1497<\/figcaption><\/figure>\n<p>Nos incunables sont pour nombre d&rsquo;entre eux entr\u00e9s dans les collections gr\u00e2ce aux confiscations r\u00e9volutionnaires (p\u00f4le M\u00e9decine) ou gr\u00e2ce aux acquisitions de <a title=\"Paul Dorveaux\" href=\"http:\/\/www2.biusante.parisdescartes.fr\/bio\/?cle=5571\" target=\"_blank\"><strong>Paul Dorveaux<\/strong><\/a> (1851-1938) c\u00f4t\u00e9 Pharmacie. Ils t\u00e9moignent de l&rsquo;activit\u00e9 \u00e9ditoriale de la fin du XVe si\u00e8cle, en faisant la part belle \u00e0 ce qui constituait le corps du savoir m\u00e9dical de ce temps : auteurs antiques, auteurs arabes, savants, m\u00e9decins et chirurgiens m\u00e9di\u00e9vaux, \u00ab jardins de sant\u00e9 \u00bb, \u00ab r\u00e9gimes de sant\u00e9 \u00bb, antidotaires, herbiers&#8230; Quelques ouvrages s&rsquo;\u00e9loignent de la m\u00e9decine (le <em>Songe de Poliphile<\/em> de Francesco Colonna, la \u00ab <em>Chronique de Nuremberg<\/em> \u00bb d&rsquo;Hartmann Schedel, par exemple.)<\/p>\n<figure id=\"attachment_6516\" aria-describedby=\"caption-attachment-6516\" style=\"width: 989px\" class=\"wp-caption aligncenter\"><a href=\"https:\/\/numerabilis.u-paris.fr\/medica\/blog\/wp-content\/uploads\/2011014b.jpg\"><img loading=\"lazy\" decoding=\"async\" class=\" wp-image-6516 \" title=\"2011014b\" src=\"https:\/\/numerabilis.u-paris.fr\/medica\/blog\/wp-content\/uploads\/2011014b.jpg\" alt=\"\" width=\"989\" height=\"726\" srcset=\"https:\/\/numerabilis.u-paris.fr\/medica\/blog\/wp-content\/uploads\/2011014b.jpg 989w, https:\/\/numerabilis.u-paris.fr\/medica\/blog\/wp-content\/uploads\/2011014b-300x220.jpg 300w\" sizes=\"(max-width: 709px) 85vw, (max-width: 909px) 67vw, (max-width: 1362px) 62vw, 840px\" \/><\/a><figcaption id=\"caption-attachment-6516\" class=\"wp-caption-text\">Pline l&rsquo;Ancien. Historia naturalis, Venise, 1498 (dat\u00e9 de 1497).<\/figcaption><\/figure>\n<p>L&rsquo;ouvrage ci-dessus provient par exemple de la biblioth\u00e8que du fameux bibliophile Jean Grolier (1479-1565) : c&rsquo;est l&rsquo;une des belles d\u00e9couvertes dues \u00e0 ce catalogue.<\/p>\n<p style=\"text-align: right;\"><a title=\"Adresse Jean-Fran\u00e7ois Vincent\" href=\"m&#97;&#x69;&#x6c;t&#111;&#58;&#x6a;&#x65;a&#110;&#45;&#x66;&#x72;a&#110;&#x63;&#x6f;&#x69;s&#46;&#x76;&#x69;n&#99;&#101;&#x6e;&#x74;&#64;&#98;&#105;&#x75;&#x73;a&#110;&#x74;&#x65;&#x2e;p&#97;&#x72;&#x69;sd&#101;&#x73;&#x63;a&#114;&#116;&#x65;&#x73;&#46;&#102;&#114;\" target=\"_blank\">Jean-Fran\u00e7ois Vincent<\/a><\/p>\n","protected":false},"excerpt":{"rendered":"<p>Les hasards du calendrier valorisent soudainement le Moyen \u00c2ge dans nos collections. Tous nos documents m\u00e9di\u00e9vaux sont concern\u00e9s : les manuscrits parce qu&rsquo;ils sont en passe d&rsquo;\u00eatre enti\u00e8rement reproduits, et les incunables (c&rsquo;est-\u00e0-dire les imprim\u00e9s ant\u00e9rieurs \u00e0 1501) parce qu&rsquo;ils sont exhaustivement d\u00e9crits. L&rsquo;Institut de recherche et d&rsquo;histoire des textes (IRHT) num\u00e9rise en ce moment &hellip; <a href=\"https:\/\/numerabilis.u-paris.fr\/medica\/blog\/index.php\/biu-sante-moyen-age\/\" class=\"more-link\">Continuer la lecture<span class=\"screen-reader-text\"> de &laquo;&nbsp;La BIU Sant\u00e9 et le Moyen \u00c2ge&nbsp;&raquo;<\/span><\/a><\/p>\n","protected":false},"author":1,"featured_media":0,"comment_status":"open","ping_status":"open","sticky":false,"template":"","format":"standard","meta":{"_monsterinsights_skip_tracking":false,"_monsterinsights_sitenote_active":false,"_monsterinsights_sitenote_note":"","_monsterinsights_sitenote_category":0,"footnotes":""},"categories":[7],"tags":[57],"class_list":["post-6450","post","type-post","status-publish","format-standard","hentry","category-histoiresante","tag-moyen-age"],"_links":{"self":[{"href":"https:\/\/numerabilis.u-paris.fr\/medica\/blog\/index.php\/wp-json\/wp\/v2\/posts\/6450"}],"collection":[{"href":"https:\/\/numerabilis.u-paris.fr\/medica\/blog\/index.php\/wp-json\/wp\/v2\/posts"}],"about":[{"href":"https:\/\/numerabilis.u-paris.fr\/medica\/blog\/index.php\/wp-json\/wp\/v2\/types\/post"}],"author":[{"embeddable":true,"href":"https:\/\/numerabilis.u-paris.fr\/medica\/blog\/index.php\/wp-json\/wp\/v2\/users\/1"}],"replies":[{"embeddable":true,"href":"https:\/\/numerabilis.u-paris.fr\/medica\/blog\/index.php\/wp-json\/wp\/v2\/comments?post=6450"}],"version-history":[{"count":25,"href":"https:\/\/numerabilis.u-paris.fr\/medica\/blog\/index.php\/wp-json\/wp\/v2\/posts\/6450\/revisions"}],"predecessor-version":[{"id":6545,"href":"https:\/\/numerabilis.u-paris.fr\/medica\/blog\/index.php\/wp-json\/wp\/v2\/posts\/6450\/revisions\/6545"}],"wp:attachment":[{"href":"https:\/\/numerabilis.u-paris.fr\/medica\/blog\/index.php\/wp-json\/wp\/v2\/media?parent=6450"}],"wp:term":[{"taxonomy":"category","embeddable":true,"href":"https:\/\/numerabilis.u-paris.fr\/medica\/blog\/index.php\/wp-json\/wp\/v2\/categories?post=6450"},{"taxonomy":"post_tag","embeddable":true,"href":"https:\/\/numerabilis.u-paris.fr\/medica\/blog\/index.php\/wp-json\/wp\/v2\/tags?post=6450"}],"curies":[{"name":"wp","href":"https:\/\/api.w.org\/{rel}","templated":true}]}}