{"id":6556,"date":"2014-12-03T11:56:26","date_gmt":"2014-12-03T10:56:26","guid":{"rendered":"https:\/\/numerabilis.u-paris.fr\/medica\/blog\/?p=6556"},"modified":"2014-12-17T09:22:26","modified_gmt":"2014-12-17T08:22:26","slug":"fermeture-fin-annee-2014","status":"publish","type":"post","link":"https:\/\/numerabilis.u-paris.fr\/medica\/blog\/index.php\/fermeture-fin-annee-2014\/","title":{"rendered":"Fermetures de fin d&rsquo;ann\u00e9e"},"content":{"rendered":"<p>En raison des <strong>vacances<\/strong> universitaires de fin d\u2019ann\u00e9e, les deux sites de la BIU Sant\u00e9 seront ferm\u00e9s, ainsi que le <a title=\"Lien vers BIUMInfo\" href=\"http:\/\/www2.biusante.parisdescartes.fr\/biuminfo\/biuminfo_sais_fra.htm\" target=\"_blank\">service de questions-r\u00e9ponses en ligne <em>BIUMInfo<\/em><\/a> :<\/p>\n<p>&#8211; \u00e0 partir du <strong>mardi 23 d\u00e9cembre \u00e0 18h<\/strong> (<em>au lieu de 20h habituellement<\/em>) pour le p\u00f4le <strong>m\u00e9decine-odontologie<\/strong> (<em>12, rue de l\u2019\u00c9cole-de-M\u00e9decine<\/em>) ;<\/p>\n<p>&#8211; \u00e0 partir du <strong>vendredi 19 d\u00e9cembre \u00e0 20h<\/strong> pour le p\u00f4le <strong>pharmacie-biologie-cosm\u00e9tologie<\/strong> (<em>4, avenue de l\u2019Observatoire<\/em>).<\/p>\n<p><strong>Les deux sites rouvriront le lundi 5 janvier 2015 \u00e0 9h<\/strong>.<\/p>\n<p><a title=\"No\u00ebl\" href=\"https:\/\/www.biusante.parisdescartes.fr\/histmed\/image?CISA0563\" target=\"_blank\"><img loading=\"lazy\" decoding=\"async\" class=\"aligncenter size-full wp-image-6558\" title=\"CISA0563\" src=\"https:\/\/numerabilis.u-paris.fr\/medica\/blog\/wp-content\/uploads\/CISA0563.jpg\" alt=\"\" width=\"531\" height=\"327\" srcset=\"https:\/\/numerabilis.u-paris.fr\/medica\/blog\/wp-content\/uploads\/CISA0563.jpg 531w, https:\/\/numerabilis.u-paris.fr\/medica\/blog\/wp-content\/uploads\/CISA0563-300x184.jpg 300w\" sizes=\"(max-width: 531px) 85vw, 531px\" \/><\/a><\/p>\n<p>La tr\u00eave des confiseurs sera l&rsquo;occasion de (re)d\u00e9couvrir nos services en ligne, disponibles 7 jours sur 7 et 24h\/24, m\u00eame en p\u00e9riode de f\u00eates :<\/p>\n<p>Pour les <em>historiens<\/em>, en <strong>acc\u00e8s libre<\/strong> : la biblioth\u00e8que num\u00e9rique <em><a href=\"https:\/\/www.biusante.parisdescartes.fr\/\/histmed\/medica.htm\" target=\"_blank\">Medic@<\/a><\/em>, la <a title=\"Banque d'images BIU Sant\u00e9\" href=\"http:\/\/www2.biusante.parisdescartes.fr\/img\/\" target=\"_blank\">Banque d&rsquo;images et de portraits<\/a>, et pourquoi pas une petite visite du c\u00f4t\u00e9 des <a href=\"https:\/\/www.biusante.parisdescartes.fr\/histmed\/expos.htm\" target=\"_blank\">expositions virtuelles<\/a> (avec la nouvelle venue <a title=\"Exposition virtuelle cosm\u00e9tologie\" href=\"https:\/\/www.biusante.parisdescartes.fr\/cosmeto\/fr\/\" target=\"_blank\"><em>Secrets de beaut\u00e9<\/em><\/a> sur l&rsquo;histoire de l&rsquo;industrie cosm\u00e9tique fran\u00e7aise).<\/p>\n<p>Pour les <em>lecteurs de Paris Descartes<\/em>, les <strong>bases de donn\u00e9es<\/strong> en <a href=\"http:\/\/www2.biusante.parisdescartes.fr\/signets\/index.las?specif=bdd&amp;acces=payant&amp;med=oui&amp;tri=alp\" target=\"_blank\">m\u00e9decine<\/a> ou en <a href=\"http:\/\/www2.biusante.parisdescartes.fr\/signets_pha\/index.las?specif=bdd&amp;acces=payant&amp;pha=oui&amp;tri=alp\" target=\"_blank\">pharmacie<\/a>, les <a href=\"http:\/\/www2.biusante.parisdescartes.fr\/perio\/perio_pay.htm\" target=\"_blank\">revues \u00e9lectroniques<\/a> et les <strong>livres \u00e9lectroniques<\/strong> en <a href=\"http:\/\/www2.biusante.parisdescartes.fr\/signets\/index.las?specif=livelec&amp;acces=payant&amp;med=oui&amp;tri=alp&amp;form=o\" target=\"_blank\">m\u00e9decine<\/a> ou en <a href=\"http:\/\/www2.biusante.parisdescartes.fr\/signets_pha\/index.las?specif=livelec&amp;acces=payant&amp;pha=oui&amp;tri=alp&amp;form=o\" target=\"_blank\">pharmacie<\/a>.<\/p>\n<p>Et pour patienter en attendant le 24 d\u00e9cembre, vous pouvez consulter <a title=\"Calendrier Avent Biens Communs\" href=\"http:\/\/www.aventdudomainepublic.org\/\" target=\"_blank\">le <em>calendrier de l&rsquo;Avent du domaine public<\/em><\/a>, pour d\u00e9couvrir quels auteurs passeront dans le domaine public l&rsquo;ann\u00e9e prochaine.<\/p>\n<p><em>D&rsquo;ici l\u00e0, l\u2019\u00e9quipe de la BIU Sant\u00e9 vous souhaite \u00e0 tous de bonnes f\u00eates de fin d\u2019ann\u00e9e<\/em>.<\/p>\n","protected":false},"excerpt":{"rendered":"<p>En raison des vacances universitaires de fin d\u2019ann\u00e9e, les deux sites de la BIU Sant\u00e9 seront ferm\u00e9s, ainsi que le service de questions-r\u00e9ponses en ligne BIUMInfo : &#8211; \u00e0 partir du mardi 23 d\u00e9cembre \u00e0 18h (au lieu de 20h habituellement) pour le p\u00f4le m\u00e9decine-odontologie (12, rue de l\u2019\u00c9cole-de-M\u00e9decine) ; &#8211; \u00e0 partir du vendredi &hellip; <a href=\"https:\/\/numerabilis.u-paris.fr\/medica\/blog\/index.php\/fermeture-fin-annee-2014\/\" class=\"more-link\">Continuer la lecture<span class=\"screen-reader-text\"> de &laquo;&nbsp;Fermetures de fin d&rsquo;ann\u00e9e&nbsp;&raquo;<\/span><\/a><\/p>\n","protected":false},"author":1,"featured_media":0,"comment_status":"open","ping_status":"open","sticky":false,"template":"","format":"standard","meta":{"_monsterinsights_skip_tracking":false,"_monsterinsights_sitenote_active":false,"_monsterinsights_sitenote_note":"","_monsterinsights_sitenote_category":0,"footnotes":""},"categories":[7,14,15],"tags":[43],"class_list":["post-6556","post","type-post","status-publish","format-standard","hentry","category-histoiresante","category-medecine-odontologie","category-pharmacie-biologie-cosmetologie","tag-acces"],"_links":{"self":[{"href":"https:\/\/numerabilis.u-paris.fr\/medica\/blog\/index.php\/wp-json\/wp\/v2\/posts\/6556"}],"collection":[{"href":"https:\/\/numerabilis.u-paris.fr\/medica\/blog\/index.php\/wp-json\/wp\/v2\/posts"}],"about":[{"href":"https:\/\/numerabilis.u-paris.fr\/medica\/blog\/index.php\/wp-json\/wp\/v2\/types\/post"}],"author":[{"embeddable":true,"href":"https:\/\/numerabilis.u-paris.fr\/medica\/blog\/index.php\/wp-json\/wp\/v2\/users\/1"}],"replies":[{"embeddable":true,"href":"https:\/\/numerabilis.u-paris.fr\/medica\/blog\/index.php\/wp-json\/wp\/v2\/comments?post=6556"}],"version-history":[{"count":8,"href":"https:\/\/numerabilis.u-paris.fr\/medica\/blog\/index.php\/wp-json\/wp\/v2\/posts\/6556\/revisions"}],"predecessor-version":[{"id":6564,"href":"https:\/\/numerabilis.u-paris.fr\/medica\/blog\/index.php\/wp-json\/wp\/v2\/posts\/6556\/revisions\/6564"}],"wp:attachment":[{"href":"https:\/\/numerabilis.u-paris.fr\/medica\/blog\/index.php\/wp-json\/wp\/v2\/media?parent=6556"}],"wp:term":[{"taxonomy":"category","embeddable":true,"href":"https:\/\/numerabilis.u-paris.fr\/medica\/blog\/index.php\/wp-json\/wp\/v2\/categories?post=6556"},{"taxonomy":"post_tag","embeddable":true,"href":"https:\/\/numerabilis.u-paris.fr\/medica\/blog\/index.php\/wp-json\/wp\/v2\/tags?post=6556"}],"curies":[{"name":"wp","href":"https:\/\/api.w.org\/{rel}","templated":true}]}}