{"id":6773,"date":"2015-01-07T17:48:02","date_gmt":"2015-01-07T16:48:02","guid":{"rendered":"https:\/\/numerabilis.u-paris.fr\/medica\/blog\/?p=6773"},"modified":"2015-01-09T12:44:09","modified_gmt":"2015-01-09T11:44:09","slug":"vigipirate","status":"publish","type":"post","link":"https:\/\/numerabilis.u-paris.fr\/medica\/blog\/index.php\/vigipirate\/","title":{"rendered":"Vigipirate : entr\u00e9es contr\u00f4l\u00e9es + horaires r\u00e9duits"},"content":{"rendered":"<p>En raison de la mise en place du <strong>plan Vigipirate<\/strong> au niveau \u00ab\u00a0alerte attentat\u00a0\u00bb, les <strong>acc\u00e8s<\/strong> aux b\u00e2timents de l&rsquo;universit\u00e9 sont <strong>contr\u00f4l\u00e9s<\/strong> : n&rsquo;oubliez pas vos <strong>justificatifs<\/strong> (carte de biblioth\u00e8que \/ carte d&rsquo;\u00e9tudiant \/ carte professionnelle) pour acc\u00e9der \u00e0 nos locaux.<\/p>\n<p>Attention aux <strong>horaires r\u00e9duits au p\u00f4le Pharmacie<\/strong> : dans le cadre des mesures prises par la facult\u00e9, la biblioth\u00e8que de pharmacie sera ouverte du<strong> lundi au vendredi de 9h \u00e0 19h<\/strong> (au lieu de 20h). Elle sera \u00e9galement<strong> ferm\u00e9e le samedi <\/strong>(le p\u00f4le M\u00e9decine sera ouvert le samedi).<\/p>\n<p>Nous vous prions de nous excuser pour la g\u00eane occasionn\u00e9e.<\/p>\n<p><a href=\"https:\/\/numerabilis.u-paris.fr\/medica\/blog\/wp-content\/uploads\/logo-vigipirate-alratt.png\"><img loading=\"lazy\" decoding=\"async\" class=\"aligncenter size-full wp-image-6780\" title=\"logo-vigipirate-alratt\" src=\"https:\/\/numerabilis.u-paris.fr\/medica\/blog\/wp-content\/uploads\/logo-vigipirate-alratt.png\" alt=\"\" width=\"297\" height=\"322\" srcset=\"https:\/\/numerabilis.u-paris.fr\/medica\/blog\/wp-content\/uploads\/logo-vigipirate-alratt.png 297w, https:\/\/numerabilis.u-paris.fr\/medica\/blog\/wp-content\/uploads\/logo-vigipirate-alratt-276x300.png 276w\" sizes=\"(max-width: 297px) 85vw, 297px\" \/><\/a><\/p>\n<p style=\"text-align: center;\">\n","protected":false},"excerpt":{"rendered":"<p>En raison de la mise en place du plan Vigipirate au niveau \u00ab\u00a0alerte attentat\u00a0\u00bb, les acc\u00e8s aux b\u00e2timents de l&rsquo;universit\u00e9 sont contr\u00f4l\u00e9s : n&rsquo;oubliez pas vos justificatifs (carte de biblioth\u00e8que \/ carte d&rsquo;\u00e9tudiant \/ carte professionnelle) pour acc\u00e9der \u00e0 nos locaux. Attention aux horaires r\u00e9duits au p\u00f4le Pharmacie : dans le cadre des mesures prises &hellip; <a href=\"https:\/\/numerabilis.u-paris.fr\/medica\/blog\/index.php\/vigipirate\/\" class=\"more-link\">Continuer la lecture<span class=\"screen-reader-text\"> de &laquo;&nbsp;Vigipirate : entr\u00e9es contr\u00f4l\u00e9es + horaires r\u00e9duits&nbsp;&raquo;<\/span><\/a><\/p>\n","protected":false},"author":1,"featured_media":0,"comment_status":"open","ping_status":"open","sticky":false,"template":"","format":"standard","meta":{"_monsterinsights_skip_tracking":false,"_monsterinsights_sitenote_active":false,"_monsterinsights_sitenote_note":"","_monsterinsights_sitenote_category":0,"footnotes":""},"categories":[7,15],"tags":[43],"class_list":["post-6773","post","type-post","status-publish","format-standard","hentry","category-histoiresante","category-pharmacie-biologie-cosmetologie","tag-acces"],"_links":{"self":[{"href":"https:\/\/numerabilis.u-paris.fr\/medica\/blog\/index.php\/wp-json\/wp\/v2\/posts\/6773"}],"collection":[{"href":"https:\/\/numerabilis.u-paris.fr\/medica\/blog\/index.php\/wp-json\/wp\/v2\/posts"}],"about":[{"href":"https:\/\/numerabilis.u-paris.fr\/medica\/blog\/index.php\/wp-json\/wp\/v2\/types\/post"}],"author":[{"embeddable":true,"href":"https:\/\/numerabilis.u-paris.fr\/medica\/blog\/index.php\/wp-json\/wp\/v2\/users\/1"}],"replies":[{"embeddable":true,"href":"https:\/\/numerabilis.u-paris.fr\/medica\/blog\/index.php\/wp-json\/wp\/v2\/comments?post=6773"}],"version-history":[{"count":7,"href":"https:\/\/numerabilis.u-paris.fr\/medica\/blog\/index.php\/wp-json\/wp\/v2\/posts\/6773\/revisions"}],"predecessor-version":[{"id":6786,"href":"https:\/\/numerabilis.u-paris.fr\/medica\/blog\/index.php\/wp-json\/wp\/v2\/posts\/6773\/revisions\/6786"}],"wp:attachment":[{"href":"https:\/\/numerabilis.u-paris.fr\/medica\/blog\/index.php\/wp-json\/wp\/v2\/media?parent=6773"}],"wp:term":[{"taxonomy":"category","embeddable":true,"href":"https:\/\/numerabilis.u-paris.fr\/medica\/blog\/index.php\/wp-json\/wp\/v2\/categories?post=6773"},{"taxonomy":"post_tag","embeddable":true,"href":"https:\/\/numerabilis.u-paris.fr\/medica\/blog\/index.php\/wp-json\/wp\/v2\/tags?post=6773"}],"curies":[{"name":"wp","href":"https:\/\/api.w.org\/{rel}","templated":true}]}}