{"id":6783,"date":"2015-02-26T14:10:53","date_gmt":"2015-02-26T13:10:53","guid":{"rendered":"https:\/\/numerabilis.u-paris.fr\/medica\/blog\/?p=6783"},"modified":"2015-02-26T14:16:03","modified_gmt":"2015-02-26T13:16:03","slug":"exposition-femmes-metiers-hommes-montreuil","status":"publish","type":"post","link":"https:\/\/numerabilis.u-paris.fr\/medica\/blog\/index.php\/exposition-femmes-metiers-hommes-montreuil\/","title":{"rendered":"Exposition \u00ab\u00a0Femmes en m\u00e9tiers d&rsquo;hommes\u00a0\u00bb"},"content":{"rendered":"<p>La nouvelle exposition du <strong><a title=\"Mus\u00e9e de l'Histoire vivante\" href=\"http:\/\/www.museehistoirevivante.com\" target=\"_blank\">mus\u00e9e de l&rsquo;Histoire vivante<\/a> de Montreuil<\/strong> s&rsquo;intitule \u00ab <strong><em>Femmes en m\u00e9tiers d&rsquo;hommes<\/em><\/strong> \u00bb (<em>jusqu&rsquo;au 20 d\u00e9cembre 2015<\/em>).<\/p>\n<p><img loading=\"lazy\" decoding=\"async\" class=\"alignright size-full wp-image-7228\" title=\"affiche\" src=\"https:\/\/numerabilis.u-paris.fr\/medica\/blog\/wp-content\/uploads\/affiche1.jpg\" alt=\"\" width=\"300\" height=\"450\" srcset=\"https:\/\/numerabilis.u-paris.fr\/medica\/blog\/wp-content\/uploads\/affiche1.jpg 300w, https:\/\/numerabilis.u-paris.fr\/medica\/blog\/wp-content\/uploads\/affiche1-200x300.jpg 200w\" sizes=\"(max-width: 300px) 85vw, 300px\" \/>Adapt\u00e9e du<a title=\"Livre femmes en m\u00e9tiers d'hommes\" href=\"http:\/\/www.bleu-autour.com\/fiche_livre.php?ids=162&amp;titrepage=Femmes%20en%20m%E9tiers%20d%27hommes\" target=\"_blank\"> livre de <strong>Juliette Rennes<\/strong> paru en 2013<\/a>, l&rsquo;exposition retrace au travers de <strong>cartes postales de 1890 \u00e0 1930<\/strong>, mais \u00e9galement d&rsquo;archives, photographies et couvertures de presse, l&rsquo;histoire des premi\u00e8res femmes avocates, charpenti\u00e8res, coch\u00e8res, doctoresses h\u00e9ro\u00efs\u00e9es ou moqu\u00e9es.<\/p>\n<p>Tout au long de cette p\u00e9riode, le d\u00e9bat sur la capacit\u00e9 des femmes \u00e0 exercer ces m\u00e9tiers historiquement masculins s&rsquo;accentue. Il devient incontournable dans les ann\u00e9es 20, au vu du r\u00f4le des femmes dans la Premi\u00e8re Guerre mondiale.<\/p>\n<p>La BIU Sant\u00e9 a pr\u00eat\u00e9 4 documents\u00a0pour cette exposition :<\/p>\n<p>&#8211;\u00a0\u00a0\u00a0\u00a0\u00a0\u00a0\u00a0\u00a0\u00a0 La th\u00e8se d\u2019<strong>Elizabeth Garrett Anderson<\/strong> intitul\u00e9e <a title=\"Sur la migraine\" href=\"http:\/\/www2.biusante.parisdescartes.fr\/livanc\/?do=livre&amp;cote=TPAR1870x138\" target=\"_blank\"><em>Sur la migraine<\/em> (Th\u00e8se Paris 1870 n\u00b0 138 &#8211; t\u00e9l\u00e9chargeable gratuitement sur <em>Medic@<\/em>)<\/a>. Cette Anglaise fut la premi\u00e8re docteure de la Facult\u00e9 de m\u00e9decine de Paris<\/p>\n<p>&#8211;\u00a0\u00a0\u00a0\u00a0\u00a0\u00a0\u00a0\u00a0\u00a0 Une h\u00e9liogravure de <strong>Jean B\u00e9raud<\/strong> repr\u00e9sentant la soutenance d\u2019Elizabeth Garrett Anderson (cote CIS\/B\u00a0: 1036)<\/p>\n<p><a title=\"H\u00e9liogravure\" href=\"https:\/\/www.biusante.parisdescartes.fr\/histmed\/image?CISB1036\" target=\"_blank\"><img loading=\"lazy\" decoding=\"async\" class=\"alignright size-full wp-image-7230\" title=\"beraud\" src=\"https:\/\/numerabilis.u-paris.fr\/medica\/blog\/wp-content\/uploads\/beraud.jpg\" alt=\"\" width=\"600\" height=\"773\" srcset=\"https:\/\/numerabilis.u-paris.fr\/medica\/blog\/wp-content\/uploads\/beraud.jpg 600w, https:\/\/numerabilis.u-paris.fr\/medica\/blog\/wp-content\/uploads\/beraud-232x300.jpg 232w\" sizes=\"(max-width: 709px) 85vw, (max-width: 909px) 67vw, (max-width: 984px) 61vw, (max-width: 1362px) 45vw, 600px\" \/><\/a><\/p>\n<p>&#8211;\u00a0\u00a0\u00a0\u00a0\u00a0\u00a0\u00a0\u00a0\u00a0 Un fascicule de 1888 du journal <em>L\u2019Univers illustr\u00e9<\/em> dans lequel est reproduite une gravure de la soutenance de th\u00e8se de <strong>Caroline Schultze<\/strong> (cote\u00a0CIS\/C\u00a0: 232)<\/p>\n<p><a title=\"Soutenance Caroline Schultze\" href=\"https:\/\/www.biusante.parisdescartes.fr\/histmed\/image?CISC0232\" target=\"_blank\"><img loading=\"lazy\" decoding=\"async\" class=\"aligncenter size-full wp-image-7225\" title=\"schultze\" src=\"https:\/\/numerabilis.u-paris.fr\/medica\/blog\/wp-content\/uploads\/schultze.jpg\" alt=\"\" width=\"568\" height=\"553\" srcset=\"https:\/\/numerabilis.u-paris.fr\/medica\/blog\/wp-content\/uploads\/schultze.jpg 568w, https:\/\/numerabilis.u-paris.fr\/medica\/blog\/wp-content\/uploads\/schultze-300x292.jpg 300w\" sizes=\"(max-width: 568px) 85vw, 568px\" \/><\/a>&#8211;\u00a0\u00a0\u00a0\u00a0\u00a0\u00a0\u00a0\u00a0\u00a0 Un feuillet extrait du journal le <em>Gil Blas illustr\u00e9<\/em>, consacr\u00e9 \u00e0 la chanson \u00ab\u00a0<strong>La doctoresse<\/strong>\u00a0\u00bb, avec paroles, partition et illustration (cote CIS\/C\u00a0: 255)<\/p>\n<p><a title=\"Gil Blas\" href=\"https:\/\/www.biusante.parisdescartes.fr\/histmed\/image?CISC0255\" target=\"_blank\"><img loading=\"lazy\" decoding=\"async\" class=\"aligncenter size-full wp-image-7226\" title=\"doctoresse\" src=\"https:\/\/numerabilis.u-paris.fr\/medica\/blog\/wp-content\/uploads\/doctoresse.jpg\" alt=\"\" width=\"600\" height=\"822\" srcset=\"https:\/\/numerabilis.u-paris.fr\/medica\/blog\/wp-content\/uploads\/doctoresse.jpg 600w, https:\/\/numerabilis.u-paris.fr\/medica\/blog\/wp-content\/uploads\/doctoresse-218x300.jpg 218w\" sizes=\"(max-width: 709px) 85vw, (max-width: 909px) 67vw, (max-width: 984px) 61vw, (max-width: 1362px) 45vw, 600px\" \/><\/a><\/p>\n<p>Si ce sujet vous int\u00e9resse, pensez \u00e0 consulter \u00e9galement le dossier de <a title=\"Medic@\" href=\"https:\/\/www.biusante.parisdescartes.fr\/histmed\/medica.htm\" target=\"_blank\"><em>Medic@<\/em><\/a> consacr\u00e9 \u00e0 l\u2019histoire de l\u2019entr\u00e9e des femmes en m\u00e9decine <a title=\"Histoire des femmes en m\u00e9decine\" href=\"https:\/\/www.biusante.parisdescartes.fr\/histmed\/medica\/femmesmed.htm\" target=\"_blank\">https:\/\/www.biusante.parisdescartes.fr\/histmed\/medica\/femmesmed.htm<\/a><\/p>\n<h2>En savoir plus<\/h2>\n<p>&#8211; <a title=\"Femmes en m\u00e9tiers d'hommes\" href=\"http:\/\/www.museehistoirevivante.com\/programmation\/index.htm\" target=\"_blank\">Le site de l&rsquo;exposition<\/a><\/p>\n<p>&#8211; <a title=\"Livret expo femmes\" href=\"http:\/\/www.ac-paris.fr\/portail\/upload\/docs\/application\/pdf\/2015-01\/dossier_pedagogique_de_lexposition_femmes_en_metiers_dhommes_musee_de_lhistoire_vivante_montreuil.pdf\" target=\"_blank\">Le livret p\u00e9dagogique de l&rsquo;exposition<\/a> (29 pages)<\/p>\n<p>&#8211; <a title=\"Livre femmes en m\u00e9tiers d'hommes\" href=\"http:\/\/www.bleu-autour.com\/fiche_livre.php?ids=162&amp;titrepage=Femmes%20en%20m%E9tiers%20d%27hommes\" target=\"_blank\">Le livre \u00e0 l&rsquo;origine de l&rsquo;exposition<\/a><\/p>\n<p style=\"text-align: right;\"><a title=\"Adresse Estelle Lambert\" href=\"m&#97;&#x69;&#x6c;t&#111;&#x3a;&#x65;s&#116;&#x65;&#x6c;l&#101;&#x2e;&#x6c;a&#109;&#x62;&#x65;r&#116;&#64;&#x62;&#x69;u&#115;&#x61;&#x6e;t&#101;&#x2e;&#x70;a&#114;&#x69;&#x73;d&#101;&#x73;&#x63;a&#114;&#x74;&#x65;s&#46;&#102;&#x72;\" target=\"_blank\">Estelle Lambert<\/a><\/p>\n<div id=\"schema_block\" class=\"schema_event\"><div itemscope itemtype=\"http:\/\/schema.org\/EducationEvent\"><a class=\"schema_url\" target=\"_blank\" itemprop=\"url\" href=\"http:\/\/www.museehistoirevivante.com\/programmation\/index.htm\"><div class=\"schema_name\" itemprop=\"name\">Femmes en m\u00e9tiers d'hommes<\/div><\/a><div><meta itemprop=\"startDate\" content=\"2015-01-17\">Debut: 01\/17\/2015<\/div><div><meta itemprop=\"endDate\" content=\"2015-12-20:00.000\">Fin: 12\/20\/2015<\/div><\/div><div itemprop=\"address\" itemscope itemtype=\"http:\/\/schema.org\/PostalAddress\"><div class=\"street\" itemprop=\"streetAddress\">31, boulevard Th\u00e9ophile-Sueur<\/div><div class=\"city_state\"><span class=\"locale\" itemprop=\"addressLocality\">Montreuil<\/span>,<span class=\"region\" itemprop=\"addressRegion\"> \u00cele-de-France<\/span><\/div><div class=\"postalcode\" itemprop=\"postalCode\">93100<\/div><div class=\"country\" itemprop=\"addressCountry\">FR<\/div><\/div><\/div>\n<p>&nbsp;<\/p>\n<p>&nbsp;<\/p>\n","protected":false},"excerpt":{"rendered":"<p>La nouvelle exposition du mus\u00e9e de l&rsquo;Histoire vivante de Montreuil s&rsquo;intitule \u00ab Femmes en m\u00e9tiers d&rsquo;hommes \u00bb (jusqu&rsquo;au 20 d\u00e9cembre 2015). Adapt\u00e9e du livre de Juliette Rennes paru en 2013, l&rsquo;exposition retrace au travers de cartes postales de 1890 \u00e0 1930, mais \u00e9galement d&rsquo;archives, photographies et couvertures de presse, l&rsquo;histoire des premi\u00e8res femmes avocates, charpenti\u00e8res, &hellip; <a href=\"https:\/\/numerabilis.u-paris.fr\/medica\/blog\/index.php\/exposition-femmes-metiers-hommes-montreuil\/\" class=\"more-link\">Continuer la lecture<span class=\"screen-reader-text\"> de &laquo;&nbsp;Exposition \u00ab\u00a0Femmes en m\u00e9tiers d&rsquo;hommes\u00a0\u00bb&nbsp;&raquo;<\/span><\/a><\/p>\n","protected":false},"author":1,"featured_media":0,"comment_status":"open","ping_status":"open","sticky":false,"template":"","format":"standard","meta":{"_monsterinsights_skip_tracking":false,"_monsterinsights_sitenote_active":false,"_monsterinsights_sitenote_note":"","_monsterinsights_sitenote_category":0,"footnotes":""},"categories":[7],"tags":[54,10,48],"class_list":["post-6783","post","type-post","status-publish","format-standard","hentry","category-histoiresante","tag-20e-s","tag-exposition","tag-premiere-guerre-mondiale"],"_links":{"self":[{"href":"https:\/\/numerabilis.u-paris.fr\/medica\/blog\/index.php\/wp-json\/wp\/v2\/posts\/6783"}],"collection":[{"href":"https:\/\/numerabilis.u-paris.fr\/medica\/blog\/index.php\/wp-json\/wp\/v2\/posts"}],"about":[{"href":"https:\/\/numerabilis.u-paris.fr\/medica\/blog\/index.php\/wp-json\/wp\/v2\/types\/post"}],"author":[{"embeddable":true,"href":"https:\/\/numerabilis.u-paris.fr\/medica\/blog\/index.php\/wp-json\/wp\/v2\/users\/1"}],"replies":[{"embeddable":true,"href":"https:\/\/numerabilis.u-paris.fr\/medica\/blog\/index.php\/wp-json\/wp\/v2\/comments?post=6783"}],"version-history":[{"count":18,"href":"https:\/\/numerabilis.u-paris.fr\/medica\/blog\/index.php\/wp-json\/wp\/v2\/posts\/6783\/revisions"}],"predecessor-version":[{"id":7248,"href":"https:\/\/numerabilis.u-paris.fr\/medica\/blog\/index.php\/wp-json\/wp\/v2\/posts\/6783\/revisions\/7248"}],"wp:attachment":[{"href":"https:\/\/numerabilis.u-paris.fr\/medica\/blog\/index.php\/wp-json\/wp\/v2\/media?parent=6783"}],"wp:term":[{"taxonomy":"category","embeddable":true,"href":"https:\/\/numerabilis.u-paris.fr\/medica\/blog\/index.php\/wp-json\/wp\/v2\/categories?post=6783"},{"taxonomy":"post_tag","embeddable":true,"href":"https:\/\/numerabilis.u-paris.fr\/medica\/blog\/index.php\/wp-json\/wp\/v2\/tags?post=6783"}],"curies":[{"name":"wp","href":"https:\/\/api.w.org\/{rel}","templated":true}]}}