{"id":6811,"date":"2015-01-09T18:23:08","date_gmt":"2015-01-09T17:23:08","guid":{"rendered":"https:\/\/numerabilis.u-paris.fr\/medica\/blog\/?p=6811"},"modified":"2015-01-20T13:19:32","modified_gmt":"2015-01-20T12:19:32","slug":"nous-sommes-charlie","status":"publish","type":"post","link":"https:\/\/numerabilis.u-paris.fr\/medica\/blog\/index.php\/nous-sommes-charlie\/","title":{"rendered":"Nous sommes Charlie"},"content":{"rendered":"<p>La BIU Sant\u00e9 s&rsquo;associe aux autres biblioth\u00e9caires \/ biblioth\u00e8ques de France pour condamner les drames des derniers jours.<\/p>\n<p><img loading=\"lazy\" decoding=\"async\" class=\"aligncenter size-full wp-image-6810\" title=\"jesuischarlie\" src=\"https:\/\/numerabilis.u-paris.fr\/medica\/blog\/wp-content\/uploads\/jesuischarlie.jpg\" alt=\"\" width=\"500\" height=\"169\" srcset=\"https:\/\/numerabilis.u-paris.fr\/medica\/blog\/wp-content\/uploads\/jesuischarlie.jpg 500w, https:\/\/numerabilis.u-paris.fr\/medica\/blog\/wp-content\/uploads\/jesuischarlie-300x101.jpg 300w\" sizes=\"(max-width: 500px) 85vw, 500px\" \/><\/p>\n<p>Nous nous permettons de reprendre ici <a title=\"Communiqu\u00e9 ABF\" href=\"http:\/\/www.abf.asso.fr\/2\/22\/498\/ABF\/-communique-charlie-hebdo?p=2\" target=\"_blank\">le communiqu\u00e9 de l&rsquo;Association des biblioth\u00e9caires de France<\/a> :<\/p>\n<h2>[Communiqu\u00e9] Charlie Hebdo<\/h2>\n<blockquote><p>L&rsquo;ABF et l&rsquo;ACIM prennent toujours position contre des tentatives de censure.<\/p>\n<p>Aujourd&rsquo;hui 7 janvier 2015 a eu lieu la plus abjecte qui soit : assassiner ceux qui portent une voix diff\u00e9rente, au nom d&rsquo;une id\u00e9ologie extr\u00eame injustifiable, notamment dans un pays qui s&rsquo;enorgueillit de laisser libre l&rsquo;expression de chacun.<\/p>\n<p>L&rsquo;ABF et l&rsquo;ACIM apportent tout leur soutien \u00e0 l&rsquo;\u00e9quipe de Charlie Hebdo.<br \/>\nElles r\u00e9affirment l&rsquo;importance d&rsquo;une presse libre mais aussi de biblioth\u00e8ques o\u00f9 l&rsquo;on peut acc\u00e9der \u00e0 toutes formes d&rsquo;expressions, pour contrer l&rsquo;intol\u00e9rance et la censure et encourager le respect de l&rsquo;autre et le vivre ensemble.<\/p><\/blockquote>\n<p>Nous vous renvoyons \u00e9galement vers <a title=\"Hommage BnF\" href=\"http:\/\/www.bnf.fr\/fr\/la_bnf\/anx_actu_bib\/a.hommage_charlie.html\" target=\"_blank\">l&rsquo;hommage mis en place par la Biblioth\u00e8que nationale de France<\/a>.<\/p>\n<p>Un modeste <strong>hommage<\/strong> \u00e0 la r\u00e9daction de Charlie Hebdo a \u00e9t\u00e9 mis en place dans la salle de lecture du p\u00f4le M\u00e9decine : une s\u00e9lection d&rsquo;ouvrages de nos collections \u00e9crits ou illustr\u00e9s par les membres de l&rsquo;hebdomadaire satirique &#8211; notamment l&rsquo;urgentiste <strong>Patrick Pelloux<\/strong>, dont nous conservons la th\u00e8se d&rsquo;exercice, soutenue \u00e0 l&rsquo;universit\u00e9 Paris Descartes en 1993.<\/p>\n<p><a href=\"https:\/\/numerabilis.u-paris.fr\/medica\/blog\/wp-content\/uploads\/IMG_20150114_085119.jpg\"><img loading=\"lazy\" decoding=\"async\" class=\"aligncenter size-large wp-image-6895\" title=\"IMG_20150114_085119\" src=\"https:\/\/numerabilis.u-paris.fr\/medica\/blog\/wp-content\/uploads\/IMG_20150114_085119-1024x768.jpg\" alt=\"\" width=\"960\" height=\"720\" srcset=\"https:\/\/numerabilis.u-paris.fr\/medica\/blog\/wp-content\/uploads\/IMG_20150114_085119-1024x768.jpg 1024w, https:\/\/numerabilis.u-paris.fr\/medica\/blog\/wp-content\/uploads\/IMG_20150114_085119-300x224.jpg 300w, https:\/\/numerabilis.u-paris.fr\/medica\/blog\/wp-content\/uploads\/IMG_20150114_085119-160x120.jpg 160w\" sizes=\"(max-width: 709px) 85vw, (max-width: 909px) 67vw, (max-width: 1362px) 62vw, 840px\" \/><\/a><\/p>\n","protected":false},"excerpt":{"rendered":"<p>La BIU Sant\u00e9 s&rsquo;associe aux autres biblioth\u00e9caires \/ biblioth\u00e8ques de France pour condamner les drames des derniers jours. Nous nous permettons de reprendre ici le communiqu\u00e9 de l&rsquo;Association des biblioth\u00e9caires de France : [Communiqu\u00e9] Charlie Hebdo L&rsquo;ABF et l&rsquo;ACIM prennent toujours position contre des tentatives de censure. Aujourd&rsquo;hui 7 janvier 2015 a eu lieu la &hellip; <a href=\"https:\/\/numerabilis.u-paris.fr\/medica\/blog\/index.php\/nous-sommes-charlie\/\" class=\"more-link\">Continuer la lecture<span class=\"screen-reader-text\"> de &laquo;&nbsp;Nous sommes Charlie&nbsp;&raquo;<\/span><\/a><\/p>\n","protected":false},"author":1,"featured_media":0,"comment_status":"open","ping_status":"open","sticky":false,"template":"","format":"standard","meta":{"_monsterinsights_skip_tracking":false,"_monsterinsights_sitenote_active":false,"_monsterinsights_sitenote_note":"","_monsterinsights_sitenote_category":0,"footnotes":""},"categories":[7,14,15],"tags":[],"class_list":["post-6811","post","type-post","status-publish","format-standard","hentry","category-histoiresante","category-medecine-odontologie","category-pharmacie-biologie-cosmetologie"],"_links":{"self":[{"href":"https:\/\/numerabilis.u-paris.fr\/medica\/blog\/index.php\/wp-json\/wp\/v2\/posts\/6811"}],"collection":[{"href":"https:\/\/numerabilis.u-paris.fr\/medica\/blog\/index.php\/wp-json\/wp\/v2\/posts"}],"about":[{"href":"https:\/\/numerabilis.u-paris.fr\/medica\/blog\/index.php\/wp-json\/wp\/v2\/types\/post"}],"author":[{"embeddable":true,"href":"https:\/\/numerabilis.u-paris.fr\/medica\/blog\/index.php\/wp-json\/wp\/v2\/users\/1"}],"replies":[{"embeddable":true,"href":"https:\/\/numerabilis.u-paris.fr\/medica\/blog\/index.php\/wp-json\/wp\/v2\/comments?post=6811"}],"version-history":[{"count":7,"href":"https:\/\/numerabilis.u-paris.fr\/medica\/blog\/index.php\/wp-json\/wp\/v2\/posts\/6811\/revisions"}],"predecessor-version":[{"id":6816,"href":"https:\/\/numerabilis.u-paris.fr\/medica\/blog\/index.php\/wp-json\/wp\/v2\/posts\/6811\/revisions\/6816"}],"wp:attachment":[{"href":"https:\/\/numerabilis.u-paris.fr\/medica\/blog\/index.php\/wp-json\/wp\/v2\/media?parent=6811"}],"wp:term":[{"taxonomy":"category","embeddable":true,"href":"https:\/\/numerabilis.u-paris.fr\/medica\/blog\/index.php\/wp-json\/wp\/v2\/categories?post=6811"},{"taxonomy":"post_tag","embeddable":true,"href":"https:\/\/numerabilis.u-paris.fr\/medica\/blog\/index.php\/wp-json\/wp\/v2\/tags?post=6811"}],"curies":[{"name":"wp","href":"https:\/\/api.w.org\/{rel}","templated":true}]}}