{"id":685,"date":"2013-03-11T09:15:11","date_gmt":"2013-03-11T08:15:11","guid":{"rendered":"https:\/\/numerabilis.u-paris.fr\/medica\/blog\/?p=685"},"modified":"2013-03-15T17:03:35","modified_gmt":"2013-03-15T16:03:35","slug":"conference-histoire-pandemies","status":"publish","type":"post","link":"https:\/\/numerabilis.u-paris.fr\/medica\/blog\/index.php\/conference-histoire-pandemies\/","title":{"rendered":"Conf\u00e9rence : histoire des pand\u00e9mies"},"content":{"rendered":"<p>Suite du cycle de<strong> conf\u00e9rences en histoire de la m\u00e9decine et de la sant\u00e9 publique (du XVIIIe au XXe si\u00e8cles)<\/strong> \u00e0 la <a title=\"Facult\u00e9 de m\u00e9decine Paris Descartes\" href=\"http:\/\/www.medecine.parisdescartes.fr\/\" target=\"_blank\">facult\u00e9 de m\u00e9decine Paris Descartes<\/a>.<\/p>\n<p>La troisi\u00e8me conf\u00e9rence aura lieu le<strong> jeudi 14 mars 2013, de 18h \u00e0 20h.<\/strong><\/p>\n<p>\u00ab\u00a0<em><strong>Histoire des pand\u00e9mies<\/strong><\/em>\u00a0\u00bb<\/p>\n<p style=\"text-align: center;\"><a title=\"Professeur Patrick Berche\" href=\"http:\/\/www.medecine.parisdescartes.fr\/?page_id=449\" target=\"_blank\"><img loading=\"lazy\" decoding=\"async\" class=\"aligncenter  wp-image-815\" title=\"Professeur Patrick Berche\" src=\"https:\/\/numerabilis.u-paris.fr\/medica\/blog\/wp-content\/uploads\/pers_doyen.jpg\" alt=\"Professeur Patrick Berche\" width=\"675\" height=\"290\" srcset=\"https:\/\/numerabilis.u-paris.fr\/medica\/blog\/wp-content\/uploads\/pers_doyen.jpg 675w, https:\/\/numerabilis.u-paris.fr\/medica\/blog\/wp-content\/uploads\/pers_doyen-300x128.jpg 300w\" sizes=\"(max-width: 709px) 85vw, (max-width: 909px) 67vw, (max-width: 984px) 61vw, (max-width: 1362px) 45vw, 600px\" \/><\/a>Par le Professeur <a title=\"Professeur Patrick Berche\" href=\"http:\/\/www.medecine.parisdescartes.fr\/?page_id=449\" target=\"_blank\"><strong>Patrick Berche<\/strong><\/a>, doyen de la facult\u00e9 de m\u00e9decine de Paris-Descartes.<\/p>\n<p>Ces conf\u00e9rences-d\u00e9bats s\u2019adressent aux professionnels de sant\u00e9, universitaires, \u00e9tudiants, curieux&#8230; et se veulent un temps de rencontres et d\u2019\u00e9changes entre les participants et les chercheurs en sciences humaines et en m\u00e9decine sp\u00e9cialistes de l\u2019histoire de ces questions.<\/p>\n<p>Au 15, rue de l&rsquo;\u00c9cole-de-M\u00e9decine (c\u00f4t\u00e9 Cordeliers), 75005 Paris, amphith\u00e9\u00e2tre Portier, 2e \u00e9tage (ascenseur pour les personnes \u00e0 mobilit\u00e9 r\u00e9duite).<\/p>\n<p>M\u00e9tros Cluny-La Sorbonne, Saint-Michel, Od\u00e9on.<\/p>\n<p>Pour plus de renseignements, contactez <a href=\"&#x6d;a&#x69;&#108;t&#x6f;&#58;&#x63;&#97;v&#x69;&#115;&#x61;&#98;&#64;&#x79;&#97;&#x68;&#x6f;o&#x2e;&#102;r\">Isabelle Cav\u00e9<\/a>.<\/p>\n<p>Retrouvez le <a title=\"Programme 2013 conf\u00e9rences en histoire de la m\u00e9decine et de la sant\u00e9 publique\" href=\"http:\/\/calenda.org\/233560\" target=\"_blank\">programme complet des conf\u00e9rences en cliquant sur ce lien<\/a>.<\/p>\n<p><img decoding=\"async\" title=\"Lire la suite\u2026\" src=\"https:\/\/numerabilis.u-paris.fr\/medica\/blog\/wp-includes\/js\/tinymce\/plugins\/wordpress\/img\/trans.gif\" alt=\"\" \/><!--more--><\/p>\n<p><img decoding=\"async\" title=\"Lire la suite\u2026\" src=\"https:\/\/numerabilis.u-paris.fr\/medica\/blog\/wp-includes\/js\/tinymce\/plugins\/wordpress\/img\/trans.gif\" alt=\"\" \/><div id=\"schema_block\" class=\"schema_event\"><div itemscope itemtype=\"http:\/\/schema.org\/EducationEvent\"><a class=\"schema_url\" target=\"_blank\" itemprop=\"url\" href=\"http:\/\/goo.gl\/JmmUQ\"><div class=\"schema_name\" itemprop=\"name\">Histoire des pand\u00e9mies<\/div><\/a><div class=\"schema_description\" itemprop=\"description\">A partir du 24 janvier 2013, un cycle de conf\u00e9rences en histoire de la m\u00e9decine et de la sant\u00e9 publique (du XVIIIe au XXe si\u00e8cles) se d\u00e9roulera \u00e0 la facult\u00e9 de m\u00e9decine Paris Descartes.<\/div><div><meta itemprop=\"startDate\" content=\"2013-03-14T18:00\">Debut: 03\/14\/2013 06:00 pm<\/div><div><meta itemprop=\"endDate\" content=\"2013-03-14:00.000\">Fin: 03\/14\/2013<\/div><div><meta itemprop=\"duration\" content=\"0000-00-00T02:00\">Duree: 2 heures:<\/div><\/div><div itemprop=\"address\" itemscope itemtype=\"http:\/\/schema.org\/PostalAddress\"><div class=\"street\" itemprop=\"streetAddress\">15, rue de l'Ecole-de-M\u00e9decine, 75006 Paris<\/div><div class=\"city_state\"><span class=\"locale\" itemprop=\"addressLocality\">Paris<\/span>,<span class=\"region\" itemprop=\"addressRegion\"> \u00cele-de-France<\/span><\/div><div class=\"postalcode\" itemprop=\"postalCode\">75006<\/div><div class=\"country\" itemprop=\"addressCountry\">FR<\/div><\/div><\/div><\/p>\n<p>&nbsp;<\/p>\n","protected":false},"excerpt":{"rendered":"<p>Suite du cycle de conf\u00e9rences en histoire de la m\u00e9decine et de la sant\u00e9 publique (du XVIIIe au XXe si\u00e8cles) \u00e0 la facult\u00e9 de m\u00e9decine Paris Descartes. La troisi\u00e8me conf\u00e9rence aura lieu le jeudi 14 mars 2013, de 18h \u00e0 20h. \u00ab\u00a0Histoire des pand\u00e9mies\u00a0\u00bb Par le Professeur Patrick Berche, doyen de la facult\u00e9 de m\u00e9decine &hellip; <a href=\"https:\/\/numerabilis.u-paris.fr\/medica\/blog\/index.php\/conference-histoire-pandemies\/\" class=\"more-link\">Continuer la lecture<span class=\"screen-reader-text\"> de &laquo;&nbsp;Conf\u00e9rence : histoire des pand\u00e9mies&nbsp;&raquo;<\/span><\/a><\/p>\n","protected":false},"author":1,"featured_media":815,"comment_status":"open","ping_status":"open","sticky":false,"template":"","format":"standard","meta":{"_monsterinsights_skip_tracking":false,"_monsterinsights_sitenote_active":false,"_monsterinsights_sitenote_note":"","_monsterinsights_sitenote_category":0,"footnotes":""},"categories":[7,14],"tags":[23,28],"class_list":["post-685","post","type-post","status-publish","format-standard","has-post-thumbnail","hentry","category-histoiresante","category-medecine-odontologie","tag-conference","tag-histoire-de-la-medecine"],"_links":{"self":[{"href":"https:\/\/numerabilis.u-paris.fr\/medica\/blog\/index.php\/wp-json\/wp\/v2\/posts\/685"}],"collection":[{"href":"https:\/\/numerabilis.u-paris.fr\/medica\/blog\/index.php\/wp-json\/wp\/v2\/posts"}],"about":[{"href":"https:\/\/numerabilis.u-paris.fr\/medica\/blog\/index.php\/wp-json\/wp\/v2\/types\/post"}],"author":[{"embeddable":true,"href":"https:\/\/numerabilis.u-paris.fr\/medica\/blog\/index.php\/wp-json\/wp\/v2\/users\/1"}],"replies":[{"embeddable":true,"href":"https:\/\/numerabilis.u-paris.fr\/medica\/blog\/index.php\/wp-json\/wp\/v2\/comments?post=685"}],"version-history":[{"count":20,"href":"https:\/\/numerabilis.u-paris.fr\/medica\/blog\/index.php\/wp-json\/wp\/v2\/posts\/685\/revisions"}],"predecessor-version":[{"id":857,"href":"https:\/\/numerabilis.u-paris.fr\/medica\/blog\/index.php\/wp-json\/wp\/v2\/posts\/685\/revisions\/857"}],"wp:featuredmedia":[{"embeddable":true,"href":"https:\/\/numerabilis.u-paris.fr\/medica\/blog\/index.php\/wp-json\/wp\/v2\/media\/815"}],"wp:attachment":[{"href":"https:\/\/numerabilis.u-paris.fr\/medica\/blog\/index.php\/wp-json\/wp\/v2\/media?parent=685"}],"wp:term":[{"taxonomy":"category","embeddable":true,"href":"https:\/\/numerabilis.u-paris.fr\/medica\/blog\/index.php\/wp-json\/wp\/v2\/categories?post=685"},{"taxonomy":"post_tag","embeddable":true,"href":"https:\/\/numerabilis.u-paris.fr\/medica\/blog\/index.php\/wp-json\/wp\/v2\/tags?post=685"}],"curies":[{"name":"wp","href":"https:\/\/api.w.org\/{rel}","templated":true}]}}